{"id":94419,"date":"2019-11-09T13:34:07","date_gmt":"2019-11-09T10:34:07","guid":{"rendered":"http:\/\/arantv.az\/?p=94419"},"modified":"2019-11-09T13:34:07","modified_gmt":"2019-11-09T10:34:07","slug":"baki-dovl%c9%99t-universiteti-bu-gun-foto","status":"publish","type":"post","link":"https:\/\/arantv.az\/?p=94419","title":{"rendered":"Bak\u0131 D\u00f6vl\u0259t Universiteti bu g\u00fcn &#8211; FOTO"},"content":{"rendered":"<p>Noyabr\u0131n 9-u Az\u0259rbaycanda D\u00f6vl\u0259t Bayra\u011f\u0131 G\u00fcn\u00fcd\u00fcr.<\/p>\n<p><b>ARANTV.AZ\u00a0<\/b>\u00a0x\u0259b\u0259r verir ki, bununla ba\u011fl\u0131 Az\u0259rbaycanda minl\u0259rl\u0259 insan ya\u015fad\u0131\u011f\u0131 evi, binan\u0131, \u00e7al\u0131\u015fd\u0131\u011f\u0131 m\u00fc\u0259ss\u0259ni bayraqla b\u0259z\u0259yib. Bak\u0131 D\u00f6vl\u0259t Universiteti d\u0259 bayraqla b\u0259zdil\u0259n t\u0259hsil olacaqlar\u0131ndan biridir. B\u00f6y\u00fck z\u00f6vql\u0259 b\u0259z\u0259dilmi\u015f binan\u0131n fotosu sosial \u015f\u0259b\u0259k\u0259l\u0259rd\u0259 yay\u0131l\u0131b. \u0130zl\u0259yicil\u0259r bu add\u0131m\u0131 t\u0259qdir\u0259layiq hesab edib.<\/p>\n<p>Qeyd ed\u0259k ki, 2009-cu il noyabr\u0131n 17-d\u0259 Prezident \u0130lham \u018fliyev \u201cAz\u0259rbaycan Respublikas\u0131n\u0131n D\u00f6vl\u0259t Bayra\u011f\u0131 G\u00fcn\u00fcn\u00fcn t\u0259sis edilm\u0259si haqq\u0131nda\u201d S\u0259r\u0259ncam imzalay\u0131b. H\u0259min il dekabr\u0131n 4-d\u0259 is\u0259 Milli M\u0259clis noyabr\u0131n 9-nu D\u00f6vl\u0259t Bayra\u011f\u0131 G\u00fcn\u00fc kimi r\u0259smil\u0259\u015fdirib.<\/p>\n<p>Fotonu t\u0259qdim edirik:<\/p>\n<p><img class=\"imgbcodecent\" src=\"https:\/\/upload.az\/foto\/arxiv\/74673168_547868452691987_799800513272794.jpg\" alt=\"Bak\u0131 D\u00f6vl\u0259t Universiteti bu g\u00fcn - FOTO\" \/><\/p>\n<p>big.az<\/p>\n","protected":false},"excerpt":{"rendered":"<p>Noyabr\u0131n 9-u Az\u0259rbaycanda D\u00f6vl\u0259t Bayra\u011f\u0131 G\u00fcn\u00fcd\u00fcr. ARANTV.AZ\u00a0\u00a0x\u0259b\u0259r verir ki, bununla ba\u011fl\u0131 Az\u0259rbaycanda minl\u0259rl\u0259 insan ya\u015fad\u0131\u011f\u0131 evi, binan\u0131, \u00e7al\u0131\u015fd\u0131\u011f\u0131 m\u00fc\u0259ss\u0259ni bayraqla b\u0259z\u0259yib. Bak\u0131 D\u00f6vl\u0259t Universiteti d\u0259 bayraqla b\u0259zdil\u0259n t\u0259hsil olacaqlar\u0131ndan biridir. B\u00f6y\u00fck z\u00f6vql\u0259 b\u0259z\u0259dilmi\u015f binan\u0131n fotosu sosial \u015f\u0259b\u0259k\u0259l\u0259rd\u0259 yay\u0131l\u0131b. \u0130zl\u0259yicil\u0259r bu add\u0131m\u0131 t\u0259qdir\u0259layiq hesab edib. Qeyd ed\u0259k ki, 2009-cu il noyabr\u0131n 17-d\u0259 Prezident \u0130lham \u018fliyev \u201cAz\u0259rbaycan Respublikas\u0131n\u0131n D\u00f6vl\u0259t Bayra\u011f\u0131 G\u00fcn\u00fcn\u00fcn t\u0259sis edilm\u0259si haqq\u0131nda\u201d S\u0259r\u0259ncam imzalay\u0131b. H\u0259min il dekabr\u0131n 4-d\u0259 is\u0259 Milli M\u0259clis noyabr\u0131n 9-nu D\u00f6vl\u0259t Bayra\u011f\u0131 G\u00fcn\u00fc kimi r\u0259smil\u0259\u015fdirib. Fotonu t\u0259qdim edirik: big.az<\/p>\n","protected":false},"author":2,"featured_media":94420,"comment_status":"closed","ping_status":"closed","sticky":false,"template":"","format":"standard","meta":{"om_disable_all_campaigns":false,"_monsterinsights_skip_tracking":false,"_monsterinsights_sitenote_active":false,"_monsterinsights_sitenote_note":"","_monsterinsights_sitenote_category":0},"categories":[1],"tags":[],"aioseo_notices":[],"gutentor_comment":0,"rttpg_featured_image_url":{"full":["https:\/\/arantv.az\/wp-content\/uploads\/2019\/11\/Snimok_11573293503.jpg",513,299,false],"landscape":["https:\/\/arantv.az\/wp-content\/uploads\/2019\/11\/Snimok_11573293503.jpg",513,299,false],"portraits":["https:\/\/arantv.az\/wp-content\/uploads\/2019\/11\/Snimok_11573293503.jpg",513,299,false],"thumbnail":["https:\/\/arantv.az\/wp-content\/uploads\/2019\/11\/Snimok_11573293503-150x150.jpg",150,150,true],"medium":["https:\/\/arantv.az\/wp-content\/uploads\/2019\/11\/Snimok_11573293503-300x175.jpg",300,175,true],"large":["https:\/\/arantv.az\/wp-content\/uploads\/2019\/11\/Snimok_11573293503.jpg",513,299,false],"1536x1536":["https:\/\/arantv.az\/wp-content\/uploads\/2019\/11\/Snimok_11573293503.jpg",513,299,false],"2048x2048":["https:\/\/arantv.az\/wp-content\/uploads\/2019\/11\/Snimok_11573293503.jpg",513,299,false],"post-thumbnail":["https:\/\/arantv.az\/wp-content\/uploads\/2019\/11\/Snimok_11573293503-240x172.jpg",240,172,true],"advps-thumb-one":["https:\/\/arantv.az\/wp-content\/uploads\/2019\/11\/Snimok_11573293503.jpg",513,299,false]},"rttpg_author":{"display_name":"V\u00fcsal Rafiqo\u011flu","author_link":"https:\/\/arantv.az\/?author=2"},"rttpg_comment":0,"rttpg_category":"<a href=\"https:\/\/arantv.az\/?cat=1\" rel=\"category\">C\u0259miyy\u0259t<\/a>","rttpg_excerpt":"Noyabr\u0131n 9-u Az\u0259rbaycanda D\u00f6vl\u0259t Bayra\u011f\u0131 G\u00fcn\u00fcd\u00fcr. ARANTV.AZ\u00a0\u00a0x\u0259b\u0259r verir ki, bununla ba\u011fl\u0131 Az\u0259rbaycanda minl\u0259rl\u0259 insan ya\u015fad\u0131\u011f\u0131 evi, binan\u0131, \u00e7al\u0131\u015fd\u0131\u011f\u0131 m\u00fc\u0259ss\u0259ni bayraqla b\u0259z\u0259yib. Bak\u0131 D\u00f6vl\u0259t Universiteti d\u0259 bayraqla b\u0259zdil\u0259n t\u0259hsil olacaqlar\u0131ndan biridir. B\u00f6y\u00fck z\u00f6vql\u0259 b\u0259z\u0259dilmi\u015f binan\u0131n fotosu sosial \u015f\u0259b\u0259k\u0259l\u0259rd\u0259 yay\u0131l\u0131b. \u0130zl\u0259yicil\u0259r bu add\u0131m\u0131 t\u0259qdir\u0259layiq hesab edib. Qeyd ed\u0259k ki, 2009-cu il noyabr\u0131n 17-d\u0259 Prezident \u0130lham \u018fliyev \u201cAz\u0259rbaycan&hellip;","_links":{"self":[{"href":"https:\/\/arantv.az\/index.php?rest_route=\/wp\/v2\/posts\/94419"}],"collection":[{"href":"https:\/\/arantv.az\/index.php?rest_route=\/wp\/v2\/posts"}],"about":[{"href":"https:\/\/arantv.az\/index.php?rest_route=\/wp\/v2\/types\/post"}],"author":[{"embeddable":true,"href":"https:\/\/arantv.az\/index.php?rest_route=\/wp\/v2\/users\/2"}],"replies":[{"embeddable":true,"href":"https:\/\/arantv.az\/index.php?rest_route=%2Fwp%2Fv2%2Fcomments&post=94419"}],"version-history":[{"count":0,"href":"https:\/\/arantv.az\/index.php?rest_route=\/wp\/v2\/posts\/94419\/revisions"}],"wp:featuredmedia":[{"embeddable":true,"href":"https:\/\/arantv.az\/index.php?rest_route=\/wp\/v2\/media\/94420"}],"wp:attachment":[{"href":"https:\/\/arantv.az\/index.php?rest_route=%2Fwp%2Fv2%2Fmedia&parent=94419"}],"wp:term":[{"taxonomy":"category","embeddable":true,"href":"https:\/\/arantv.az\/index.php?rest_route=%2Fwp%2Fv2%2Fcategories&post=94419"},{"taxonomy":"post_tag","embeddable":true,"href":"https:\/\/arantv.az\/index.php?rest_route=%2Fwp%2Fv2%2Ftags&post=94419"}],"curies":[{"name":"wp","href":"https:\/\/api.w.org\/{rel}","templated":true}]}}