{"id":94471,"date":"2019-11-09T15:06:33","date_gmt":"2019-11-09T12:06:33","guid":{"rendered":"http:\/\/arantv.az\/?p=94471"},"modified":"2019-11-09T15:06:33","modified_gmt":"2019-11-09T12:06:33","slug":"yenil%c9%99n%c9%99n-iqtisadi-modelin-inkisafi-ucun-n%c9%99qliyyat-layih%c9%99l%c9%99ri-%c9%99h%c9%99miyy%c9%99tli-rol-oynamaga-baslayir-deputat","status":"publish","type":"post","link":"https:\/\/arantv.az\/?p=94471","title":{"rendered":"Yenil\u0259n\u0259n iqtisadi modelin inki\u015faf\u0131 \u00fc\u00e7\u00fcn n\u0259qliyyat layih\u0259l\u0259ri \u0259h\u0259miyy\u0259tli rol oynama\u011fa ba\u015flay\u0131r &#8211; Deputat"},"content":{"rendered":"<p><strong>Yenil\u0259n\u0259n iqtisadi modelin inki\u015faf\u0131 \u00fc\u00e7\u00fcn n\u0259qliyyat layih\u0259l\u0259ri \u0259h\u0259miyy\u0259tli rol oynama\u011fa ba\u015flay\u0131r.<\/strong><\/p>\n<p><strong>ARANTV.AZ<\/strong>\u00a0 bildirir ki, bunu\u00a0<a href=\"http:\/\/az.trend.az\/\" target=\"_blank\" rel=\"noopener\">Trend<\/a>-\u0259\u00a0Milli M\u0259clisin deputat\u0131 \u0130lham M\u0259mm\u0259dov deyib.<\/p>\n<p>Onun s\u00f6zl\u0259rin\u0259 g\u00f6r\u0259, beyn\u0259lxalq n\u0259qliyyat layih\u0259l\u0259ri \u00f6lk\u0259l\u0259r v\u0259 xalqlar aras\u0131nda \u0259m\u0259kda\u015fl\u0131\u011f\u0131n m\u00f6hk\u0259ml\u0259ndirilm\u0259sin\u0259 xidm\u0259t edir.<\/p>\n<p>Milli M\u0259clis \u00fczv\u00fc \u0259lav\u0259 edib ki, &#8220;Bir k\u0259m\u0259r, bir yol&#8221; t\u0259\u015f\u0259bb\u00fcs\u00fc n\u0259qliyyat sah\u0259sind\u0259 yeni imkanlar a\u00e7maqla yana\u015f\u0131, ticar\u0259ti, turizmi, xalqlar aras\u0131nda t\u0259maslar\u0131 t\u0259\u015fviq edir v\u0259 Avrasiya m\u0259kan\u0131nda sabitliyin, t\u0259hl\u00fck\u0259sizliyin v\u0259 s\u00fclh\u00fcn b\u0259rq\u0259rar olmas\u0131 i\u015fin\u0259 xidm\u0259t g\u00f6st\u0259rir:<\/p>\n<p>&#8220;\u00c7inin beyn\u0259lxalq m\u00fcnasib\u0259tl\u0259r sistemind\u0259 artan rolu, yeni regionlara \u00e7\u0131x\u0131\u015f \u0259ld\u0259 ed\u0259r\u0259k iddial\u0131 iqtisadi layih\u0259l\u0259r h\u0259yata ke\u00e7irm\u0259sind\u0259 \u00f6z\u00fcn\u00fc b\u00fcruz\u0259 verir. Tarixi \u0130p\u0259k Yolunun yenid\u0259n b\u0259rpas\u0131na h\u0259d\u0259fl\u0259n\u0259n &#8220;Bir k\u0259m\u0259r, bir yol&#8221; (One Road One Belt) layih\u0259si, \u00c7in m\u0259hsullar\u0131n\u0131n bir ne\u00e7\u0259 istiqam\u0259td\u0259 q\u0259rb bazarlar\u0131na \u00e7\u0131xar\u0131lmas\u0131n\u0131 t\u0259min ed\u0259r\u0259k, r\u0259smi Pekinin d\u00fcnya iqtisadiyyat\u0131nda dominantl\u0131\u011f\u0131n\u0131 g\u00fccl\u0259ndirm\u0259k m\u0259qs\u0259di da\u015f\u0131y\u0131r. Layih\u0259nin d\u0259hlizi M\u0259rk\u0259zi Asiya &#8211; C\u0259nubi Qafqaz regionundan ke\u00e7diyi \u00fc\u00e7\u00fcn, &#8220;Bir k\u0259m\u0259r, bir yol&#8221; \u00e7\u0259r\u00e7iv\u0259sind\u0259 Az\u0259rbaycan\u0131n \u00f6n\u0259mi t\u0259bii olaraq, n\u0259z\u0259rd\u0259n yay\u0131na bilm\u0259z&#8221;.<\/p>\n<p>\u0130.M\u0259mm\u0259dov \u0259lav\u0259 edib ki, d\u00fcnyan\u0131n \u0259n b\u00f6y\u00fck ixracat\u00e7\u0131s\u0131 v\u0259 ikinci idxal\u00e7\u0131 \u00f6lk\u0259si olan \u00c7in \u00f6z\u00fcn\u00fcn xarici ticari-iqtisadi \u0259laq\u0259l\u0259rini daha da d\u0259rinl\u0259\u015fdirm\u0259kd\u0259n \u00f6tr\u00fc ir\u0259li s\u00fcrd\u00fcy\u00fc &#8220;Bir k\u0259m\u0259r, bir yol&#8221; strategiyas\u0131 Az\u0259rbaycan \u00fc\u00e7\u00fcn d\u0259 yeni \u0259m\u0259kda\u015fl\u0131q imkanlar\u0131 yarad\u0131r: &#8220;Az\u0259rbaycan \u00c7inin bu yeni t\u0259\u015f\u0259bb\u00fcs\u00fcn\u00fcn \u0259m\u0259kda\u015fl\u0131q, birg\u0259 inki\u015faf \u00fc\u00e7\u00fcn yaratd\u0131\u011f\u0131 imkanlar\u0131 d\u00fczg\u00fcn qiym\u0259tl\u0259ndir\u0259n, strategiyan\u0131 d\u0259st\u0259kl\u0259y\u0259n ilk \u00f6lk\u0259l\u0259rd\u0259n biri olub. Az\u0259rbaycan Prezidenti \u0130lham \u018fliyevin 2015-ci ilin dekabr\u0131nda \u00c7in\u0259 s\u0259f\u0259ri zaman\u0131 &#8220;Bir k\u0259m\u0259r, bir yol&#8221; strategiyas\u0131n\u0131n t\u0259rkib hiss\u0259si olan &#8220;\u0130p\u0259k yolu iqtisadi&#8221; k\u0259m\u0259rinin yarad\u0131lmas\u0131n\u0131n birg\u0259 t\u0259\u015fviqin\u0259 dair Anla\u015fma Memorandumu imzalanm\u0131\u015fd\u0131.<\/p>\n<p>Deputat\u0131n s\u00f6zl\u0259rin\u0259 g\u00f6r\u0259, Az\u0259rbaycan r\u0259smil\u0259ri m\u00fcxt\u0259lif g\u00f6r\u00fc\u015fl\u0259rd\u0259 v\u0259 beyn\u0259lxalq t\u0259dbirl\u0259rd\u0259 \u00f6lk\u0259mizin bu t\u0259\u015f\u0259bb\u00fcs\u0259 t\u0259kc\u0259 siyasi d\u0259st\u0259k verm\u0259kl\u0259 kifay\u0259tl\u0259nm\u0259diyini, el\u0259c\u0259 d\u0259 onun icras\u0131na \u00f6z\u00fcn\u00fcn iqtisadi potensial\u0131 v\u0259 n\u0259qliyyat-tranzit imkanlar\u0131 il\u0259 \u0259m\u0259li t\u00f6hf\u0259l\u0259r verm\u0259y\u0259 haz\u0131r oldu\u011funu d\u0259f\u0259l\u0259rl\u0259 b\u0259yan edibl\u0259r.<\/p>\n<p>Qeyd ed\u0259k ki, \u00c7ind\u0259n Avropaya Bak\u0131-Tbilisi-Qars d\u0259mir yolu vasit\u0259sil\u0259 h\u0259r\u0259k\u0259t ed\u0259n &#8220;China Railway Express&#8221; y\u00fck qatar\u0131 art\u0131q \u0130stanbulu da ke\u00e7\u0259r\u0259k Marmara tuneli vasit\u0259sil\u0259 Avropada h\u0259r\u0259k\u0259t etm\u0259kd\u0259dir.<\/p>\n","protected":false},"excerpt":{"rendered":"<p>Yenil\u0259n\u0259n iqtisadi modelin inki\u015faf\u0131 \u00fc\u00e7\u00fcn n\u0259qliyyat layih\u0259l\u0259ri \u0259h\u0259miyy\u0259tli rol oynama\u011fa ba\u015flay\u0131r. ARANTV.AZ\u00a0 bildirir ki, bunu\u00a0Trend-\u0259\u00a0Milli M\u0259clisin deputat\u0131 \u0130lham M\u0259mm\u0259dov deyib. Onun s\u00f6zl\u0259rin\u0259 g\u00f6r\u0259, beyn\u0259lxalq n\u0259qliyyat layih\u0259l\u0259ri \u00f6lk\u0259l\u0259r v\u0259 xalqlar aras\u0131nda \u0259m\u0259kda\u015fl\u0131\u011f\u0131n m\u00f6hk\u0259ml\u0259ndirilm\u0259sin\u0259 xidm\u0259t edir. Milli M\u0259clis \u00fczv\u00fc \u0259lav\u0259 edib ki, &#8220;Bir k\u0259m\u0259r, bir yol&#8221; t\u0259\u015f\u0259bb\u00fcs\u00fc n\u0259qliyyat sah\u0259sind\u0259 yeni imkanlar a\u00e7maqla yana\u015f\u0131, ticar\u0259ti, turizmi, xalqlar aras\u0131nda t\u0259maslar\u0131 t\u0259\u015fviq edir v\u0259 Avrasiya m\u0259kan\u0131nda sabitliyin, t\u0259hl\u00fck\u0259sizliyin v\u0259 s\u00fclh\u00fcn b\u0259rq\u0259rar olmas\u0131 i\u015fin\u0259 xidm\u0259t g\u00f6st\u0259rir: &#8220;\u00c7inin beyn\u0259lxalq m\u00fcnasib\u0259tl\u0259r sistemind\u0259 artan rolu, yeni regionlara \u00e7\u0131x\u0131\u015f \u0259ld\u0259 ed\u0259r\u0259k iddial\u0131 iqtisadi layih\u0259l\u0259r h\u0259yata ke\u00e7irm\u0259sind\u0259 \u00f6z\u00fcn\u00fc b\u00fcruz\u0259 verir. Tarixi&hellip;<\/p>\n","protected":false},"author":2,"featured_media":94472,"comment_status":"closed","ping_status":"closed","sticky":false,"template":"","format":"standard","meta":{"om_disable_all_campaigns":false,"_monsterinsights_skip_tracking":false,"_monsterinsights_sitenote_active":false,"_monsterinsights_sitenote_note":"","_monsterinsights_sitenote_category":0},"categories":[4],"tags":[],"aioseo_notices":[],"gutentor_comment":0,"rttpg_featured_image_url":{"full":["https:\/\/arantv.az\/wp-content\/uploads\/2019\/11\/801087.png",620,324,false],"landscape":["https:\/\/arantv.az\/wp-content\/uploads\/2019\/11\/801087.png",620,324,false],"portraits":["https:\/\/arantv.az\/wp-content\/uploads\/2019\/11\/801087.png",620,324,false],"thumbnail":["https:\/\/arantv.az\/wp-content\/uploads\/2019\/11\/801087-150x150.png",150,150,true],"medium":["https:\/\/arantv.az\/wp-content\/uploads\/2019\/11\/801087-300x157.png",300,157,true],"large":["https:\/\/arantv.az\/wp-content\/uploads\/2019\/11\/801087.png",620,324,false],"1536x1536":["https:\/\/arantv.az\/wp-content\/uploads\/2019\/11\/801087.png",620,324,false],"2048x2048":["https:\/\/arantv.az\/wp-content\/uploads\/2019\/11\/801087.png",620,324,false],"post-thumbnail":["https:\/\/arantv.az\/wp-content\/uploads\/2019\/11\/801087-240x172.png",240,172,true],"advps-thumb-one":["https:\/\/arantv.az\/wp-content\/uploads\/2019\/11\/801087.png",620,324,false]},"rttpg_author":{"display_name":"V\u00fcsal Rafiqo\u011flu","author_link":"https:\/\/arantv.az\/?author=2"},"rttpg_comment":0,"rttpg_category":"<a href=\"https:\/\/arantv.az\/?cat=4\" rel=\"category\">Siyas\u0259t<\/a>","rttpg_excerpt":"Yenil\u0259n\u0259n iqtisadi modelin inki\u015faf\u0131 \u00fc\u00e7\u00fcn n\u0259qliyyat layih\u0259l\u0259ri \u0259h\u0259miyy\u0259tli rol oynama\u011fa ba\u015flay\u0131r. ARANTV.AZ\u00a0 bildirir ki, bunu\u00a0Trend-\u0259\u00a0Milli M\u0259clisin deputat\u0131 \u0130lham M\u0259mm\u0259dov deyib. Onun s\u00f6zl\u0259rin\u0259 g\u00f6r\u0259, beyn\u0259lxalq n\u0259qliyyat layih\u0259l\u0259ri \u00f6lk\u0259l\u0259r v\u0259 xalqlar aras\u0131nda \u0259m\u0259kda\u015fl\u0131\u011f\u0131n m\u00f6hk\u0259ml\u0259ndirilm\u0259sin\u0259 xidm\u0259t edir. Milli M\u0259clis \u00fczv\u00fc \u0259lav\u0259 edib ki, &#8220;Bir k\u0259m\u0259r, bir yol&#8221; t\u0259\u015f\u0259bb\u00fcs\u00fc n\u0259qliyyat sah\u0259sind\u0259 yeni imkanlar a\u00e7maqla yana\u015f\u0131, ticar\u0259ti, turizmi, xalqlar aras\u0131nda&hellip;","_links":{"self":[{"href":"https:\/\/arantv.az\/index.php?rest_route=\/wp\/v2\/posts\/94471"}],"collection":[{"href":"https:\/\/arantv.az\/index.php?rest_route=\/wp\/v2\/posts"}],"about":[{"href":"https:\/\/arantv.az\/index.php?rest_route=\/wp\/v2\/types\/post"}],"author":[{"embeddable":true,"href":"https:\/\/arantv.az\/index.php?rest_route=\/wp\/v2\/users\/2"}],"replies":[{"embeddable":true,"href":"https:\/\/arantv.az\/index.php?rest_route=%2Fwp%2Fv2%2Fcomments&post=94471"}],"version-history":[{"count":0,"href":"https:\/\/arantv.az\/index.php?rest_route=\/wp\/v2\/posts\/94471\/revisions"}],"wp:featuredmedia":[{"embeddable":true,"href":"https:\/\/arantv.az\/index.php?rest_route=\/wp\/v2\/media\/94472"}],"wp:attachment":[{"href":"https:\/\/arantv.az\/index.php?rest_route=%2Fwp%2Fv2%2Fmedia&parent=94471"}],"wp:term":[{"taxonomy":"category","embeddable":true,"href":"https:\/\/arantv.az\/index.php?rest_route=%2Fwp%2Fv2%2Fcategories&post=94471"},{"taxonomy":"post_tag","embeddable":true,"href":"https:\/\/arantv.az\/index.php?rest_route=%2Fwp%2Fv2%2Ftags&post=94471"}],"curies":[{"name":"wp","href":"https:\/\/api.w.org\/{rel}","templated":true}]}}