{"id":94503,"date":"2019-11-09T15:41:45","date_gmt":"2019-11-09T12:41:45","guid":{"rendered":"http:\/\/arantv.az\/?p=94503"},"modified":"2019-11-09T15:41:45","modified_gmt":"2019-11-09T12:41:45","slug":"30-gun-t%c9%99cavuz-edilir-qacmaq-ist%c9%99y%c9%99nl%c9%99r-edam-olunur-terrorculardan-d%c9%99hs%c9%99tli-%c9%99m%c9%99l","status":"publish","type":"post","link":"https:\/\/arantv.az\/?p=94503","title":{"rendered":"30 g\u00fcn t\u0259cav\u00fcz edilir, qa\u00e7maq ist\u0259y\u0259nl\u0259r edam olunur &#8211; Terror\u00e7ulardan d\u0259h\u015f\u0259tli \u0259m\u0259l"},"content":{"rendered":"<p>Son \u00fc\u00e7 ild\u0259 PKK-YPG-PYD terror t\u0259\u015fkilat\u0131n\u0131n qa\u00e7\u0131rd\u0131\u011f\u0131 qad\u0131nlardan 1150-si qa\u00e7ma\u011fa nail olub.<\/p>\n<p>Bununla ba\u011fl\u0131\u00a0<a href=\"https:\/\/www.yenisafak.com\/gundem\/pkkya-katilan-kadin-teroristler-ilk-30-gun-icinde-tecavuze-ugruyor-3406621\" target=\"_blank\" rel=\"noopener\">\u201cYeni \u015eafak\u201d<\/a>\u00a0q\u0259zeti m\u0259lumat yay\u0131b.<\/p>\n<p>Terror t\u0259\u015fkilat\u0131ndan xilas olan qad\u0131nlar ba\u015flar\u0131na a\u00e7\u0131lan oyunlar\u0131 dan\u0131\u015f\u0131blar. Onlar\u0131n s\u00f6zl\u0259rin\u0259 g\u00f6r\u0259, qa\u00e7\u0131r\u0131lan q\u0131z u\u015faqlar\u0131 v\u0259 qad\u0131nlara qar\u015f\u0131 insanl\u0131qdan k\u0259nar h\u0259r\u0259k\u0259tl\u0259r edilir.<\/p>\n<p>M\u0259lumatlara g\u00f6r\u0259, bu g\u00fcn\u0259 q\u0259d\u0259r terror\u00e7ular t\u0259r\u0259find\u0259n qa\u00e7\u0131r\u0131lan qad\u0131nlar\u0131n 79 faizi 15-22 ya\u015f aras\u0131nda olub.<\/p>\n<p>Terror\u00e7ular\u0131n qurbanlar\u0131 bildiribl\u0259r ki, qa\u00e7\u0131r\u0131ld\u0131qdan sonra Kandil\u0259 apar\u0131l\u0131blar v\u0259 30 g\u00fcn m\u00fcdd\u0259tind\u0259 burada t\u0259cav\u00fcz\u0259 m\u0259ruz qal\u0131blar. Buradan qa\u00e7maq ist\u0259y\u0259nl\u0259r\u0259 is\u0259 \u201ccasus\u201d dam\u011fas\u0131 vurulub v\u0259 edam edilibl\u0259r.<\/p>\n<p>Onlar terror\u00e7ular t\u0259r\u0259find\u0259n son be\u015f ild\u0259 s\u0259kkiz qad\u0131n\u0131n edam edildiyini, 11 qad\u0131n\u0131n is\u0259 intihar etdiyini qeyd edibl\u0259r.<\/p>\n<p>Hamil\u0259 olan qad\u0131nlar\u0131n is\u0259 daha b\u00f6y\u00fck i\u015fg\u0259nc\u0259 g\u00f6r\u00fcrl\u0259r. Onlar\u0131n hamil\u0259liyi zorla sonland\u0131r\u0131l\u0131r.<\/p>\n","protected":false},"excerpt":{"rendered":"<p>Son \u00fc\u00e7 ild\u0259 PKK-YPG-PYD terror t\u0259\u015fkilat\u0131n\u0131n qa\u00e7\u0131rd\u0131\u011f\u0131 qad\u0131nlardan 1150-si qa\u00e7ma\u011fa nail olub. Bununla ba\u011fl\u0131\u00a0\u201cYeni \u015eafak\u201d\u00a0q\u0259zeti m\u0259lumat yay\u0131b. Terror t\u0259\u015fkilat\u0131ndan xilas olan qad\u0131nlar ba\u015flar\u0131na a\u00e7\u0131lan oyunlar\u0131 dan\u0131\u015f\u0131blar. Onlar\u0131n s\u00f6zl\u0259rin\u0259 g\u00f6r\u0259, qa\u00e7\u0131r\u0131lan q\u0131z u\u015faqlar\u0131 v\u0259 qad\u0131nlara qar\u015f\u0131 insanl\u0131qdan k\u0259nar h\u0259r\u0259k\u0259tl\u0259r edilir. M\u0259lumatlara g\u00f6r\u0259, bu g\u00fcn\u0259 q\u0259d\u0259r terror\u00e7ular t\u0259r\u0259find\u0259n qa\u00e7\u0131r\u0131lan qad\u0131nlar\u0131n 79 faizi 15-22 ya\u015f aras\u0131nda olub. Terror\u00e7ular\u0131n qurbanlar\u0131 bildiribl\u0259r ki, qa\u00e7\u0131r\u0131ld\u0131qdan sonra Kandil\u0259 apar\u0131l\u0131blar v\u0259 30 g\u00fcn m\u00fcdd\u0259tind\u0259 burada t\u0259cav\u00fcz\u0259 m\u0259ruz qal\u0131blar. Buradan qa\u00e7maq ist\u0259y\u0259nl\u0259r\u0259 is\u0259 \u201ccasus\u201d dam\u011fas\u0131 vurulub v\u0259 edam edilibl\u0259r. Onlar terror\u00e7ular t\u0259r\u0259find\u0259n son be\u015f ild\u0259 s\u0259kkiz qad\u0131n\u0131n edam edildiyini,&hellip;<\/p>\n","protected":false},"author":2,"featured_media":94504,"comment_status":"closed","ping_status":"closed","sticky":false,"template":"","format":"standard","meta":{"om_disable_all_campaigns":false,"_monsterinsights_skip_tracking":false,"_monsterinsights_sitenote_active":false,"_monsterinsights_sitenote_note":"","_monsterinsights_sitenote_category":0},"categories":[7],"tags":[],"aioseo_notices":[],"gutentor_comment":0,"rttpg_featured_image_url":{"full":["https:\/\/arantv.az\/wp-content\/uploads\/2019\/11\/5bc03e2766a97c57cc0057cf-Pzcq.jpg",620,350,false],"landscape":["https:\/\/arantv.az\/wp-content\/uploads\/2019\/11\/5bc03e2766a97c57cc0057cf-Pzcq.jpg",620,350,false],"portraits":["https:\/\/arantv.az\/wp-content\/uploads\/2019\/11\/5bc03e2766a97c57cc0057cf-Pzcq.jpg",620,350,false],"thumbnail":["https:\/\/arantv.az\/wp-content\/uploads\/2019\/11\/5bc03e2766a97c57cc0057cf-Pzcq-150x150.jpg",150,150,true],"medium":["https:\/\/arantv.az\/wp-content\/uploads\/2019\/11\/5bc03e2766a97c57cc0057cf-Pzcq-300x169.jpg",300,169,true],"large":["https:\/\/arantv.az\/wp-content\/uploads\/2019\/11\/5bc03e2766a97c57cc0057cf-Pzcq.jpg",620,350,false],"1536x1536":["https:\/\/arantv.az\/wp-content\/uploads\/2019\/11\/5bc03e2766a97c57cc0057cf-Pzcq.jpg",620,350,false],"2048x2048":["https:\/\/arantv.az\/wp-content\/uploads\/2019\/11\/5bc03e2766a97c57cc0057cf-Pzcq.jpg",620,350,false],"post-thumbnail":["https:\/\/arantv.az\/wp-content\/uploads\/2019\/11\/5bc03e2766a97c57cc0057cf-Pzcq-240x172.jpg",240,172,true],"advps-thumb-one":["https:\/\/arantv.az\/wp-content\/uploads\/2019\/11\/5bc03e2766a97c57cc0057cf-Pzcq.jpg",620,350,false]},"rttpg_author":{"display_name":"V\u00fcsal Rafiqo\u011flu","author_link":"https:\/\/arantv.az\/?author=2"},"rttpg_comment":0,"rttpg_category":"<a href=\"https:\/\/arantv.az\/?cat=7\" rel=\"category\">D\u00fcnya<\/a>","rttpg_excerpt":"Son \u00fc\u00e7 ild\u0259 PKK-YPG-PYD terror t\u0259\u015fkilat\u0131n\u0131n qa\u00e7\u0131rd\u0131\u011f\u0131 qad\u0131nlardan 1150-si qa\u00e7ma\u011fa nail olub. Bununla ba\u011fl\u0131\u00a0\u201cYeni \u015eafak\u201d\u00a0q\u0259zeti m\u0259lumat yay\u0131b. Terror t\u0259\u015fkilat\u0131ndan xilas olan qad\u0131nlar ba\u015flar\u0131na a\u00e7\u0131lan oyunlar\u0131 dan\u0131\u015f\u0131blar. Onlar\u0131n s\u00f6zl\u0259rin\u0259 g\u00f6r\u0259, qa\u00e7\u0131r\u0131lan q\u0131z u\u015faqlar\u0131 v\u0259 qad\u0131nlara qar\u015f\u0131 insanl\u0131qdan k\u0259nar h\u0259r\u0259k\u0259tl\u0259r edilir. M\u0259lumatlara g\u00f6r\u0259, bu g\u00fcn\u0259 q\u0259d\u0259r terror\u00e7ular t\u0259r\u0259find\u0259n qa\u00e7\u0131r\u0131lan qad\u0131nlar\u0131n 79 faizi 15-22 ya\u015f aras\u0131nda olub. Terror\u00e7ular\u0131n&hellip;","_links":{"self":[{"href":"https:\/\/arantv.az\/index.php?rest_route=\/wp\/v2\/posts\/94503"}],"collection":[{"href":"https:\/\/arantv.az\/index.php?rest_route=\/wp\/v2\/posts"}],"about":[{"href":"https:\/\/arantv.az\/index.php?rest_route=\/wp\/v2\/types\/post"}],"author":[{"embeddable":true,"href":"https:\/\/arantv.az\/index.php?rest_route=\/wp\/v2\/users\/2"}],"replies":[{"embeddable":true,"href":"https:\/\/arantv.az\/index.php?rest_route=%2Fwp%2Fv2%2Fcomments&post=94503"}],"version-history":[{"count":0,"href":"https:\/\/arantv.az\/index.php?rest_route=\/wp\/v2\/posts\/94503\/revisions"}],"wp:featuredmedia":[{"embeddable":true,"href":"https:\/\/arantv.az\/index.php?rest_route=\/wp\/v2\/media\/94504"}],"wp:attachment":[{"href":"https:\/\/arantv.az\/index.php?rest_route=%2Fwp%2Fv2%2Fmedia&parent=94503"}],"wp:term":[{"taxonomy":"category","embeddable":true,"href":"https:\/\/arantv.az\/index.php?rest_route=%2Fwp%2Fv2%2Fcategories&post=94503"},{"taxonomy":"post_tag","embeddable":true,"href":"https:\/\/arantv.az\/index.php?rest_route=%2Fwp%2Fv2%2Ftags&post=94503"}],"curies":[{"name":"wp","href":"https:\/\/api.w.org\/{rel}","templated":true}]}}