{"id":94507,"date":"2019-11-09T15:44:04","date_gmt":"2019-11-09T12:44:04","guid":{"rendered":"http:\/\/arantv.az\/?p=94507"},"modified":"2019-11-09T15:44:04","modified_gmt":"2019-11-09T12:44:04","slug":"insanlar-hansi-yasda-isd%c9%99n-getm%c9%99lidir-mut%c9%99x%c9%99ssisl%c9%99r-danisir","status":"publish","type":"post","link":"https:\/\/arantv.az\/?p=94507","title":{"rendered":"\u0130nsanlar hans\u0131 ya\u015fda i\u015fd\u0259n getm\u0259lidir? &#8211; M\u00fct\u0259x\u0259ssisl\u0259r dan\u0131\u015f\u0131r"},"content":{"rendered":"<p><strong>&#8220;\u0130nsanlar var ki, 90 ya\u015f\u0131na q\u0259d\u0259r faydal\u0131l\u0131q funksiyalar\u0131 y\u00fcks\u0259k olur v\u0259 c\u0259miyy\u0259td\u0259 xeyli i\u015fl\u0259r g\u00f6r\u0259 bilir. \u0130nsanlar da var ki, 50 ya\u015fdan sonra s\u0131radan \u00e7\u0131x\u0131r. Buna f\u0259rdi olaraq yana\u015f\u0131lmal\u0131d\u0131r&#8221;.<\/strong><\/p>\n<p><strong>ARANTV.AZ<\/strong>\u00a0 x\u0259b\u0259r verir ki, bu s\u00f6zl\u0259ri\u00a0Lent.az-\u0131n suallar\u0131n\u0131 cavablayan professor, ekspert\u00a0<strong>Adil Qeybulla<\/strong>\u00a0deyib. O bildirib ki, \u00fcmumiyy\u0259tl\u0259, insan\u0131n fiziki v\u0259 ruhi sa\u011flaml\u0131\u011f\u0131 bir \u00e7ox faktorlarla ba\u011fl\u0131d\u0131r:<\/p>\n<p>&#8220;\u018fsas\u0259n genetik faktor, el\u0259c\u0259 d\u0259 insan\u0131n ke\u00e7irdiyi h\u0259yat t\u0259rzi, ke\u00e7irdiyi x\u0259st\u0259likl\u0259r v\u0259 s. s\u00f6z\u00fcged\u0259n faktorlara aiddir.<\/p>\n<p>Sad\u0259c\u0259 olaraq ya\u015fl\u0131 adamlar\u0131n \u0259m\u0259k qabiliyy\u0259tl\u0259ri tez a\u015fa\u011f\u0131 d\u00fc\u015f\u00fcr, onlar fiziki bax\u0131mdan el\u0259 d\u0259 aktiv olmurlar v\u0259 g\u0259ncl\u0259r q\u0259d\u0259r \u00e7evik olma\u011f\u0131 bacarm\u0131rlar&#8221;.<\/p>\n<p>A.Qeybulla qeyd edib ki, d\u00fcnyan\u0131n m\u00fcxt\u0259lif \u00f6lk\u0259l\u0259rd\u0259 d\u0259 ya\u015f m\u0259s\u0259l\u0259si nisbi g\u00f6t\u00fcr\u00fcl\u00fcr:<\/p>\n<p>&#8220;M\u0259s\u0259l\u0259n, Ronald Reyqan 70 ya\u015f\u0131na az qala Amerika Birl\u0259\u015fmi\u015f \u015etatlar\u0131n\u0131n prezidenti se\u00e7ildi. H\u0259m\u00e7inin Donald Tramp da 71 ya\u015f\u0131nda 2017-ci ild\u0259 prezident oldu.<\/p>\n<p>D\u00fc\u015f\u00fcn\u00fcr\u0259m ki, bir insan \u00f6z \u0259m\u0259k qabiliyy\u0259tini, intellektual imkanlar\u0131n\u0131 saxlay\u0131rsa v\u0259 kifay\u0259t q\u0259d\u0259r t\u0259cr\u00fcb\u0259y\u0259 malikdirs\u0259, onun i\u015fl\u0259m\u0259si laz\u0131ml\u0131d\u0131r. M\u0259s\u0259l\u0259n, siyasi, el\u0259c\u0259 d\u0259 d\u00f6vl\u0259t \u0259h\u0259miyy\u0259tli v\u0259zif\u0259l\u0259rd\u0259 t\u0259cr\u00fcb\u0259li \u015f\u0259xsl\u0259rd\u0259n istifad\u0259 edilm\u0259lidir ki, u\u011fur qazan\u0131ls\u0131n. Ancaq \u00e7evik i\u015fl\u0259rd\u0259 m\u00fctl\u0259q \u00fcst\u00fcnl\u00fck g\u0259ncl\u0259r\u0259 verilm\u0259lidir&#8221;.<\/p>\n<p>Professor hesab edir ki, c\u0259miyy\u0259t el\u0259 bir formada qurulmal\u0131d\u0131r ki, \u0259m\u0259k qabiliyy\u0259tini itirmi\u015f v\u0259 ya itirm\u0259mi\u015f \u015f\u0259xsl\u0259r \u00f6z\u00fcn\u00fc c\u0259miyy\u0259td\u0259 tapa bilm\u0259li, eyni zamanda h\u0259r birinin sosial m\u00fcdafi\u0259si imkanlar\u0131 m\u00f6vcud olmal\u0131d\u0131r:<\/p>\n<p>&#8220;Bel\u0259 olan halda d\u00fc\u015f\u00fcn\u00fcr\u0259m ki, c\u0259miyy\u0259td\u0259 h\u0259r \u015fey daha yax\u015f\u0131 olacaq v\u0259 v\u0259zif\u0259y\u0259 g\u0259lir m\u0259nb\u0259yi kimi bax\u0131lmayacaq. Biz bu c\u00fcr c\u0259miyy\u0259t qursaq, probleml\u0259r d\u0259 olmaz&#8221;.<\/p>\n<p>M\u00f6vzu il\u0259 \u0259laq\u0259dar sayt\u0131m\u0131za dan\u0131\u015fan psixoterapevt\u00a0<strong>Mehriban Rzayeva<\/strong>\u00a0bildirib ki, insan\u0131n \u015f\u0259xsiyy\u0259t v\u0259siq\u0259si ya\u015f\u0131 il\u0259 fiziki ya\u015f\u0131 \u00fcst-\u00fcst\u0259 d\u00fc\u015fm\u0259y\u0259 bil\u0259r:<\/p>\n<p>&#8220;D\u00fcnya \u015f\u00f6hr\u0259tli rus alimi \u0130van Pavlov 80 ya\u015f\u0131nda i\u015f\u0259 velosipedl\u0259 gedib, g\u0259lirdi v\u0259 produktiv \u00e7al\u0131\u015f\u0131rd\u0131. B\u0259z\u0259n is\u0259 el\u0259 adamlar olur ki, 45 ya\u015f\u0131 olsa da, onun psixi funksiyalar\u0131nda z\u0259iflik m\u00fc\u015fahid\u0259 olunur.<br \/>\nBir s\u00f6zl\u0259, insan\u0131n h\u0259yat t\u0259rzind\u0259 d\u00fczg\u00fcn qidalanmas\u0131, z\u0259r\u0259rli v\u0259rdi\u015fl\u0259rinin olmamas\u0131, aktiv f\u0259aliyy\u0259t g\u00f6st\u0259rm\u0259si v\u0259siq\u0259 ya\u015f\u0131n\u0131n \u00f6n\u0259mli olmad\u0131\u011f\u0131n\u0131 bir n\u00f6v s\u00fcbut edir&#8221;.<\/p>\n<p>M.Rzayeva d\u00fc\u015f\u00fcn\u00fcr ki, intellektual, zehni i\u015fl\u0259 m\u0259\u015f\u011ful olan \u015f\u0259xsl\u0259r i\u015fl\u0259dikc\u0259 onlar\u0131n t\u0259cr\u00fcb\u0259si daha da art\u0131r v\u0259 savadl\u0131 kadra \u00e7evrilirl\u0259r:<\/p>\n<p>&#8220;Ancaq b\u0259zi pe\u015f\u0259l\u0259r d\u0259 olur ki, orada ya\u015fl\u0131 t\u0259b\u0259q\u0259nin yerin\u0259 cavanlar\u0131n i\u015fl\u0259 t\u0259min edilm\u0259si daha b\u00f6y\u00fck u\u011furlar g\u0259tir\u0259 bil\u0259r.<\/p>\n<p>Qeyd edim ki, haz\u0131rda \u00f6lk\u0259d\u0259 psixoloq \u015ftatlar\u0131na \u00e7ox az yer verilir. M\u0259s\u0259l\u0259n, Amerikada, Avropada olan b\u00f6y\u00fck \u015firk\u0259tl\u0259rd\u0259 m\u00fctl\u0259q psixoloqlar \u00e7al\u0131\u015f\u0131r v\u0259 i\u015f\u00e7il\u0259rin psixoloji v\u0259ziyy\u0259tl\u0259ri il\u0259 ba\u011fl\u0131 yard\u0131m\u00e7\u0131 olurlar. Ancaq bizd\u0259 bu t\u0259cr\u00fcb\u0259d\u0259n istifad\u0259 olunmur. Z\u0259nnimc\u0259, ilk olaraq d\u00f6vl\u0259t m\u00fc\u0259ssis\u0259l\u0259rind\u0259 s\u00f6z\u00fcged\u0259n t\u0259cr\u00fcb\u0259d\u0259n istifad\u0259 edilm\u0259lidir. Daha sonra bunun effektliyi m\u00fc\u015fahid\u0259 edildikd\u0259n sonra is\u0259 \u00f6z\u0259l qurumlar da psixoloqlar\u0131n i\u015f m\u00fchitind\u0259 olmas\u0131ndan yararlanacaqlar&#8221;.<\/p>\n","protected":false},"excerpt":{"rendered":"<p>&#8220;\u0130nsanlar var ki, 90 ya\u015f\u0131na q\u0259d\u0259r faydal\u0131l\u0131q funksiyalar\u0131 y\u00fcks\u0259k olur v\u0259 c\u0259miyy\u0259td\u0259 xeyli i\u015fl\u0259r g\u00f6r\u0259 bilir. \u0130nsanlar da var ki, 50 ya\u015fdan sonra s\u0131radan \u00e7\u0131x\u0131r. Buna f\u0259rdi olaraq yana\u015f\u0131lmal\u0131d\u0131r&#8221;. ARANTV.AZ\u00a0 x\u0259b\u0259r verir ki, bu s\u00f6zl\u0259ri\u00a0Lent.az-\u0131n suallar\u0131n\u0131 cavablayan professor, ekspert\u00a0Adil Qeybulla\u00a0deyib. O bildirib ki, \u00fcmumiyy\u0259tl\u0259, insan\u0131n fiziki v\u0259 ruhi sa\u011flaml\u0131\u011f\u0131 bir \u00e7ox faktorlarla ba\u011fl\u0131d\u0131r: &#8220;\u018fsas\u0259n genetik faktor, el\u0259c\u0259 d\u0259 insan\u0131n ke\u00e7irdiyi h\u0259yat t\u0259rzi, ke\u00e7irdiyi x\u0259st\u0259likl\u0259r v\u0259 s. s\u00f6z\u00fcged\u0259n faktorlara aiddir. Sad\u0259c\u0259 olaraq ya\u015fl\u0131 adamlar\u0131n \u0259m\u0259k qabiliyy\u0259tl\u0259ri tez a\u015fa\u011f\u0131 d\u00fc\u015f\u00fcr, onlar fiziki bax\u0131mdan el\u0259 d\u0259 aktiv olmurlar v\u0259 g\u0259ncl\u0259r q\u0259d\u0259r \u00e7evik olma\u011f\u0131&hellip;<\/p>\n","protected":false},"author":2,"featured_media":94508,"comment_status":"closed","ping_status":"closed","sticky":false,"template":"","format":"standard","meta":{"om_disable_all_campaigns":false,"_monsterinsights_skip_tracking":false,"_monsterinsights_sitenote_active":false,"_monsterinsights_sitenote_note":"","_monsterinsights_sitenote_category":0},"categories":[1],"tags":[],"aioseo_notices":[],"gutentor_comment":0,"rttpg_featured_image_url":{"full":["https:\/\/arantv.az\/wp-content\/uploads\/2019\/11\/800724.jpg",800,600,false],"landscape":["https:\/\/arantv.az\/wp-content\/uploads\/2019\/11\/800724.jpg",800,600,false],"portraits":["https:\/\/arantv.az\/wp-content\/uploads\/2019\/11\/800724.jpg",800,600,false],"thumbnail":["https:\/\/arantv.az\/wp-content\/uploads\/2019\/11\/800724-150x150.jpg",150,150,true],"medium":["https:\/\/arantv.az\/wp-content\/uploads\/2019\/11\/800724-300x225.jpg",300,225,true],"large":["https:\/\/arantv.az\/wp-content\/uploads\/2019\/11\/800724.jpg",640,480,false],"1536x1536":["https:\/\/arantv.az\/wp-content\/uploads\/2019\/11\/800724.jpg",800,600,false],"2048x2048":["https:\/\/arantv.az\/wp-content\/uploads\/2019\/11\/800724.jpg",800,600,false],"post-thumbnail":["https:\/\/arantv.az\/wp-content\/uploads\/2019\/11\/800724-240x172.jpg",240,172,true],"advps-thumb-one":["https:\/\/arantv.az\/wp-content\/uploads\/2019\/11\/800724.jpg",800,600,false]},"rttpg_author":{"display_name":"V\u00fcsal Rafiqo\u011flu","author_link":"https:\/\/arantv.az\/?author=2"},"rttpg_comment":0,"rttpg_category":"<a href=\"https:\/\/arantv.az\/?cat=1\" rel=\"category\">C\u0259miyy\u0259t<\/a>","rttpg_excerpt":"&#8220;\u0130nsanlar var ki, 90 ya\u015f\u0131na q\u0259d\u0259r faydal\u0131l\u0131q funksiyalar\u0131 y\u00fcks\u0259k olur v\u0259 c\u0259miyy\u0259td\u0259 xeyli i\u015fl\u0259r g\u00f6r\u0259 bilir. \u0130nsanlar da var ki, 50 ya\u015fdan sonra s\u0131radan \u00e7\u0131x\u0131r. Buna f\u0259rdi olaraq yana\u015f\u0131lmal\u0131d\u0131r&#8221;. ARANTV.AZ\u00a0 x\u0259b\u0259r verir ki, bu s\u00f6zl\u0259ri\u00a0Lent.az-\u0131n suallar\u0131n\u0131 cavablayan professor, ekspert\u00a0Adil Qeybulla\u00a0deyib. O bildirib ki, \u00fcmumiyy\u0259tl\u0259, insan\u0131n fiziki v\u0259 ruhi sa\u011flaml\u0131\u011f\u0131 bir \u00e7ox faktorlarla ba\u011fl\u0131d\u0131r: &#8220;\u018fsas\u0259n genetik&hellip;","_links":{"self":[{"href":"https:\/\/arantv.az\/index.php?rest_route=\/wp\/v2\/posts\/94507"}],"collection":[{"href":"https:\/\/arantv.az\/index.php?rest_route=\/wp\/v2\/posts"}],"about":[{"href":"https:\/\/arantv.az\/index.php?rest_route=\/wp\/v2\/types\/post"}],"author":[{"embeddable":true,"href":"https:\/\/arantv.az\/index.php?rest_route=\/wp\/v2\/users\/2"}],"replies":[{"embeddable":true,"href":"https:\/\/arantv.az\/index.php?rest_route=%2Fwp%2Fv2%2Fcomments&post=94507"}],"version-history":[{"count":0,"href":"https:\/\/arantv.az\/index.php?rest_route=\/wp\/v2\/posts\/94507\/revisions"}],"wp:featuredmedia":[{"embeddable":true,"href":"https:\/\/arantv.az\/index.php?rest_route=\/wp\/v2\/media\/94508"}],"wp:attachment":[{"href":"https:\/\/arantv.az\/index.php?rest_route=%2Fwp%2Fv2%2Fmedia&parent=94507"}],"wp:term":[{"taxonomy":"category","embeddable":true,"href":"https:\/\/arantv.az\/index.php?rest_route=%2Fwp%2Fv2%2Fcategories&post=94507"},{"taxonomy":"post_tag","embeddable":true,"href":"https:\/\/arantv.az\/index.php?rest_route=%2Fwp%2Fv2%2Ftags&post=94507"}],"curies":[{"name":"wp","href":"https:\/\/api.w.org\/{rel}","templated":true}]}}