{"id":94515,"date":"2019-11-09T16:06:14","date_gmt":"2019-11-09T13:06:14","guid":{"rendered":"http:\/\/arantv.az\/?p=94515"},"modified":"2019-11-09T16:06:14","modified_gmt":"2019-11-09T13:06:14","slug":"qarabagda-2800-yasi-olan-eksponatlar-tapildi","status":"publish","type":"post","link":"https:\/\/arantv.az\/?p=94515","title":{"rendered":"Qaraba\u011fda 2800 ya\u015f\u0131 olan eksponatlar TAPILDI"},"content":{"rendered":"<p><strong>Erm\u0259nil\u0259r Az\u0259rbaycan\u0131n i\u015f\u011fal alt\u0131ndak\u0131 torpaqlar\u0131nda unikal tarixi eksponatlar tap\u0131blar.<\/strong><\/p>\n<p><strong>ARANTV.AZ<\/strong> modern.az-a istinad\u0259n bildirir ki, tarix\u00e7i Njde Yeranyan Xocav\u0259nd rayonunun Hae\u015fan k\u0259ndi yax\u0131nl\u0131\u011f\u0131nda yol t\u0259miri zaman\u0131 s\u0259rdab\u0259 v\u0259 bir ne\u00e7\u0259 s\u0259h\u0259ng a\u015fkar olunub.<\/p>\n<p>&#8220;He\u015fan k\u0259ndi yax\u0131nl\u0131\u011f\u0131nda yol t\u0259miri zaman\u0131 tarixi eksponatlar tap\u0131l\u0131b. \u018fraziy\u0259 g\u0259l\u0259n arxeoloqlar s\u0259rdab\u0259 v\u0259 s\u0259h\u0259ngl\u0259r tap\u0131b. Onlar\u0131n e.\u0259 VII-VIII \u0259sr\u0259 aid oldu\u011fu ehtimal edilir&#8221;- dey\u0259 Yeranyan yaz\u0131b.<\/p>\n<p>Tap\u0131nt\u0131lar\u0131n d\u0259rhal Yerevana g\u00f6nd\u0259rilm\u0259si q\u0259rara al\u0131n\u0131b.<\/p>\n","protected":false},"excerpt":{"rendered":"<p>Erm\u0259nil\u0259r Az\u0259rbaycan\u0131n i\u015f\u011fal alt\u0131ndak\u0131 torpaqlar\u0131nda unikal tarixi eksponatlar tap\u0131blar. ARANTV.AZ modern.az-a istinad\u0259n bildirir ki, tarix\u00e7i Njde Yeranyan Xocav\u0259nd rayonunun Hae\u015fan k\u0259ndi yax\u0131nl\u0131\u011f\u0131nda yol t\u0259miri zaman\u0131 s\u0259rdab\u0259 v\u0259 bir ne\u00e7\u0259 s\u0259h\u0259ng a\u015fkar olunub. &#8220;He\u015fan k\u0259ndi yax\u0131nl\u0131\u011f\u0131nda yol t\u0259miri zaman\u0131 tarixi eksponatlar tap\u0131l\u0131b. \u018fraziy\u0259 g\u0259l\u0259n arxeoloqlar s\u0259rdab\u0259 v\u0259 s\u0259h\u0259ngl\u0259r tap\u0131b. Onlar\u0131n e.\u0259 VII-VIII \u0259sr\u0259 aid oldu\u011fu ehtimal edilir&#8221;- dey\u0259 Yeranyan yaz\u0131b. Tap\u0131nt\u0131lar\u0131n d\u0259rhal Yerevana g\u00f6nd\u0259rilm\u0259si q\u0259rara al\u0131n\u0131b.<\/p>\n","protected":false},"author":2,"featured_media":94516,"comment_status":"closed","ping_status":"closed","sticky":false,"template":"","format":"standard","meta":{"om_disable_all_campaigns":false,"_monsterinsights_skip_tracking":false,"_monsterinsights_sitenote_active":false,"_monsterinsights_sitenote_note":"","_monsterinsights_sitenote_category":0},"categories":[1],"tags":[],"aioseo_notices":[],"gutentor_comment":0,"rttpg_featured_image_url":{"full":["https:\/\/arantv.az\/wp-content\/uploads\/2019\/11\/800751.jpg",800,600,false],"landscape":["https:\/\/arantv.az\/wp-content\/uploads\/2019\/11\/800751.jpg",800,600,false],"portraits":["https:\/\/arantv.az\/wp-content\/uploads\/2019\/11\/800751.jpg",800,600,false],"thumbnail":["https:\/\/arantv.az\/wp-content\/uploads\/2019\/11\/800751-150x150.jpg",150,150,true],"medium":["https:\/\/arantv.az\/wp-content\/uploads\/2019\/11\/800751-300x225.jpg",300,225,true],"large":["https:\/\/arantv.az\/wp-content\/uploads\/2019\/11\/800751.jpg",640,480,false],"1536x1536":["https:\/\/arantv.az\/wp-content\/uploads\/2019\/11\/800751.jpg",800,600,false],"2048x2048":["https:\/\/arantv.az\/wp-content\/uploads\/2019\/11\/800751.jpg",800,600,false],"post-thumbnail":["https:\/\/arantv.az\/wp-content\/uploads\/2019\/11\/800751-240x172.jpg",240,172,true],"advps-thumb-one":["https:\/\/arantv.az\/wp-content\/uploads\/2019\/11\/800751.jpg",800,600,false]},"rttpg_author":{"display_name":"V\u00fcsal Rafiqo\u011flu","author_link":"https:\/\/arantv.az\/?author=2"},"rttpg_comment":0,"rttpg_category":"<a href=\"https:\/\/arantv.az\/?cat=1\" rel=\"category\">C\u0259miyy\u0259t<\/a>","rttpg_excerpt":"Erm\u0259nil\u0259r Az\u0259rbaycan\u0131n i\u015f\u011fal alt\u0131ndak\u0131 torpaqlar\u0131nda unikal tarixi eksponatlar tap\u0131blar. ARANTV.AZ modern.az-a istinad\u0259n bildirir ki, tarix\u00e7i Njde Yeranyan Xocav\u0259nd rayonunun Hae\u015fan k\u0259ndi yax\u0131nl\u0131\u011f\u0131nda yol t\u0259miri zaman\u0131 s\u0259rdab\u0259 v\u0259 bir ne\u00e7\u0259 s\u0259h\u0259ng a\u015fkar olunub. &#8220;He\u015fan k\u0259ndi yax\u0131nl\u0131\u011f\u0131nda yol t\u0259miri zaman\u0131 tarixi eksponatlar tap\u0131l\u0131b. \u018fraziy\u0259 g\u0259l\u0259n arxeoloqlar s\u0259rdab\u0259 v\u0259 s\u0259h\u0259ngl\u0259r tap\u0131b. Onlar\u0131n e.\u0259 VII-VIII \u0259sr\u0259 aid oldu\u011fu ehtimal&hellip;","_links":{"self":[{"href":"https:\/\/arantv.az\/index.php?rest_route=\/wp\/v2\/posts\/94515"}],"collection":[{"href":"https:\/\/arantv.az\/index.php?rest_route=\/wp\/v2\/posts"}],"about":[{"href":"https:\/\/arantv.az\/index.php?rest_route=\/wp\/v2\/types\/post"}],"author":[{"embeddable":true,"href":"https:\/\/arantv.az\/index.php?rest_route=\/wp\/v2\/users\/2"}],"replies":[{"embeddable":true,"href":"https:\/\/arantv.az\/index.php?rest_route=%2Fwp%2Fv2%2Fcomments&post=94515"}],"version-history":[{"count":0,"href":"https:\/\/arantv.az\/index.php?rest_route=\/wp\/v2\/posts\/94515\/revisions"}],"wp:featuredmedia":[{"embeddable":true,"href":"https:\/\/arantv.az\/index.php?rest_route=\/wp\/v2\/media\/94516"}],"wp:attachment":[{"href":"https:\/\/arantv.az\/index.php?rest_route=%2Fwp%2Fv2%2Fmedia&parent=94515"}],"wp:term":[{"taxonomy":"category","embeddable":true,"href":"https:\/\/arantv.az\/index.php?rest_route=%2Fwp%2Fv2%2Fcategories&post=94515"},{"taxonomy":"post_tag","embeddable":true,"href":"https:\/\/arantv.az\/index.php?rest_route=%2Fwp%2Fv2%2Ftags&post=94515"}],"curies":[{"name":"wp","href":"https:\/\/api.w.org\/{rel}","templated":true}]}}