{"id":94527,"date":"2019-11-09T16:14:22","date_gmt":"2019-11-09T13:14:22","guid":{"rendered":"http:\/\/arantv.az\/?p=94527"},"modified":"2019-11-09T16:14:22","modified_gmt":"2019-11-09T13:14:22","slug":"elmar-m%c9%99mm%c9%99dyarov-erm%c9%99nistan-az%c9%99rbaycan-munaqis%c9%99si-h%c9%99rt%c9%99r%c9%99fli-%c9%99m%c9%99kdasligin-qarsisini-alir","status":"publish","type":"post","link":"https:\/\/arantv.az\/?p=94527","title":{"rendered":"Elmar M\u0259mm\u0259dyarov: Erm\u0259nistan-Az\u0259rbaycan m\u00fcnaqi\u015f\u0259si h\u0259rt\u0259r\u0259fli \u0259m\u0259kda\u015fl\u0131\u011f\u0131n qar\u015f\u0131s\u0131n\u0131 al\u0131r"},"content":{"rendered":"<p>Az\u0259rbaycan \u0130\u018fT-i b\u00f6y\u00fck qon\u015fulu\u011funda regional \u0259m\u0259kda\u015fl\u0131\u011f\u0131n vacib platformalar\u0131ndan biri hesab edir. Biz, \u015f\u00fcbh\u0259siz ki, iqtisadi v\u0259 ticar\u0259t \u0259laq\u0259l\u0259rinin daha da inki\u015faf etdirilm\u0259sin\u0259 b\u00f6y\u00fck \u0259h\u0259miyy\u0259t veririk. Biz bunu siyasi c\u0259h\u0259td\u0259n edirik, \u00e7\u00fcnki bu bizim siyasi irad\u0259mizdir.<\/p>\n<p>Bunu Az\u0259rbaycan\u0131n Xarici \u0130\u015fl\u0259r Naziri Elmar M\u0259mm\u0259dyarov \u0130qtisadi \u018fm\u0259kda\u015fl\u0131q T\u0259\u015fkilat\u0131 (\u0130\u018fT) Xarici \u0130\u015fl\u0259r Nazirl\u0259ri \u015euras\u0131n\u0131n iclas\u0131nda \u00e7\u0131x\u0131\u015f\u0131 zaman\u0131 deyib:<\/p>\n<p>\u201cRegional v\u0259 b\u00f6lg\u0259l\u0259raras\u0131 t\u0259\u015f\u0259bb\u00fcsl\u0259rd\u0259 f\u0259al i\u015ftirak etm\u0259kl\u0259, Az\u0259rbaycan b\u00f6lg\u0259d\u0259 v\u0259 ondan k\u0259narda m\u00fcxt\u0259lif iqtisadi \u0259m\u0259kda\u015fl\u0131q s\u0259yl\u0259rin\u0259 h\u0259r zaman d\u0259st\u0259k verir. Bu x\u00fcsusda, \u00f6lk\u0259mizin \u0130\u018fT \u00e7\u0259r\u00e7iv\u0259sind\u0259 \u0259m\u0259kda\u015fl\u0131q f\u0259aliyy\u0259tin\u0259 v\u0259 b\u00f6lg\u0259d\u0259 ticar\u0259t v\u0259 \u0259m\u0259kda\u015fl\u0131\u011f\u0131n inki\u015faf\u0131na verdiyi \u00f6n\u0259mi vur\u011fulamaq ist\u0259rdim.<\/p>\n<p>D\u0259niz\u0259 \u00e7\u0131x\u0131\u015f\u0131 olmayan \u00f6lk\u0259 olaraq, Az\u0259rbaycan n\u0259qliyyat xidm\u0259tl\u0259rini iqtisadiyyat\u0131m\u0131z\u0131n \u0259sas m\u00fcqayis\u0259li \u00fcst\u00fcnl\u00fckl\u0259rind\u0259n birin\u0259 \u00e7evir\u0259r\u0259k tranzit v\u0259 ticar\u0259t potensial\u0131m\u0131z\u0131 yerin\u0259 yetirm\u0259y\u0259 \u00e7al\u0131\u015f\u0131r. Bunu n\u0259z\u0259r\u0259 alaraq, Az\u0259rbaycan Trans-Avropa v\u0259 Trans-Asiya d\u0259miryol \u015f\u0259b\u0259k\u0259l\u0259rinin qar\u015f\u0131l\u0131ql\u0131 \u0259laq\u0259sin\u0259 xidm\u0259t ed\u0259c\u0259k \u00f6z n\u0259qliyyat infrastrukturunu \u015fax\u0259l\u0259ndirir v\u0259 modernl\u0259\u015fdirir.<\/p>\n<p>Art\u0131q \u00c7in v\u0259 Avropadan bir ne\u00e7\u0259 logistika \u015firk\u0259tinin diqq\u0259tini c\u0259lb ed\u0259n Bak\u0131-Tbilisi-Qars strateji magistral d\u0259mir yolu, Yeni Beyn\u0259lxalq D\u0259niz Ticar\u0259t Liman\u0131, s\u0259rmay\u0259\u00e7il\u0259r \u00fc\u00e7\u00fcn \u0259lveri\u015fli olan azad iqtisadi zonan\u0131n iddial\u0131 konsepsiyas\u0131 il\u0259 birlikd\u0259, \u00c7inin r\u0259hb\u0259rlik etdiyi Bir K\u0259m\u0259r, Bir Yol T\u0259\u015f\u0259bb\u00fcs\u00fc \u00fc\u00e7\u00fcn orta d\u0259hliz qismind\u0259 Transx\u0259z\u0259r \u015e\u0259rq-Q\u0259rb beyn\u0259lxalq n\u0259qliyyat mar\u015frutu, \u018ffqan\u0131stan\u0131n potensial\u0131n\u0131 a\u00e7maq \u00fc\u00e7\u00fcn Lapis Lazuli ticar\u0259t yolu, h\u0259m\u00e7inin \u015eimal-C\u0259nub v\u0259 C\u0259nub-Q\u0259rb ticar\u0259t d\u0259hlizl\u0259ri b\u00fct\u00fcn \u0130\u018fT regionunun tranzit potensial\u0131n\u0131n art\u0131r\u0131lmas\u0131na y\u00f6n\u0259lmi\u015f \u0259sas infrastruktur layih\u0259l\u0259ridir. Yaln\u0131z bu mar\u015frutlar\u0131n x\u0259rit\u0259sin\u0259 baxsan\u0131z b\u00f6lg\u0259mizd\u0259ki ticar\u0259t arteriyalar\u0131 v\u0259 damarlar\u0131 il\u0259 bir-birin\u0259 ba\u011fl\u0131 olan \u015f\u0259b\u0259k\u0259ni g\u00f6r\u0259 bil\u0259rsiniz. Bu, ticar\u0259tin asanla\u015fd\u0131r\u0131lmas\u0131 \u00fczr\u0259 canl\u0131 ambisiyam\u0131zd\u0131r.<\/p>\n<p>\u0130\u018fT b\u00f6lg\u0259sind\u0259 b\u00f6y\u00fck potensiala malik dig\u0259r bir sah\u0259 d\u0259 informasiya-kommunikasiya texnologiyalar\u0131 sah\u0259sidir. Az\u0259rbaycan Qazax\u0131stan v\u0259 T\u00fcrkm\u0259nistan il\u0259, \u00f6lk\u0259l\u0259rimizin adlar\u0131n\u0131 Avrasiyan\u0131n \u0130nformasiya v\u0259 Kommunikasiya Texnologiyalar\u0131 (\u0130KT) x\u0259rit\u0259sin\u0259 salmaq \u00fc\u00e7\u00fcn geni\u015fzolaql\u0131 \u015f\u0259b\u0259k\u0259 qurmaq m\u0259qs\u0259dil\u0259 Transx\u0259z\u0259r fiber-optik kabel ba\u011flant\u0131s\u0131n\u0131n h\u0259yata ke\u00e7irilm\u0259sind\u0259 \u0259m\u0259kda\u015fl\u0131q edir. Bununla, r\u0259q\u0259msal f\u0259rqin aradan qald\u0131r\u0131lmas\u0131na y\u00f6n\u0259l\u0259n BMT-nin t\u0259\u015f\u0259bb\u00fcsl\u0259rin\u0259 t\u00f6hf\u0259 verm\u0259y\u0259 davam ed\u0259c\u0259yik. Bu h\u0259m d\u0259 \u0130\u018fT b\u00f6lg\u0259sind\u0259 ticar\u0259tin r\u0259q\u0259msalla\u015fd\u0131r\u0131lmas\u0131na k\u00f6m\u0259k ed\u0259c\u0259k.<\/p>\n<p>\u0130\u018fT \u00e7\u0259r\u00e7iv\u0259sind\u0259 h\u0259yata ke\u00e7iril\u0259 bil\u0259c\u0259k m\u00fcmk\u00fcn birg\u0259 layih\u0259l\u0259rd\u0259n biri d\u0259 ticar\u0259tin r\u0259q\u0259msalla\u015fd\u0131r\u0131lmas\u0131d\u0131r. Bu daha \u00e7ox ticar\u0259t h\u0259cmini c\u0259lb ed\u0259 bil\u0259r. Bu c\u00fcr elektron ticar\u0259t platformalar\u0131n\u0131 b\u00f6lg\u0259d\u0259ki t\u0259r\u0259fda\u015flar\u0131m\u0131zla birlikd\u0259 t\u0259\u015fviq ed\u0259 bil\u0259rik. Bel\u0259likl\u0259, b\u0259lk\u0259 d\u0259 h\u0259qiq\u0259t\u0259n C\u0259nub-\u015e\u0259rqi Asiya \u00d6lk\u0259l\u0259ri Assosiasiyas\u0131 (ASEAN) il\u0259 \u0259m\u0259kda\u015fl\u0131q format\u0131m\u0131zda ola bil\u0259c\u0259k imkanlara daha d\u0259rind\u0259n baxmal\u0131y\u0131q.<\/p>\n<p>K\u0259nd t\u0259s\u0259rr\u00fcfat\u0131 sah\u0259sind\u0259 Az\u0259rbaycan v\u0259 dig\u0259r \u0130\u018fT \u00fczv d\u00f6vl\u0259tl\u0259ri \u0259h\u0259miyy\u0259tli ir\u0259lil\u0259yi\u015f \u0259ld\u0259 etdil\u0259r. Bununla bel\u0259, hesab edir\u0259m ki, bu sah\u0259d\u0259 \u0259m\u0259kda\u015fl\u0131\u011f\u0131 daha da art\u0131rmaq laz\u0131md\u0131r. Bunu n\u0259z\u0259r\u0259 alaraq, Az\u0259rbaycan bu il 3-4 dekabr tarixl\u0259rind\u0259 \u0130\u018fT K\u0259nd T\u0259s\u0259rr\u00fcfat\u0131 Nazirl\u0259rin 6-c\u0131 g\u00f6r\u00fc\u015f\u00fcn\u00fcn ke\u00e7irilm\u0259sini t\u0259klif etdi. Bak\u0131da ke\u00e7iril\u0259c\u0259k bu m\u00fch\u00fcm t\u0259dbird\u0259 \u00f6lk\u0259l\u0259rinizd\u0259n y\u00fcks\u0259k s\u0259viyy\u0259li n\u00fcmay\u0259nd\u0259 hey\u0259tl\u0259rini g\u00f6rm\u0259yi g\u00f6zl\u0259yirik.<\/p>\n<p>Dig\u0259r sah\u0259 turizmdir. Turizm sah\u0259sind\u0259 \u0259m\u0259kda\u015fl\u0131q xalqlar aras\u0131nda \u0259laq\u0259 qurmaq bax\u0131m\u0131ndan vacibdir. Biz h\u0259m d\u0259 \u0130\u018fT-d\u0259ki turizm layih\u0259l\u0259rini xalqlar aras\u0131nda \u0259laq\u0259l\u0259ri asanla\u015fd\u0131ran bir vasit\u0259 hesab edirik.<\/p>\n<p>Bundan \u0259lav\u0259, biz regional enerji g\u00fcnd\u0259liyind\u0259 dayan\u0131ql\u0131 enerji v\u0259 enerji \u0259traf m\u00fchitini &#8220;ECO Vision 2025&#8221; v\u0259 BMT-nin 2030 G\u00fcnd\u0259liyin\u0259 uy\u011fun olaraq t\u0259min etm\u0259k \u00fc\u00e7\u00fcn \u0130\u018fT-in davaml\u0131 s\u0259yl\u0259rini qiym\u0259tl\u0259ndiririk. Hesab edirik ki, bu regional diqq\u0259t \u0130\u018fT b\u00f6lg\u0259sinin b\u0259rpa olunan enerji v\u0259 s\u0259m\u0259r\u0259liliyi sah\u0259sind\u0259 \u0259m\u0259kda\u015fl\u0131q imkanlar\u0131n\u0131 a\u00e7a bil\u0259r. \u0130\u018fT T\u0259miz Enerji M\u0259rk\u0259zinin yarad\u0131lmas\u0131 bu meyll\u0259r\u0259 uy\u011fun g\u0259l\u0259 bil\u0259r. Xahi\u015f edir\u0259m, t\u0259bii qaz\u0131 unutmayaq, \u00e7\u00fcnki bu, t\u0259miz qal\u0131q yanacaqd\u0131r v\u0259 daha yax\u015f\u0131 enerjiy\u0259 q\u0259na\u0259t ed\u0259n h\u0259ll yollar\u0131na ke\u00e7m\u0259y\u0259 \u00e7al\u0131\u015fd\u0131\u011f\u0131m\u0131z zaman iqtisadiyyatlar\u0131m\u0131zda &#8220;ke\u00e7id yanaca\u011f\u0131&#8221; rolunu oynaya bil\u0259r.<\/p>\n<p>2017-ci ild\u0259 q\u0259bul edilmi\u015f \u201c\u0130\u018fT Bax\u0131\u015f\u0131 2025\u201d s\u0259n\u0259di \u0130\u018fT-in iqtisadi v\u0259 sosial g\u00fcnd\u0259liyini z\u0259nginl\u0259\u015fdirm\u0259li v\u0259 t\u0259\u015fkilat\u0131n qar\u015f\u0131dak\u0131 on il \u00fc\u00e7\u00fcn strateji istiqam\u0259tini m\u00fc\u0259yy\u0259nl\u0259\u015fdirm\u0259lidir. Az\u0259rbaycan bu islahat prosesini m\u00f6vcud qurumlar\u0131n s\u0259m\u0259r\u0259liliyini art\u0131ra bil\u0259c\u0259k v\u0259 \u0130\u018fT-in g\u0259l\u0259c\u0259k inki\u015faf\u0131na imkan yaradacaq birg\u0259 s\u0259yl\u0259r vasit\u0259sil\u0259 d\u0259st\u0259kl\u0259yir.<\/p>\n<p>Az\u0259rbaycan iqtisadi \u0259m\u0259kda\u015fl\u0131qla yana\u015f\u0131, dig\u0259r sah\u0259l\u0259rd\u0259 d\u0259 \u0259m\u0259kda\u015fl\u0131\u011fa \u00f6n\u0259m verir. Bu yax\u0131nlarda 2019-cu ild\u0259 \u0130\u018fT-in Korrupsiyaya Qar\u015f\u0131 M\u00fcbariz\u0259 Agentlikl\u0259ri v\u0259 Ombudsmanlar\u0131n\u0131n \u018fm\u0259kda\u015fl\u0131q M\u0259rk\u0259zinin \u018fsasnam\u0259sini imzalad\u0131q v\u0259 ratifikasiya etdik.<\/p>\n<p>\u0130\u018fT \u0259halisi Az\u0259rbaycan \u00fc\u00e7\u00fcn dost ail\u0259dir. Tarixi m\u00fcnasib\u0259tl\u0259rimizi y\u00fcks\u0259k qiym\u0259tl\u0259ndiririk.<\/p>\n<p>\u018flb\u0259tt\u0259, Antalya Komm\u00fcnikesind\u0259 d\u0259 \u0259ks olundu\u011fu kimi ham\u0131m\u0131z etiraf etm\u0259liyik ki, \u0130\u018fT b\u00f6lg\u0259sind\u0259 h\u0259ll olunmam\u0131\u015f m\u00fcnaqi\u015f\u0259l\u0259r, o c\u00fcml\u0259d\u0259n Erm\u0259nistan-Az\u0259rbaycan m\u00fcnaqi\u015f\u0259si bizim h\u0259rt\u0259r\u0259fli \u0259m\u0259kda\u015fl\u0131\u011f\u0131m\u0131z\u0131n qar\u015f\u0131s\u0131n\u0131 al\u0131r.<\/p>\n<p>Yerind\u0259c\u0259 m\u00f6vcud olan t\u0259hdidedici reall\u0131qlar h\u0259llini tapmal\u0131d\u0131r ki, \u00f6lk\u0259l\u0259rimiz aras\u0131nda daha \u00e7ox \u0259m\u0259kda\u015f\u0131\u011fa imkan yarans\u0131n.<\/p>\n<p>H\u0259m\u00e7inin komm\u00fcniked\u0259 \u0259ks olunmu\u015f dig\u0259r m\u00fch\u00fcm bir m\u00fcdd\u0259a m\u00f6vcud m\u00fcnaqi\u015f\u0259l\u0259r v\u0259 birg\u0259 t\u0259hdidl\u0259r d\u0259 daxil olmaqla b\u00f6lg\u0259d\u0259ki dig\u0259r t\u0259zyiql\u0259rin qar\u015f\u0131s\u0131n\u0131 alma\u011f\u0131 n\u0259z\u0259rd\u0259 tutur.<\/p>\n<p>T\u0259\u0259s\u00fcf ki, bu sad\u0259c\u0259 reall\u0131\u011f\u0131n siyasi \u015f\u0259kild\u0259 \u0259ks olunmas\u0131 deyil, h\u0259m\u00e7inin b\u00f6lg\u0259miz \u00fc\u00e7\u00fcn iqtisadi imkanlar\u0131n itirilm\u0259si dem\u0259kdir. M\u0259s\u0259l\u0259n, \u0259g\u0259r torpaqlar\u0131m\u0131z Erm\u0259nistan t\u0259r\u0259find\u0259n i\u015f\u011fal olunmasayd\u0131, o zaman \u0130ran v\u0259 Nax\u00e7\u0131van aras\u0131nda birba\u015fa d\u0259mir yolu \u0259laq\u0259miz ola bil\u0259rdi.<\/p>\n<p>Bu m\u00fcnasib\u0259tl\u0259r h\u0259mr\u0259ylik prinsipl\u0259rin\u0259 \u0259saslan\u0131rlar v\u0259 bu daha da g\u00fccl\u0259nm\u0259lidir. Siyasi v\u0259 h\u0259rbi t\u0259hdidl\u0259r, o c\u00fcml\u0259d\u0259n i\u015f\u011fal olunmu\u015f \u0259razil\u0259rd\u0259 qanunsuz f\u0259aliyy\u0259tl\u0259r aradan qald\u0131r\u0131lmasa, regional iqtisadi \u0259m\u0259kda\u015fl\u0131q m\u00fcmk\u00fcn deyil. Buna g\u00f6r\u0259 2017-ci il \u0130slamabad Sammitinin B\u0259yannam\u0259sind\u0259 bu m\u00f6vzu il\u0259 \u0259laq\u0259dar vur\u011fulanan m\u0259qamlar \u0130\u018fT \u00fczv d\u00f6vl\u0259tl\u0259rinin \u00f6z milli v\u0259 regional f\u0259aliyy\u0259tl\u0259rind\u0259 aktualla\u015fd\u0131r\u0131lmal\u0131d\u0131r\u201d.<\/p>\n","protected":false},"excerpt":{"rendered":"<p>Az\u0259rbaycan \u0130\u018fT-i b\u00f6y\u00fck qon\u015fulu\u011funda regional \u0259m\u0259kda\u015fl\u0131\u011f\u0131n vacib platformalar\u0131ndan biri hesab edir. Biz, \u015f\u00fcbh\u0259siz ki, iqtisadi v\u0259 ticar\u0259t \u0259laq\u0259l\u0259rinin daha da inki\u015faf etdirilm\u0259sin\u0259 b\u00f6y\u00fck \u0259h\u0259miyy\u0259t veririk. Biz bunu siyasi c\u0259h\u0259td\u0259n edirik, \u00e7\u00fcnki bu bizim siyasi irad\u0259mizdir. Bunu Az\u0259rbaycan\u0131n Xarici \u0130\u015fl\u0259r Naziri Elmar M\u0259mm\u0259dyarov \u0130qtisadi \u018fm\u0259kda\u015fl\u0131q T\u0259\u015fkilat\u0131 (\u0130\u018fT) Xarici \u0130\u015fl\u0259r Nazirl\u0259ri \u015euras\u0131n\u0131n iclas\u0131nda \u00e7\u0131x\u0131\u015f\u0131 zaman\u0131 deyib: \u201cRegional v\u0259 b\u00f6lg\u0259l\u0259raras\u0131 t\u0259\u015f\u0259bb\u00fcsl\u0259rd\u0259 f\u0259al i\u015ftirak etm\u0259kl\u0259, Az\u0259rbaycan b\u00f6lg\u0259d\u0259 v\u0259 ondan k\u0259narda m\u00fcxt\u0259lif iqtisadi \u0259m\u0259kda\u015fl\u0131q s\u0259yl\u0259rin\u0259 h\u0259r zaman d\u0259st\u0259k verir. Bu x\u00fcsusda, \u00f6lk\u0259mizin \u0130\u018fT \u00e7\u0259r\u00e7iv\u0259sind\u0259 \u0259m\u0259kda\u015fl\u0131q f\u0259aliyy\u0259tin\u0259 v\u0259 b\u00f6lg\u0259d\u0259 ticar\u0259t v\u0259 \u0259m\u0259kda\u015fl\u0131\u011f\u0131n inki\u015faf\u0131na verdiyi \u00f6n\u0259mi vur\u011fulamaq&hellip;<\/p>\n","protected":false},"author":2,"featured_media":94528,"comment_status":"closed","ping_status":"closed","sticky":false,"template":"","format":"standard","meta":{"om_disable_all_campaigns":false,"_monsterinsights_skip_tracking":false,"_monsterinsights_sitenote_active":false,"_monsterinsights_sitenote_note":"","_monsterinsights_sitenote_category":0},"categories":[4],"tags":[],"aioseo_notices":[],"gutentor_comment":0,"rttpg_featured_image_url":{"full":["https:\/\/arantv.az\/wp-content\/uploads\/2019\/11\/ROM9995-1.jpg",620,413,false],"landscape":["https:\/\/arantv.az\/wp-content\/uploads\/2019\/11\/ROM9995-1.jpg",620,413,false],"portraits":["https:\/\/arantv.az\/wp-content\/uploads\/2019\/11\/ROM9995-1.jpg",620,413,false],"thumbnail":["https:\/\/arantv.az\/wp-content\/uploads\/2019\/11\/ROM9995-1-150x150.jpg",150,150,true],"medium":["https:\/\/arantv.az\/wp-content\/uploads\/2019\/11\/ROM9995-1-300x200.jpg",300,200,true],"large":["https:\/\/arantv.az\/wp-content\/uploads\/2019\/11\/ROM9995-1.jpg",620,413,false],"1536x1536":["https:\/\/arantv.az\/wp-content\/uploads\/2019\/11\/ROM9995-1.jpg",620,413,false],"2048x2048":["https:\/\/arantv.az\/wp-content\/uploads\/2019\/11\/ROM9995-1.jpg",620,413,false],"post-thumbnail":["https:\/\/arantv.az\/wp-content\/uploads\/2019\/11\/ROM9995-1-240x172.jpg",240,172,true],"advps-thumb-one":["https:\/\/arantv.az\/wp-content\/uploads\/2019\/11\/ROM9995-1.jpg",620,413,false]},"rttpg_author":{"display_name":"V\u00fcsal Rafiqo\u011flu","author_link":"https:\/\/arantv.az\/?author=2"},"rttpg_comment":0,"rttpg_category":"<a href=\"https:\/\/arantv.az\/?cat=4\" rel=\"category\">Siyas\u0259t<\/a>","rttpg_excerpt":"Az\u0259rbaycan \u0130\u018fT-i b\u00f6y\u00fck qon\u015fulu\u011funda regional \u0259m\u0259kda\u015fl\u0131\u011f\u0131n vacib platformalar\u0131ndan biri hesab edir. Biz, \u015f\u00fcbh\u0259siz ki, iqtisadi v\u0259 ticar\u0259t \u0259laq\u0259l\u0259rinin daha da inki\u015faf etdirilm\u0259sin\u0259 b\u00f6y\u00fck \u0259h\u0259miyy\u0259t veririk. Biz bunu siyasi c\u0259h\u0259td\u0259n edirik, \u00e7\u00fcnki bu bizim siyasi irad\u0259mizdir. Bunu Az\u0259rbaycan\u0131n Xarici \u0130\u015fl\u0259r Naziri Elmar M\u0259mm\u0259dyarov \u0130qtisadi \u018fm\u0259kda\u015fl\u0131q T\u0259\u015fkilat\u0131 (\u0130\u018fT) Xarici \u0130\u015fl\u0259r Nazirl\u0259ri \u015euras\u0131n\u0131n iclas\u0131nda \u00e7\u0131x\u0131\u015f\u0131 zaman\u0131 deyib: \u201cRegional&hellip;","_links":{"self":[{"href":"https:\/\/arantv.az\/index.php?rest_route=\/wp\/v2\/posts\/94527"}],"collection":[{"href":"https:\/\/arantv.az\/index.php?rest_route=\/wp\/v2\/posts"}],"about":[{"href":"https:\/\/arantv.az\/index.php?rest_route=\/wp\/v2\/types\/post"}],"author":[{"embeddable":true,"href":"https:\/\/arantv.az\/index.php?rest_route=\/wp\/v2\/users\/2"}],"replies":[{"embeddable":true,"href":"https:\/\/arantv.az\/index.php?rest_route=%2Fwp%2Fv2%2Fcomments&post=94527"}],"version-history":[{"count":0,"href":"https:\/\/arantv.az\/index.php?rest_route=\/wp\/v2\/posts\/94527\/revisions"}],"wp:featuredmedia":[{"embeddable":true,"href":"https:\/\/arantv.az\/index.php?rest_route=\/wp\/v2\/media\/94528"}],"wp:attachment":[{"href":"https:\/\/arantv.az\/index.php?rest_route=%2Fwp%2Fv2%2Fmedia&parent=94527"}],"wp:term":[{"taxonomy":"category","embeddable":true,"href":"https:\/\/arantv.az\/index.php?rest_route=%2Fwp%2Fv2%2Fcategories&post=94527"},{"taxonomy":"post_tag","embeddable":true,"href":"https:\/\/arantv.az\/index.php?rest_route=%2Fwp%2Fv2%2Ftags&post=94527"}],"curies":[{"name":"wp","href":"https:\/\/api.w.org\/{rel}","templated":true}]}}