{"id":94531,"date":"2019-11-09T16:17:35","date_gmt":"2019-11-09T13:17:35","guid":{"rendered":"http:\/\/arantv.az\/?p=94531"},"modified":"2019-11-09T16:17:35","modified_gmt":"2019-11-09T13:17:35","slug":"abseron-milli-parkinda-qacis-marafonu-kecirildi-foto","status":"publish","type":"post","link":"https:\/\/arantv.az\/?p=94531","title":{"rendered":"Ab\u015feron Milli Park\u0131nda qa\u00e7\u0131\u015f marafonu ke\u00e7irildi \u2013 FOTO"},"content":{"rendered":"<p><strong>D\u00f6vl\u0259t Bayra\u011f\u0131 G\u00fcn\u00fc il\u0259 \u0259laq\u0259dar noyabr\u0131n 9-da Ab\u015feron Milli Park\u0131nda \u201cSa\u011flam \u0259traf m\u00fchit, sa\u011flam h\u0259yat namin\u0259\u201d ilk qa\u00e7\u0131\u015f marafonu ke\u00e7irilib.<\/strong><\/p>\n<p><b>ARANTV.AZ\u00a0<\/b>x\u0259b\u0259r verir ki, \u201cS\u0259n d\u0259 qo\u015ful, dostlar\u0131n\u0131 sa\u011flam \u0259traf m\u00fchitd\u0259 sa\u011flam ya\u015fama\u011fa d\u0259v\u0259t et!\u201d \u015f\u00fcar\u0131 alt\u0131nda t\u0259\u015fkil olunan marafona ilk olaraq K\u0259nd T\u0259s\u0259rr\u00fcfat\u0131 Nazirliyinin tabeliyind\u0259 \u201cAqrar T\u0259dar\u00fck v\u0259 T\u0259chizat\u201d A\u00e7\u0131q S\u0259hmdar C\u0259miyy\u0259ti d\u0259st\u0259k verib v\u0259 kollektiv olaraq y\u00fcr\u00fc\u015f\u0259 qo\u015fulub.<\/p>\n<p>Ekologiya v\u0259 T\u0259bii S\u0259rv\u0259tl\u0259r Nazirliyinin m\u0259tbuat xidm\u0259tinin r\u0259hb\u0259ri \u0130rad\u0259 \u0130brahimova bildirib ki, qa\u00e7\u0131\u015f marafonunun ke\u00e7irilm\u0259sind\u0259 \u0259sas m\u0259qs\u0259d t\u0259kc\u0259 milli parklarda ekoturizmin inki\u015faf\u0131na nail olmaq deyil, eyni zamanda, insanlar\u0131 \u0259traf m\u00fchitin sa\u011flamla\u015fd\u0131r\u0131lmas\u0131 t\u0259dbirl\u0259rin\u0259 d\u0259st\u0259k verm\u0259y\u0259 \u00e7a\u011f\u0131rmaq, milli parklarda bu c\u00fcr t\u0259dbirl\u0259rin ke\u00e7irilm\u0259si \u0259n\u0259n\u0259sini formala\u015fd\u0131rmaq v\u0259 sa\u011flam h\u0259yat t\u0259rzini t\u0259bli\u011f etm\u0259kdir.<\/p>\n<div class=\"row\">\n<div class=\"post single\">\n<div class=\"post_content page_margin_top_section clearfix\">\n<div class=\"content_box\">\n<div class=\"text\">\n<p>M\u0259tbuat katibi qeyd edib ki, ilk d\u0259f\u0259 olaraq Az\u0259rbaycan\u0131n milli parklar\u0131ndan birind\u0259 bu c\u00fcr k\u00fctl\u0259vi maarifl\u0259ndirici v\u0259 \u0259traf m\u00fchitin m\u00fchafiz\u0259sin\u0259 diqq\u0259t \u00e7\u0259k\u0259n qa\u00e7\u0131\u015f marafonu ke\u00e7irildi: \u201cBu, ekoloji turizmin t\u0259bli\u011fi, sa\u011flam h\u0259yat t\u0259rzinin t\u0259\u015fviqin\u0259 y\u00f6n\u0259l\u0259n t\u0259dbir olmaqla yana\u015f\u0131, insanlar\u0131n h\u0259ft\u0259sonu g\u00fcnl\u0259rini t\u0259bi\u0259t \u0259razil\u0259rind\u0259 s\u0259m\u0259r\u0259li ke\u00e7irm\u0259l\u0259ri \u00fc\u00e7\u00fcn bir n\u00fcmun\u0259dir. \u00c7ox sevindiricidir ki, D\u00f6vl\u0259t Bayra\u011f\u0131 G\u00fcn\u00fcn\u00fc milli parkda yaddaqalan t\u0259dbirl\u0259 qeyd etdik. \u018ftraf m\u00fchitin sa\u011flamla\u015fd\u0131r\u0131lmas\u0131na, sa\u011flam h\u0259yat t\u0259rzinin a\u015f\u0131lanmas\u0131na h\u0259d\u0259fl\u0259n\u0259n bu c\u00fcr t\u0259dbirl\u0259r davaml\u0131 olaraq dig\u0259r milli parklar\u0131m\u0131zda da t\u0259\u015fkil olunacaq. Marafona qo\u015fulan 70-\u0259 yax\u0131n i\u015ftirak\u00e7\u0131 6 kilometr m\u0259saf\u0259 q\u0259t edib v\u0259 fini\u015f x\u0259ttini ke\u00e7\u0259n ilk \u00fc\u00e7 marafon\u00e7u h\u0259diyy\u0259l\u0259rl\u0259 m\u00fckafatland\u0131r\u0131l\u0131b. H\u0259m\u00e7inin marafonun b\u00fct\u00fcn i\u015ftirak\u00e7\u0131lar\u0131na may\u0131n 1-d\u0259k yax\u0131nlar\u0131 il\u0259 birg\u0259 Ab\u015feron Milli Park\u0131na bird\u0259f\u0259lik \u00f6d\u0259ni\u015fsiz giri\u015f imkan\u0131 ver\u0259n d\u0259v\u0259tnam\u0259 t\u0259qdim olunub\u201d.<\/p>\n<p>Aqrar T\u0259dar\u00fck v\u0259 T\u0259chizat A\u00e7\u0131q S\u0259hmdar C\u0259miyy\u0259tinin \u0130dar\u0259 Hey\u0259tinin s\u0259dri Leyla M\u0259mm\u0259dova ilk \u00f6nc\u0259 Ekologiya v\u0259 T\u0259bii S\u0259rv\u0259tl\u0259r Nazirliyin\u0259 t\u0259bi\u0259t qoynunda, \u0259lam\u0259tdar bir g\u00fcnd\u0259 marafonu t\u0259\u015fkil etdiyin\u0259 g\u00f6r\u0259 minn\u0259tdarl\u0131q bildirib: \u201cBayram g\u00fcn\u00fc olmas\u0131na baxmayaraq, h\u0259r iki qurumun \u0259m\u0259kda\u015flar\u0131 marafonda aktiv i\u015ftirak etdil\u0259r. Bu g\u00fcn sa\u011flam h\u0259yat t\u0259rzini t\u0259bli\u011f etdik, \u0259traf m\u00fchitin m\u00fchafiz\u0259sin\u0259 diqq\u0259t \u00e7\u0259kdik v\u0259 milli parklar\u0131m\u0131zdan birini g\u00f6st\u0259rmi\u015f olduq. D\u00fc\u015f\u00fcn\u00fcr\u0259m ki, bu t\u0259dbiri ke\u00e7irtm\u0259kl\u0259 dig\u0259r v\u0259t\u0259nda\u015flar \u00fc\u00e7\u00fcn yax\u015f\u0131 n\u00fcmun\u0259 ola bildik\u201d.<\/p>\n<p>Yar\u0131\u015f\u0131n qalibl\u0259ri Aqrar T\u0259dar\u00fck v\u0259 T\u0259chizat A\u00e7\u0131q S\u0259hmdar C\u0259miyy\u0259tinin \u0259m\u0259kda\u015flar\u0131 \u015eahmar Rzayev v\u0259 G\u00fcn\u0259\u015f B\u00fcnyadzad\u0259 qa\u00e7\u0131\u015f marafonun t\u0259\u015fkilini t\u0259qdir\u0259layiq hal kimi qiym\u0259tl\u0259ndiribl\u0259r. Onlar bu g\u00fcn milli parkda sa\u011flam h\u0259yat t\u0259rzi ke\u00e7irdikl\u0259rini v\u0259 buradan xo\u015f t\u0259\u0259ss\u00fcratlarla ayr\u0131ld\u0131qlar\u0131n\u0131 bildiribl\u0259r. Yar\u0131\u015f i\u015ftirak\u00e7\u0131lar\u0131 dig\u0259r qurumlar\u0131n da bel\u0259 t\u0259dbirl\u0259r ke\u00e7irm\u0259sini t\u00f6vsiy\u0259 edibl\u0259r.Publika.az<\/p>\n<\/div>\n<\/div>\n<\/div>\n<div class=\"social_like\">\n<div>\n<div class=\"fb-like fb_iframe_widget\" data-href=\"\" data-layout=\"button_count\" data-action=\"recommend\" data-size=\"small\" data-show-faces=\"false\" data-share=\"false\"><\/div>\n<\/div>\n<div><\/div>\n<\/div>\n<\/div>\n<\/div>\n<div class=\"row page_margin_top\">\n<div id=\"news_media_gallery\" class=\"eagle-gallery img600 in as1\">\n<div class=\"eagle-medium-wrap\">\n<div class=\"scale-ico\"><\/div>\n<p><a class=\"eagle-view-medium-img\"><img src=\"https:\/\/publika.az\/storage\/2019\/11\/09\/ekologiya_(20).jpg\" alt=\"\" \/><\/a><\/div>\n<div class=\"owl-carousel mini-slider\">\n<div class=\"owl-wrapper-outer\">\n<div class=\"owl-wrapper\">\n<div class=\"owl-item\"><img src=\"https:\/\/publika.az\/storage\/2019\/11\/09\/250x250f\/ekologiya_(23).jpg\" alt=\"\" data-medium-img=\"https:\/\/publika.az\/storage\/2019\/11\/09\/ekologiya_(23).jpg\" data-big-img=\"https:\/\/publika.az\/storage\/2019\/11\/09\/ekologiya_(23).jpg\" data-title=\"\" \/><\/div>\n<div class=\"owl-item\"><img src=\"https:\/\/publika.az\/storage\/2019\/11\/09\/250x250f\/ekologiya_(24).jpg\" alt=\"\" data-medium-img=\"https:\/\/publika.az\/storage\/2019\/11\/09\/ekologiya_(24).jpg\" data-big-img=\"https:\/\/publika.az\/storage\/2019\/11\/09\/ekologiya_(24).jpg\" data-title=\"\" \/><\/div>\n<div class=\"owl-item\"><img src=\"https:\/\/publika.az\/storage\/2019\/11\/09\/250x250f\/ekologiya_(22).jpg\" alt=\"\" data-medium-img=\"https:\/\/publika.az\/storage\/2019\/11\/09\/ekologiya_(22).jpg\" data-big-img=\"https:\/\/publika.az\/storage\/2019\/11\/09\/ekologiya_(22).jpg\" data-title=\"\" \/><\/div>\n<div class=\"owl-item\"><img src=\"https:\/\/publika.az\/storage\/2019\/11\/09\/250x250f\/ekologiya_(21).jpg\" alt=\"\" data-medium-img=\"https:\/\/publika.az\/storage\/2019\/11\/09\/ekologiya_(21).jpg\" data-big-img=\"https:\/\/publika.az\/storage\/2019\/11\/09\/ekologiya_(21).jpg\" data-title=\"\" \/><\/div>\n<div class=\"owl-item active\"><img src=\"https:\/\/publika.az\/storage\/2019\/11\/09\/250x250f\/ekologiya_(20).jpg\" alt=\"\" data-medium-img=\"https:\/\/publika.az\/storage\/2019\/11\/09\/ekologiya_(20).jpg\" data-big-img=\"https:\/\/publika.az\/storage\/2019\/11\/09\/ekologiya_(20).jpg\" data-title=\"\" \/><\/div>\n<div class=\"owl-item\"><img src=\"https:\/\/publika.az\/storage\/2019\/11\/09\/250x250f\/ekologiya_(19).jpg\" alt=\"\" data-medium-img=\"https:\/\/publika.az\/storage\/2019\/11\/09\/ekologiya_(19).jpg\" data-big-img=\"https:\/\/publika.az\/storage\/2019\/11\/09\/ekologiya_(19).jpg\" data-title=\"\" \/><\/div>\n<div class=\"owl-item\"><img src=\"https:\/\/publika.az\/storage\/2019\/11\/09\/250x250f\/ekologiya_(18).jpg\" alt=\"\" data-medium-img=\"https:\/\/publika.az\/storage\/2019\/11\/09\/ekologiya_(18).jpg\" data-big-img=\"https:\/\/publika.az\/storage\/2019\/11\/09\/ekologiya_(18).jpg\" data-title=\"\" \/><\/div>\n<div class=\"owl-item\"><img src=\"https:\/\/publika.az\/storage\/2019\/11\/09\/250x250f\/ekologiya_(17).jpg\" alt=\"\" data-medium-img=\"https:\/\/publika.az\/storage\/2019\/11\/09\/ekologiya_(17).jpg\" data-big-img=\"https:\/\/publika.az\/storage\/2019\/11\/09\/ekologiya_(17).jpg\" data-title=\"\" \/><\/div>\n<\/div>\n<\/div>\n<\/div>\n<\/div>\n<\/div>\n","protected":false},"excerpt":{"rendered":"<p>D\u00f6vl\u0259t Bayra\u011f\u0131 G\u00fcn\u00fc il\u0259 \u0259laq\u0259dar noyabr\u0131n 9-da Ab\u015feron Milli Park\u0131nda \u201cSa\u011flam \u0259traf m\u00fchit, sa\u011flam h\u0259yat namin\u0259\u201d ilk qa\u00e7\u0131\u015f marafonu ke\u00e7irilib. ARANTV.AZ\u00a0x\u0259b\u0259r verir ki, \u201cS\u0259n d\u0259 qo\u015ful, dostlar\u0131n\u0131 sa\u011flam \u0259traf m\u00fchitd\u0259 sa\u011flam ya\u015fama\u011fa d\u0259v\u0259t et!\u201d \u015f\u00fcar\u0131 alt\u0131nda t\u0259\u015fkil olunan marafona ilk olaraq K\u0259nd T\u0259s\u0259rr\u00fcfat\u0131 Nazirliyinin tabeliyind\u0259 \u201cAqrar T\u0259dar\u00fck v\u0259 T\u0259chizat\u201d A\u00e7\u0131q S\u0259hmdar C\u0259miyy\u0259ti d\u0259st\u0259k verib v\u0259 kollektiv olaraq y\u00fcr\u00fc\u015f\u0259 qo\u015fulub. Ekologiya v\u0259 T\u0259bii S\u0259rv\u0259tl\u0259r Nazirliyinin m\u0259tbuat xidm\u0259tinin r\u0259hb\u0259ri \u0130rad\u0259 \u0130brahimova bildirib ki, qa\u00e7\u0131\u015f marafonunun ke\u00e7irilm\u0259sind\u0259 \u0259sas m\u0259qs\u0259d t\u0259kc\u0259 milli parklarda ekoturizmin inki\u015faf\u0131na nail olmaq deyil, eyni zamanda, insanlar\u0131 \u0259traf m\u00fchitin sa\u011flamla\u015fd\u0131r\u0131lmas\u0131&hellip;<\/p>\n","protected":false},"author":2,"featured_media":94532,"comment_status":"closed","ping_status":"closed","sticky":false,"template":"","format":"standard","meta":{"om_disable_all_campaigns":false,"_monsterinsights_skip_tracking":false,"_monsterinsights_sitenote_active":false,"_monsterinsights_sitenote_note":"","_monsterinsights_sitenote_category":0},"categories":[1],"tags":[],"aioseo_notices":[],"gutentor_comment":0,"rttpg_featured_image_url":{"full":["https:\/\/arantv.az\/wp-content\/uploads\/2019\/11\/ekologiya_15.jpg",800,450,false],"landscape":["https:\/\/arantv.az\/wp-content\/uploads\/2019\/11\/ekologiya_15.jpg",800,450,false],"portraits":["https:\/\/arantv.az\/wp-content\/uploads\/2019\/11\/ekologiya_15.jpg",800,450,false],"thumbnail":["https:\/\/arantv.az\/wp-content\/uploads\/2019\/11\/ekologiya_15-150x150.jpg",150,150,true],"medium":["https:\/\/arantv.az\/wp-content\/uploads\/2019\/11\/ekologiya_15-300x169.jpg",300,169,true],"large":["https:\/\/arantv.az\/wp-content\/uploads\/2019\/11\/ekologiya_15.jpg",640,360,false],"1536x1536":["https:\/\/arantv.az\/wp-content\/uploads\/2019\/11\/ekologiya_15.jpg",800,450,false],"2048x2048":["https:\/\/arantv.az\/wp-content\/uploads\/2019\/11\/ekologiya_15.jpg",800,450,false],"post-thumbnail":["https:\/\/arantv.az\/wp-content\/uploads\/2019\/11\/ekologiya_15-240x172.jpg",240,172,true],"advps-thumb-one":["https:\/\/arantv.az\/wp-content\/uploads\/2019\/11\/ekologiya_15.jpg",800,450,false]},"rttpg_author":{"display_name":"V\u00fcsal Rafiqo\u011flu","author_link":"https:\/\/arantv.az\/?author=2"},"rttpg_comment":0,"rttpg_category":"<a href=\"https:\/\/arantv.az\/?cat=1\" rel=\"category\">C\u0259miyy\u0259t<\/a>","rttpg_excerpt":"D\u00f6vl\u0259t Bayra\u011f\u0131 G\u00fcn\u00fc il\u0259 \u0259laq\u0259dar noyabr\u0131n 9-da Ab\u015feron Milli Park\u0131nda \u201cSa\u011flam \u0259traf m\u00fchit, sa\u011flam h\u0259yat namin\u0259\u201d ilk qa\u00e7\u0131\u015f marafonu ke\u00e7irilib. ARANTV.AZ\u00a0x\u0259b\u0259r verir ki, \u201cS\u0259n d\u0259 qo\u015ful, dostlar\u0131n\u0131 sa\u011flam \u0259traf m\u00fchitd\u0259 sa\u011flam ya\u015fama\u011fa d\u0259v\u0259t et!\u201d \u015f\u00fcar\u0131 alt\u0131nda t\u0259\u015fkil olunan marafona ilk olaraq K\u0259nd T\u0259s\u0259rr\u00fcfat\u0131 Nazirliyinin tabeliyind\u0259 \u201cAqrar T\u0259dar\u00fck v\u0259 T\u0259chizat\u201d A\u00e7\u0131q S\u0259hmdar C\u0259miyy\u0259ti d\u0259st\u0259k verib v\u0259&hellip;","_links":{"self":[{"href":"https:\/\/arantv.az\/index.php?rest_route=\/wp\/v2\/posts\/94531"}],"collection":[{"href":"https:\/\/arantv.az\/index.php?rest_route=\/wp\/v2\/posts"}],"about":[{"href":"https:\/\/arantv.az\/index.php?rest_route=\/wp\/v2\/types\/post"}],"author":[{"embeddable":true,"href":"https:\/\/arantv.az\/index.php?rest_route=\/wp\/v2\/users\/2"}],"replies":[{"embeddable":true,"href":"https:\/\/arantv.az\/index.php?rest_route=%2Fwp%2Fv2%2Fcomments&post=94531"}],"version-history":[{"count":0,"href":"https:\/\/arantv.az\/index.php?rest_route=\/wp\/v2\/posts\/94531\/revisions"}],"wp:featuredmedia":[{"embeddable":true,"href":"https:\/\/arantv.az\/index.php?rest_route=\/wp\/v2\/media\/94532"}],"wp:attachment":[{"href":"https:\/\/arantv.az\/index.php?rest_route=%2Fwp%2Fv2%2Fmedia&parent=94531"}],"wp:term":[{"taxonomy":"category","embeddable":true,"href":"https:\/\/arantv.az\/index.php?rest_route=%2Fwp%2Fv2%2Fcategories&post=94531"},{"taxonomy":"post_tag","embeddable":true,"href":"https:\/\/arantv.az\/index.php?rest_route=%2Fwp%2Fv2%2Ftags&post=94531"}],"curies":[{"name":"wp","href":"https:\/\/api.w.org\/{rel}","templated":true}]}}