{"id":94539,"date":"2019-11-09T16:22:25","date_gmt":"2019-11-09T13:22:25","guid":{"rendered":"http:\/\/arantv.az\/?p=94539"},"modified":"2019-11-09T16:22:25","modified_gmt":"2019-11-09T13:22:25","slug":"zakir-h%c9%99s%c9%99nov-andicm%c9%99-m%c9%99rasimind%c9%99-h%c9%99r-bir-az%c9%99rbaycan-%c9%99sg%c9%99ri-video-foto","status":"publish","type":"post","link":"https:\/\/arantv.az\/?p=94539","title":{"rendered":"Zakir H\u0259s\u0259nov andi\u00e7m\u0259 m\u0259rasimind\u0259: &#8220;H\u0259r bir Az\u0259rbaycan \u0259sg\u0259ri&#8230; &#8211; V\u0130DEO &#8211; FOTO"},"content":{"rendered":"<p>M\u00fcdafi\u0259 naziri general-polkovnik Zakir H\u0259s\u0259nov v\u0259 nazirliyin dig\u0259r r\u0259hb\u0259r hey\u0259ti Az\u0259rbaycan Ordusunun h\u0259rbi hiss\u0259l\u0259rind\u0259n birind\u0259 \u0259sg\u0259r valideynl\u0259rinin v\u0259 ictimaiyy\u0259t n\u00fcmay\u0259nd\u0259l\u0259rinin i\u015ftirak\u0131 il\u0259 D\u00f6vl\u0259t Bayra\u011f\u0131 G\u00fcn\u00fc m\u00fcnasib\u0259til\u0259 ke\u00e7iril\u0259n andi\u00e7m\u0259 m\u0259rasimind\u0259 v\u0259 &#8220;A\u00e7\u0131q qap\u0131 g\u00fcn\u00fc&#8221; il\u0259 \u0259laq\u0259dar t\u0259dbird\u0259 i\u015ftirak edibl\u0259r.<\/p>\n<p><strong>ARANTV.AZ<\/strong>\u00a0<a href=\"http:\/\/az.trend.az\/\" target=\"_blank\" rel=\"noopener\">Trend<\/a>-\u0259 istinad\u0259n bildirir ki,\u00a0M\u00fcdafi\u0259 Nazirliyinin r\u0259hb\u0259rliyi \u0259vv\u0259lc\u0259 h\u0259rbi hiss\u0259nin \u0259razisind\u0259 ucald\u0131lan \u00fcmummilli lider Heyd\u0259r \u018fliyevin heyk\u0259li \u00f6n\u00fcn\u0259 g\u00fcl d\u0259st\u0259l\u0259ri qoyaraq, Ulu \u00d6nd\u0259rin v\u0259 \u00f6lk\u0259mizin m\u00fcst\u0259qilliyi, \u0259razi b\u00fct\u00f6vl\u00fcy\u00fc u\u011frunda \u015f\u0259hid olanlar\u0131n xatir\u0259sini bir d\u0259qiq\u0259lik s\u00fckutla yad edib. Az\u0259rbaycan Respublikas\u0131n\u0131n D\u00f6vl\u0259t himni s\u0259sl\u0259ndirilib.<\/p>\n<p>Sonra h\u0259rbi hiss\u0259d\u0259 g\u0259nc \u0259sg\u0259rl\u0259rin h\u0259rbi andi\u00e7m\u0259 m\u0259rasimi ke\u00e7irilib. G\u0259nc \u0259sg\u0259rl\u0259r s\u0131ra meydan\u0131nda V\u0259t\u0259n\u0259 s\u0259daq\u0259t and\u0131 i\u00e7ibl\u0259r.<\/p>\n<p>&#8220;Az\u0259rbaycan Respublikas\u0131n\u0131n D\u00f6vl\u0259t Bayra\u011f\u0131 G\u00fcn\u00fcn\u00fcn t\u0259sis edilm\u0259si haqq\u0131nda&#8221; Az\u0259rbaycan Respublikas\u0131n\u0131n Prezidentinin S\u0259r\u0259ncam\u0131 bir daha \u015f\u0259xsi hey\u0259tin diqq\u0259tin\u0259 \u00e7atd\u0131r\u0131l\u0131b.<\/p>\n<p>Bayram nitqi il\u0259 \u00e7\u0131x\u0131\u015f ed\u0259n M\u00fcdafi\u0259 naziri Ali Ba\u015f Komandan\u0131n ordu qar\u015f\u0131s\u0131nda qoydu\u011fu tap\u015f\u0131r\u0131qlar\u0131 diqq\u0259t\u0259 \u00e7atd\u0131raraq bildirib ki, Az\u0259rbaycan Respublikas\u0131n\u0131n Prezidenti c\u0259nab \u0130lham \u018fliyevin diqq\u0259ti, qay\u011f\u0131s\u0131 v\u0259 birba\u015fa r\u0259hb\u0259rliyi n\u0259tic\u0259sind\u0259 Az\u0259rbaycan Ordusu s\u00fcr\u0259tl\u0259 inki\u015faf edir, \u00f6lk\u0259nin h\u0259rbi q\u00fcdr\u0259tinin art\u0131r\u0131lmas\u0131 sah\u0259sind\u0259 y\u00fcks\u0259k nailiyy\u0259tl\u0259r \u0259ld\u0259 olunub.<\/p>\n<p>Nazir qeyd edib ki, ordumuz m\u00fcasir silah v\u0259 h\u0259rbi texnika il\u0259 silahlan\u0131r, yeni h\u0259rbi hiss\u0259l\u0259r, ya\u015fay\u0131\u015f kompleksl\u0259ri in\u015fa edil\u0259r\u0259k istifad\u0259y\u0259 verilir: &#8220;B\u00fct\u00fcn bunlar biz\u0259 imkan verir ki, Az\u0259rbaycan Ordusunun qo\u015fun n\u00f6vl\u0259ri, h\u0259rbi hiss\u0259l\u0259ri v\u0259 b\u00f6lm\u0259l\u0259rinin d\u00f6y\u00fc\u015f qabiliyy\u0259tini, o c\u00fcml\u0259d\u0259n \u015f\u0259xsi hey\u0259tin d\u00f6y\u00fc\u015f v\u0259 m\u0259n\u0259vi-psixoloji haz\u0131rl\u0131\u011f\u0131n\u0131 y\u00fcks\u0259k s\u0259viyy\u0259d\u0259 saxlayaq, h\u0259rbi qulluq\u00e7ular\u0131n sosial m\u00fcdafi\u0259sini g\u00fccl\u0259ndir\u0259k, xalq\u0131m\u0131z\u0131n ordusuna v\u0259 i\u015f\u011fal olunmu\u015f torpaqlar\u0131n tezlikl\u0259 azad olunaca\u011f\u0131na inam\u0131n\u0131 daha da art\u0131raq, g\u0259nc n\u0259sli is\u0259 h\u0259rbi xidm\u0259t\u0259 h\u0259v\u0259sl\u0259ndir\u0259k. H\u0259r bir Az\u0259rbaycan \u0259sg\u0259ri d\u00f6y\u00fc\u015f haz\u0131rl\u0131\u011f\u0131n\u0131 daim art\u0131rmal\u0131, n\u00fcmun\u0259vi v\u0259 nizam-intizaml\u0131 olmal\u0131, s\u0259r\u0259ncam\u0131ndak\u0131 \u0259n m\u00fcasir silah v\u0259 h\u0259rbi texnikan\u0131 bacar\u0131qla t\u0259tbiq etm\u0259y\u0259 qadir olmal\u0131, i\u015f\u011fal\u00e7\u0131lara qar\u015f\u0131 d\u00f6y\u00fc\u015fl\u0259rd\u0259 m\u0259rdlik v\u0259 f\u0259dakarl\u0131q g\u00f6st\u0259rm\u0259y\u0259 h\u0259r an haz\u0131r olmal\u0131d\u0131r. Az\u0259rbaycan Ordusunun g\u00fcc\u00fc m\u0259hz \u015f\u0259xsi hey\u0259tin v\u0259t\u0259np\u0259rv\u0259rliyind\u0259, d\u00f6y\u00fc\u015f \u0259zmi v\u0259 ruh y\u00fcks\u0259kliyind\u0259, y\u00fcks\u0259k nizam-intizam\u0131nda v\u0259 pe\u015f\u0259karl\u0131\u011f\u0131ndad\u0131r&#8221;.<\/p>\n<p>Nazir D\u00f6vl\u0259t Bayra\u011f\u0131 G\u00fcn\u00fc m\u00fcnasib\u0259til\u0259 \u015f\u0259xsi hey\u0259ti t\u0259brik ed\u0259r\u0259k ona u\u011furlar arzulay\u0131b.<\/p>\n<p>Andi\u00e7m\u0259 m\u0259rasimi \u015f\u0259xsi hey\u0259tin t\u0259nt\u0259n\u0259li mar\u015fla tribunan\u0131n \u00f6n\u00fcnd\u0259n ke\u00e7idi il\u0259 ba\u015fa \u00e7at\u0131b.<\/p>\n<p>\u018fsg\u0259r valideynl\u0259ri il\u0259 g\u00f6r\u00fc\u015f\u0259n general-polkovnik Z.H\u0259s\u0259nov h\u0259rbi xidm\u0259tl\u0259 \u0259laq\u0259dar onlar\u0131 maraqland\u0131ran suallar\u0131 cavabland\u0131r\u0131b, bir s\u0131ra m\u0259s\u0259l\u0259l\u0259rin h\u0259lli il\u0259 ba\u011fl\u0131 m\u00fcvafiq v\u0259zif\u0259li \u015f\u0259xsl\u0259r\u0259 g\u00f6st\u0259ri\u015fl\u0259r verib.<\/p>\n<p>Sonra &#8220;A\u00e7\u0131q qap\u0131 g\u00fcn\u00fc&#8221; \u00e7\u0259r\u00e7iv\u0259sind\u0259 M\u00fcdafi\u0259 naziri t\u0259dbir i\u015ftirak\u00e7\u0131lar\u0131 il\u0259 birlikd\u0259 h\u0259rbi hiss\u0259d\u0259 t\u0259\u015fkil olunan &#8220;Az\u0259rbaycan\u0131n tarixi bayraqlar\u0131&#8221; s\u0259rgisin\u0259 bax\u0131\u015f ke\u00e7irib.<\/p>\n<p>T\u0259dbir i\u015ftirak\u00e7\u0131lar\u0131na tarixin m\u00fcxt\u0259lif d\u00f6vrl\u0259rin\u0259 t\u0259sad\u00fcf ed\u0259n Az\u0259rbaycan\u0131n d\u00f6vl\u0259t bayraqlar\u0131 haqq\u0131nda \u0259trafl\u0131 m\u0259lumat verilib.<\/p>\n<p>T\u0259dbir H\u0259zi Aslanov ad\u0131na Ordu \u0130deoloji v\u0259 M\u0259d\u0259niyy\u0259t M\u0259rk\u0259zinin mahn\u0131 v\u0259 r\u0259qs ansambl\u0131n\u0131n ifas\u0131nda geni\u015f konsert proqram\u0131 il\u0259 davam edib.<\/p>\n<p>T\u0259dbirin sonunda M\u00fcdafi\u0259 Nazirliyinin r\u0259hb\u0259rliyi \u015f\u0259xsi hey\u0259tl\u0259 birlikd\u0259 nahar edib.<\/p>\n<div id=\"wrapper\">\n<div id=\"page-wrapper\">\n<div class=\"main-content\">\n<div class=\"content\">\n<div class=\"container\">\n<div class=\"row mbxxl\">\n<div class=\"col-md-9 col-sm-9\">\n<div id=\"content-news\" class=\"section-category\">\n<div class=\"section-content\">\n<div class=\"main-news\">\n<div id=\"article_content\">\n<p><iframe loading=\"lazy\" src=\"https:\/\/www.trend.az\/player.php?f=%20https:\/\/cdn.trend.az\/media\/pictures\/2019\/11\/09\/video_mudafie_tedbir_091119.mp4\" width=\"100%\" height=\"360\" frameborder=\"0\" allowfullscreen=\"allowfullscreen\" data-mce-fragment=\"1\"><\/iframe><\/p>\n<h4><\/h4>\n<div class=\"article-gallery\">\n<div class=\"lSSlideOuter \">\n<div class=\"lSSlideWrapper usingCss\">\n<ul class=\"images-list lightSlider lsGrab lSSlide\">\n<li class=\"lslide active\" data-src=\"https:\/\/img.milli.az\/2019\/11\/09\/801093_(2).jpg\" data-fancybox=\"801093\"><img src=\"https:\/\/img.milli.az\/2019\/11\/09\/801093_(2).jpg\" alt=\"\" \/><\/li>\n<li class=\"lslide\" data-src=\"https:\/\/img.milli.az\/2019\/11\/09\/801093_(3).jpg\" data-fancybox=\"801093\"><img src=\"https:\/\/img.milli.az\/2019\/11\/09\/801093_(3).jpg\" alt=\"\" \/><\/li>\n<li class=\"lslide\" data-src=\"https:\/\/img.milli.az\/2019\/11\/09\/801093_(4).jpg\" data-fancybox=\"801093\"><img src=\"https:\/\/img.milli.az\/2019\/11\/09\/801093_(4).jpg\" alt=\"\" \/><\/li>\n<li class=\"lslide\" data-src=\"https:\/\/img.milli.az\/2019\/11\/09\/801093_(5).jpg\" data-fancybox=\"801093\"><img src=\"https:\/\/img.milli.az\/2019\/11\/09\/801093_(5).jpg\" alt=\"\" \/><\/li>\n<li class=\"lslide\" data-src=\"https:\/\/img.milli.az\/2019\/11\/09\/801093_(6).jpg\" data-fancybox=\"801093\"><img src=\"https:\/\/img.milli.az\/2019\/11\/09\/801093_(6).jpg\" alt=\"\" \/><\/li>\n<li class=\"lslide\" data-src=\"https:\/\/img.milli.az\/2019\/11\/09\/801093_(7).jpg\" data-fancybox=\"801093\"><img src=\"https:\/\/img.milli.az\/2019\/11\/09\/801093_(7).jpg\" alt=\"\" \/><\/li>\n<li class=\"lslide\" data-src=\"https:\/\/img.milli.az\/2019\/11\/09\/801093_(8).jpg\" data-fancybox=\"801093\"><img src=\"https:\/\/img.milli.az\/2019\/11\/09\/801093_(8).jpg\" alt=\"\" \/><\/li>\n<li class=\"lslide\" data-src=\"https:\/\/img.milli.az\/2019\/11\/09\/801093_(9).jpg\" data-fancybox=\"801093\"><img src=\"https:\/\/img.milli.az\/2019\/11\/09\/801093_(9).jpg\" alt=\"\" \/><\/li>\n<li class=\"lslide\" data-src=\"https:\/\/img.milli.az\/2019\/11\/09\/801093_(10).jpg\" data-fancybox=\"801093\"><img src=\"https:\/\/img.milli.az\/2019\/11\/09\/801093_(10).jpg\" alt=\"\" \/><\/li>\n<li class=\"lslide\" data-src=\"https:\/\/img.milli.az\/2019\/11\/09\/801093_(11).jpg\" data-fancybox=\"801093\"><img src=\"https:\/\/img.milli.az\/2019\/11\/09\/801093_(11).jpg\" alt=\"\" \/><\/li>\n<li class=\"lslide\" data-src=\"https:\/\/img.milli.az\/2019\/11\/09\/801093_(12).jpg\" data-fancybox=\"801093\"><img src=\"https:\/\/img.milli.az\/2019\/11\/09\/801093_(12).jpg\" alt=\"\" \/><\/li>\n<li class=\"lslide\" data-src=\"https:\/\/img.milli.az\/2019\/11\/09\/801093_(14).jpg\" data-fancybox=\"801093\"><img src=\"https:\/\/img.milli.az\/2019\/11\/09\/801093_(14).jpg\" alt=\"\" \/><\/li>\n<li class=\"lslide\" data-src=\"https:\/\/img.milli.az\/2019\/11\/09\/801093_(15).jpg\" data-fancybox=\"801093\"><img src=\"https:\/\/img.milli.az\/2019\/11\/09\/801093_(15).jpg\" alt=\"\" \/><\/li>\n<li class=\"lslide\" data-src=\"https:\/\/img.milli.az\/2019\/11\/09\/801093_(16).jpg\" data-fancybox=\"801093\"><img src=\"https:\/\/img.milli.az\/2019\/11\/09\/801093_(16).jpg\" alt=\"\" \/><\/li>\n<li class=\"lslide\" data-src=\"https:\/\/img.milli.az\/2019\/11\/09\/801093_(13).jpg\" data-fancybox=\"801093\"><img src=\"https:\/\/img.milli.az\/2019\/11\/09\/801093_(13).jpg\" alt=\"\" \/><\/li>\n<li class=\"lslide\" data-src=\"https:\/\/img.milli.az\/2019\/11\/09\/801093_(17).jpg\" data-fancybox=\"801093\"><img src=\"https:\/\/img.milli.az\/2019\/11\/09\/801093_(17).jpg\" alt=\"\" \/><\/li>\n<li class=\"lslide\" data-src=\"https:\/\/img.milli.az\/2019\/11\/09\/801093_(18).jpg\" data-fancybox=\"801093\"><img src=\"https:\/\/img.milli.az\/2019\/11\/09\/801093_(18).jpg\" alt=\"\" \/><\/li>\n<li class=\"lslide\" data-src=\"https:\/\/img.milli.az\/2019\/11\/09\/801093_(19).jpg\" data-fancybox=\"801093\"><img src=\"https:\/\/img.milli.az\/2019\/11\/09\/801093_(19).jpg\" alt=\"\" \/><\/li>\n<li class=\"lslide\" data-src=\"https:\/\/img.milli.az\/2019\/11\/09\/801093_(20).jpg\" data-fancybox=\"801093\"><img src=\"https:\/\/img.milli.az\/2019\/11\/09\/801093_(20).jpg\" alt=\"\" \/><\/li>\n<li class=\"lslide\" data-src=\"https:\/\/img.milli.az\/2019\/11\/09\/801093_(21).jpg\" data-fancybox=\"801093\"><img src=\"https:\/\/img.milli.az\/2019\/11\/09\/801093_(21).jpg\" alt=\"\" \/><\/li>\n<li class=\"lslide\" data-src=\"https:\/\/img.milli.az\/2019\/11\/09\/801093_(22).jpg\" data-fancybox=\"801093\"><img src=\"https:\/\/img.milli.az\/2019\/11\/09\/801093_(22).jpg\" alt=\"\" \/><\/li>\n<li class=\"lslide\" data-src=\"https:\/\/img.milli.az\/2019\/11\/09\/801093_(23).jpg\" data-fancybox=\"801093\"><img src=\"https:\/\/img.milli.az\/2019\/11\/09\/801093_(23).jpg\" alt=\"\" \/><\/li>\n<li class=\"lslide\" data-src=\"https:\/\/img.milli.az\/2019\/11\/09\/801093_(24).jpg\" data-fancybox=\"801093\"><img src=\"https:\/\/img.milli.az\/2019\/11\/09\/801093_(24).jpg\" alt=\"\" \/><\/li>\n<li class=\"lslide\" data-src=\"https:\/\/img.milli.az\/2019\/11\/09\/801093_(25).jpg\" data-fancybox=\"801093\"><img src=\"https:\/\/img.milli.az\/2019\/11\/09\/801093_(25).jpg\" alt=\"\" \/><\/li>\n<li class=\"lslide\" data-src=\"https:\/\/img.milli.az\/2019\/11\/09\/801093_(26).jpg\" data-fancybox=\"801093\"><img src=\"https:\/\/img.milli.az\/2019\/11\/09\/801093_(26).jpg\" alt=\"\" \/><\/li>\n<li class=\"lslide\" data-src=\"https:\/\/img.milli.az\/2019\/11\/09\/801093_(27).jpg\" data-fancybox=\"801093\"><img src=\"https:\/\/img.milli.az\/2019\/11\/09\/801093_(27).jpg\" alt=\"\" \/><\/li>\n<li class=\"lslide\" data-src=\"https:\/\/img.milli.az\/2019\/11\/09\/801093_(28).jpg\" data-fancybox=\"801093\"><img src=\"https:\/\/img.milli.az\/2019\/11\/09\/801093_(28).jpg\" alt=\"\" \/><\/li>\n<li class=\"lslide\" data-src=\"https:\/\/img.milli.az\/2019\/11\/09\/801093_(29).jpg\" data-fancybox=\"801093\"><img src=\"https:\/\/img.milli.az\/2019\/11\/09\/801093_(29).jpg\" alt=\"\" \/><\/li>\n<\/ul>\n<div class=\"lSAction\"><\/div>\n<\/div>\n<\/div>\n<div class=\"lSSlideOuter \">\n<div class=\"lSSlideWrapper usingCss\">\n<div class=\"lSAction\"><\/div>\n<\/div>\n<\/div>\n<\/div>\n<\/div>\n<\/div>\n<\/div>\n<\/div>\n<\/div>\n<\/div>\n<\/div>\n<\/div>\n<\/div>\n<\/div>\n<\/div>\n","protected":false},"excerpt":{"rendered":"<p>M\u00fcdafi\u0259 naziri general-polkovnik Zakir H\u0259s\u0259nov v\u0259 nazirliyin dig\u0259r r\u0259hb\u0259r hey\u0259ti Az\u0259rbaycan Ordusunun h\u0259rbi hiss\u0259l\u0259rind\u0259n birind\u0259 \u0259sg\u0259r valideynl\u0259rinin v\u0259 ictimaiyy\u0259t n\u00fcmay\u0259nd\u0259l\u0259rinin i\u015ftirak\u0131 il\u0259 D\u00f6vl\u0259t Bayra\u011f\u0131 G\u00fcn\u00fc m\u00fcnasib\u0259til\u0259 ke\u00e7iril\u0259n andi\u00e7m\u0259 m\u0259rasimind\u0259 v\u0259 &#8220;A\u00e7\u0131q qap\u0131 g\u00fcn\u00fc&#8221; il\u0259 \u0259laq\u0259dar t\u0259dbird\u0259 i\u015ftirak edibl\u0259r. ARANTV.AZ\u00a0Trend-\u0259 istinad\u0259n bildirir ki,\u00a0M\u00fcdafi\u0259 Nazirliyinin r\u0259hb\u0259rliyi \u0259vv\u0259lc\u0259 h\u0259rbi hiss\u0259nin \u0259razisind\u0259 ucald\u0131lan \u00fcmummilli lider Heyd\u0259r \u018fliyevin heyk\u0259li \u00f6n\u00fcn\u0259 g\u00fcl d\u0259st\u0259l\u0259ri qoyaraq, Ulu \u00d6nd\u0259rin v\u0259 \u00f6lk\u0259mizin m\u00fcst\u0259qilliyi, \u0259razi b\u00fct\u00f6vl\u00fcy\u00fc u\u011frunda \u015f\u0259hid olanlar\u0131n xatir\u0259sini bir d\u0259qiq\u0259lik s\u00fckutla yad edib. Az\u0259rbaycan Respublikas\u0131n\u0131n D\u00f6vl\u0259t himni s\u0259sl\u0259ndirilib. Sonra h\u0259rbi hiss\u0259d\u0259 g\u0259nc \u0259sg\u0259rl\u0259rin h\u0259rbi andi\u00e7m\u0259 m\u0259rasimi ke\u00e7irilib. G\u0259nc \u0259sg\u0259rl\u0259r&hellip;<\/p>\n","protected":false},"author":2,"featured_media":94540,"comment_status":"closed","ping_status":"closed","sticky":false,"template":"","format":"standard","meta":{"om_disable_all_campaigns":false,"_monsterinsights_skip_tracking":false,"_monsterinsights_sitenote_active":false,"_monsterinsights_sitenote_note":"","_monsterinsights_sitenote_category":0},"categories":[1],"tags":[],"aioseo_notices":[],"gutentor_comment":0,"rttpg_featured_image_url":{"full":["https:\/\/arantv.az\/wp-content\/uploads\/2019\/11\/801093_13.jpg",1000,667,false],"landscape":["https:\/\/arantv.az\/wp-content\/uploads\/2019\/11\/801093_13.jpg",1000,667,false],"portraits":["https:\/\/arantv.az\/wp-content\/uploads\/2019\/11\/801093_13.jpg",1000,667,false],"thumbnail":["https:\/\/arantv.az\/wp-content\/uploads\/2019\/11\/801093_13-150x150.jpg",150,150,true],"medium":["https:\/\/arantv.az\/wp-content\/uploads\/2019\/11\/801093_13-300x200.jpg",300,200,true],"large":["https:\/\/arantv.az\/wp-content\/uploads\/2019\/11\/801093_13.jpg",640,427,false],"1536x1536":["https:\/\/arantv.az\/wp-content\/uploads\/2019\/11\/801093_13.jpg",1000,667,false],"2048x2048":["https:\/\/arantv.az\/wp-content\/uploads\/2019\/11\/801093_13.jpg",1000,667,false],"post-thumbnail":["https:\/\/arantv.az\/wp-content\/uploads\/2019\/11\/801093_13-240x172.jpg",240,172,true],"advps-thumb-one":["https:\/\/arantv.az\/wp-content\/uploads\/2019\/11\/801093_13-1000x620.jpg",1000,620,true]},"rttpg_author":{"display_name":"V\u00fcsal Rafiqo\u011flu","author_link":"https:\/\/arantv.az\/?author=2"},"rttpg_comment":0,"rttpg_category":"<a href=\"https:\/\/arantv.az\/?cat=1\" rel=\"category\">C\u0259miyy\u0259t<\/a>","rttpg_excerpt":"M\u00fcdafi\u0259 naziri general-polkovnik Zakir H\u0259s\u0259nov v\u0259 nazirliyin dig\u0259r r\u0259hb\u0259r hey\u0259ti Az\u0259rbaycan Ordusunun h\u0259rbi hiss\u0259l\u0259rind\u0259n birind\u0259 \u0259sg\u0259r valideynl\u0259rinin v\u0259 ictimaiyy\u0259t n\u00fcmay\u0259nd\u0259l\u0259rinin i\u015ftirak\u0131 il\u0259 D\u00f6vl\u0259t Bayra\u011f\u0131 G\u00fcn\u00fc m\u00fcnasib\u0259til\u0259 ke\u00e7iril\u0259n andi\u00e7m\u0259 m\u0259rasimind\u0259 v\u0259 &#8220;A\u00e7\u0131q qap\u0131 g\u00fcn\u00fc&#8221; il\u0259 \u0259laq\u0259dar t\u0259dbird\u0259 i\u015ftirak edibl\u0259r. ARANTV.AZ\u00a0Trend-\u0259 istinad\u0259n bildirir ki,\u00a0M\u00fcdafi\u0259 Nazirliyinin r\u0259hb\u0259rliyi \u0259vv\u0259lc\u0259 h\u0259rbi hiss\u0259nin \u0259razisind\u0259 ucald\u0131lan \u00fcmummilli lider Heyd\u0259r \u018fliyevin heyk\u0259li \u00f6n\u00fcn\u0259&hellip;","_links":{"self":[{"href":"https:\/\/arantv.az\/index.php?rest_route=\/wp\/v2\/posts\/94539"}],"collection":[{"href":"https:\/\/arantv.az\/index.php?rest_route=\/wp\/v2\/posts"}],"about":[{"href":"https:\/\/arantv.az\/index.php?rest_route=\/wp\/v2\/types\/post"}],"author":[{"embeddable":true,"href":"https:\/\/arantv.az\/index.php?rest_route=\/wp\/v2\/users\/2"}],"replies":[{"embeddable":true,"href":"https:\/\/arantv.az\/index.php?rest_route=%2Fwp%2Fv2%2Fcomments&post=94539"}],"version-history":[{"count":0,"href":"https:\/\/arantv.az\/index.php?rest_route=\/wp\/v2\/posts\/94539\/revisions"}],"wp:featuredmedia":[{"embeddable":true,"href":"https:\/\/arantv.az\/index.php?rest_route=\/wp\/v2\/media\/94540"}],"wp:attachment":[{"href":"https:\/\/arantv.az\/index.php?rest_route=%2Fwp%2Fv2%2Fmedia&parent=94539"}],"wp:term":[{"taxonomy":"category","embeddable":true,"href":"https:\/\/arantv.az\/index.php?rest_route=%2Fwp%2Fv2%2Fcategories&post=94539"},{"taxonomy":"post_tag","embeddable":true,"href":"https:\/\/arantv.az\/index.php?rest_route=%2Fwp%2Fv2%2Ftags&post=94539"}],"curies":[{"name":"wp","href":"https:\/\/api.w.org\/{rel}","templated":true}]}}