{"id":94573,"date":"2019-11-11T08:48:42","date_gmt":"2019-11-11T05:48:42","guid":{"rendered":"http:\/\/arantv.az\/?p=94573"},"modified":"2019-11-11T08:48:42","modified_gmt":"2019-11-11T05:48:42","slug":"taninmis-v%c9%99kil-az%c9%99rbaycanda-bosanmalarin-%c9%99sas-s%c9%99b%c9%99bi-budur","status":"publish","type":"post","link":"https:\/\/arantv.az\/?p=94573","title":{"rendered":"Tan\u0131nm\u0131\u015f v\u0259kil: Az\u0259rbaycanda bo\u015fanmalar\u0131n \u0259sas s\u0259b\u0259bi budur"},"content":{"rendered":"<p>Tan\u0131nm\u0131\u015f v\u0259kil Anar Qas\u0131ml\u0131 \u00f6lk\u0259d\u0259 qeyd\u0259 al\u0131nan bo\u015fanmalar\u0131n s\u0259b\u0259bl\u0259ri aras\u0131nda qad\u0131nlar aras\u0131ndak\u0131 m\u00fcnasib\u0259tl\u0259rin d\u00fczg\u00fcn qurulmamas\u0131n\u0131n h\u0259l\u0259 d\u0259 \u0259sas faktorlardan biri oldu\u011funu deyib.<\/p>\n<p><strong>ARANTV.AZ<\/strong>\u00a0 x\u0259b\u0259r verir ki, Anar Qas\u0131ml\u0131n\u0131n s\u00f6zl\u0259rin\u0259 g\u00f6r\u0259, ail\u0259l\u0259rd\u0259 qaynana v\u0259 bald\u0131z faktoru v\u0259 onlar\u0131n t\u0259sirl\u0259ri h\u0259l\u0259 d\u0259 g\u00fccl\u00fcd\u00fcr: \u201c Ail\u0259l\u0259r niy\u0259 da\u011f\u0131l\u0131r? M\u0259hk\u0259m\u0259 t\u0259cr\u00fcb\u0259sinin \u00f6yr\u0259nilm\u0259si g\u00f6st\u0259rir ki, ail\u0259l\u0259rin da\u011f\u0131lmas\u0131nda qay\u0131nana v\u0259 bald\u0131z faktoru h\u0259l\u0259 d\u0259 \u00fcst\u00fcn m\u00f6vqed\u0259dir. B\u0259li, m\u0259hz qaynana v\u0259 bald\u0131z. Y\u0259ni, qad\u0131nlar, qad\u0131nlar\u0131n qad\u0131nlara qar\u015f\u0131 zorak\u0131l\u0131\u011f\u0131. Feministl\u0259r deyir ki, h\u00f6kum\u0259t \u0130stanbul Konvensiyas\u0131na qo\u015fulsun. N\u0259inki \u0130stanbul Konvensiyas\u0131na qo\u015fulsaq, h\u0259tta d\u00fcnyan\u0131n b\u00fct\u00fcn \u015f\u0259h\u0259rl\u0259rinin ad\u0131na qad\u0131nlar\u0131n m\u00fcdafi\u0259sin\u0259 dair Konvensiyalar q\u0259bul edils\u0259 v\u0259 biz o Konvensiyalara da qo\u015fulsaq, he\u00e7 n\u0259 d\u0259yi\u015fm\u0259y\u0259c\u0259k\u201d.<\/p>\n<p>V\u0259kil insan h\u00fcquqlar\u0131n\u0131n m\u00fcdafi\u0259si il\u0259 m\u0259\u015f\u011ful olan lakin ail\u0259d\u0259 \u00f6z g\u0259linin\u0259 qar\u015f\u0131 amans\u0131z m\u00fcnasib\u0259t b\u0259sl\u0259y\u0259n xeyli qad\u0131n tan\u0131d\u0131\u011f\u0131n\u0131 da \u0259lav\u0259 edib.Publika.az<\/p>\n","protected":false},"excerpt":{"rendered":"<p>Tan\u0131nm\u0131\u015f v\u0259kil Anar Qas\u0131ml\u0131 \u00f6lk\u0259d\u0259 qeyd\u0259 al\u0131nan bo\u015fanmalar\u0131n s\u0259b\u0259bl\u0259ri aras\u0131nda qad\u0131nlar aras\u0131ndak\u0131 m\u00fcnasib\u0259tl\u0259rin d\u00fczg\u00fcn qurulmamas\u0131n\u0131n h\u0259l\u0259 d\u0259 \u0259sas faktorlardan biri oldu\u011funu deyib. ARANTV.AZ\u00a0 x\u0259b\u0259r verir ki, Anar Qas\u0131ml\u0131n\u0131n s\u00f6zl\u0259rin\u0259 g\u00f6r\u0259, ail\u0259l\u0259rd\u0259 qaynana v\u0259 bald\u0131z faktoru v\u0259 onlar\u0131n t\u0259sirl\u0259ri h\u0259l\u0259 d\u0259 g\u00fccl\u00fcd\u00fcr: \u201c Ail\u0259l\u0259r niy\u0259 da\u011f\u0131l\u0131r? M\u0259hk\u0259m\u0259 t\u0259cr\u00fcb\u0259sinin \u00f6yr\u0259nilm\u0259si g\u00f6st\u0259rir ki, ail\u0259l\u0259rin da\u011f\u0131lmas\u0131nda qay\u0131nana v\u0259 bald\u0131z faktoru h\u0259l\u0259 d\u0259 \u00fcst\u00fcn m\u00f6vqed\u0259dir. B\u0259li, m\u0259hz qaynana v\u0259 bald\u0131z. Y\u0259ni, qad\u0131nlar, qad\u0131nlar\u0131n qad\u0131nlara qar\u015f\u0131 zorak\u0131l\u0131\u011f\u0131. Feministl\u0259r deyir ki, h\u00f6kum\u0259t \u0130stanbul Konvensiyas\u0131na qo\u015fulsun. N\u0259inki \u0130stanbul Konvensiyas\u0131na qo\u015fulsaq, h\u0259tta d\u00fcnyan\u0131n b\u00fct\u00fcn \u015f\u0259h\u0259rl\u0259rinin ad\u0131na qad\u0131nlar\u0131n m\u00fcdafi\u0259sin\u0259 dair&hellip;<\/p>\n","protected":false},"author":2,"featured_media":94574,"comment_status":"closed","ping_status":"closed","sticky":false,"template":"","format":"standard","meta":{"om_disable_all_campaigns":false,"_monsterinsights_skip_tracking":false,"_monsterinsights_sitenote_active":false,"_monsterinsights_sitenote_note":"","_monsterinsights_sitenote_category":0},"categories":[1],"tags":[],"aioseo_notices":[],"gutentor_comment":0,"rttpg_featured_image_url":{"full":["https:\/\/arantv.az\/wp-content\/uploads\/2019\/11\/bosanma.jpg",800,450,false],"landscape":["https:\/\/arantv.az\/wp-content\/uploads\/2019\/11\/bosanma.jpg",800,450,false],"portraits":["https:\/\/arantv.az\/wp-content\/uploads\/2019\/11\/bosanma.jpg",800,450,false],"thumbnail":["https:\/\/arantv.az\/wp-content\/uploads\/2019\/11\/bosanma-150x150.jpg",150,150,true],"medium":["https:\/\/arantv.az\/wp-content\/uploads\/2019\/11\/bosanma-300x169.jpg",300,169,true],"large":["https:\/\/arantv.az\/wp-content\/uploads\/2019\/11\/bosanma.jpg",640,360,false],"1536x1536":["https:\/\/arantv.az\/wp-content\/uploads\/2019\/11\/bosanma.jpg",800,450,false],"2048x2048":["https:\/\/arantv.az\/wp-content\/uploads\/2019\/11\/bosanma.jpg",800,450,false],"post-thumbnail":["https:\/\/arantv.az\/wp-content\/uploads\/2019\/11\/bosanma-240x172.jpg",240,172,true],"advps-thumb-one":["https:\/\/arantv.az\/wp-content\/uploads\/2019\/11\/bosanma.jpg",800,450,false]},"rttpg_author":{"display_name":"V\u00fcsal Rafiqo\u011flu","author_link":"https:\/\/arantv.az\/?author=2"},"rttpg_comment":0,"rttpg_category":"<a href=\"https:\/\/arantv.az\/?cat=1\" rel=\"category\">C\u0259miyy\u0259t<\/a>","rttpg_excerpt":"Tan\u0131nm\u0131\u015f v\u0259kil Anar Qas\u0131ml\u0131 \u00f6lk\u0259d\u0259 qeyd\u0259 al\u0131nan bo\u015fanmalar\u0131n s\u0259b\u0259bl\u0259ri aras\u0131nda qad\u0131nlar aras\u0131ndak\u0131 m\u00fcnasib\u0259tl\u0259rin d\u00fczg\u00fcn qurulmamas\u0131n\u0131n h\u0259l\u0259 d\u0259 \u0259sas faktorlardan biri oldu\u011funu deyib. ARANTV.AZ\u00a0 x\u0259b\u0259r verir ki, Anar Qas\u0131ml\u0131n\u0131n s\u00f6zl\u0259rin\u0259 g\u00f6r\u0259, ail\u0259l\u0259rd\u0259 qaynana v\u0259 bald\u0131z faktoru v\u0259 onlar\u0131n t\u0259sirl\u0259ri h\u0259l\u0259 d\u0259 g\u00fccl\u00fcd\u00fcr: \u201c Ail\u0259l\u0259r niy\u0259 da\u011f\u0131l\u0131r? M\u0259hk\u0259m\u0259 t\u0259cr\u00fcb\u0259sinin \u00f6yr\u0259nilm\u0259si g\u00f6st\u0259rir ki, ail\u0259l\u0259rin da\u011f\u0131lmas\u0131nda qay\u0131nana v\u0259 bald\u0131z&hellip;","_links":{"self":[{"href":"https:\/\/arantv.az\/index.php?rest_route=\/wp\/v2\/posts\/94573"}],"collection":[{"href":"https:\/\/arantv.az\/index.php?rest_route=\/wp\/v2\/posts"}],"about":[{"href":"https:\/\/arantv.az\/index.php?rest_route=\/wp\/v2\/types\/post"}],"author":[{"embeddable":true,"href":"https:\/\/arantv.az\/index.php?rest_route=\/wp\/v2\/users\/2"}],"replies":[{"embeddable":true,"href":"https:\/\/arantv.az\/index.php?rest_route=%2Fwp%2Fv2%2Fcomments&post=94573"}],"version-history":[{"count":0,"href":"https:\/\/arantv.az\/index.php?rest_route=\/wp\/v2\/posts\/94573\/revisions"}],"wp:featuredmedia":[{"embeddable":true,"href":"https:\/\/arantv.az\/index.php?rest_route=\/wp\/v2\/media\/94574"}],"wp:attachment":[{"href":"https:\/\/arantv.az\/index.php?rest_route=%2Fwp%2Fv2%2Fmedia&parent=94573"}],"wp:term":[{"taxonomy":"category","embeddable":true,"href":"https:\/\/arantv.az\/index.php?rest_route=%2Fwp%2Fv2%2Fcategories&post=94573"},{"taxonomy":"post_tag","embeddable":true,"href":"https:\/\/arantv.az\/index.php?rest_route=%2Fwp%2Fv2%2Ftags&post=94573"}],"curies":[{"name":"wp","href":"https:\/\/api.w.org\/{rel}","templated":true}]}}