{"id":94581,"date":"2019-11-11T08:50:46","date_gmt":"2019-11-11T05:50:46","guid":{"rendered":"http:\/\/arantv.az\/?p=94581"},"modified":"2019-11-11T08:50:46","modified_gmt":"2019-11-11T05:50:46","slug":"23-yasli-qadin-dogus-zamani-oldu","status":"publish","type":"post","link":"https:\/\/arantv.az\/?p=94581","title":{"rendered":"23 ya\u015fl\u0131 qad\u0131n do\u011fu\u015f zaman\u0131 \u00f6ld\u00fc"},"content":{"rendered":"<p>Yevlaxda do\u011fu\u015f zaman\u0131 ana \u00f6l\u00fcm\u00fc fakt\u0131 qeyd\u0259 al\u0131n\u0131b.<\/p>\n<p><strong>ARANTV.AZ<\/strong>-\u0131n m\u0259lumat\u0131na g\u00f6r\u0259, 23 ya\u015fl\u0131 Tanr\u0131qulular k\u0259nd sakini G\u00fclan\u0259 H\u0259mz\u0259yeva Yevlax Rayon M\u0259rk\u0259zi X\u0259st\u0259xanas\u0131nda q\u0131z u\u015fa\u011f\u0131 d\u00fcnyaya g\u0259tirib.<\/p>\n<div><\/div>\n<p>Ancaq ana do\u011fu\u015f zaman\u0131 h\u0259yat\u0131n\u0131 itirib.<\/p>\n<p>Qeyd ed\u0259k ki, bu, G. H\u0259mz\u0259yevan\u0131n ikinci \u00f6vlad\u0131d\u0131r.<\/p>\n<p>Faktla ba\u011fl\u0131 Yevlax Rayon Prokurorlu\u011funda ara\u015fd\u0131rma apar\u0131l\u0131r.apa<\/p>\n","protected":false},"excerpt":{"rendered":"<p>Yevlaxda do\u011fu\u015f zaman\u0131 ana \u00f6l\u00fcm\u00fc fakt\u0131 qeyd\u0259 al\u0131n\u0131b. ARANTV.AZ-\u0131n m\u0259lumat\u0131na g\u00f6r\u0259, 23 ya\u015fl\u0131 Tanr\u0131qulular k\u0259nd sakini G\u00fclan\u0259 H\u0259mz\u0259yeva Yevlax Rayon M\u0259rk\u0259zi X\u0259st\u0259xanas\u0131nda q\u0131z u\u015fa\u011f\u0131 d\u00fcnyaya g\u0259tirib. Ancaq ana do\u011fu\u015f zaman\u0131 h\u0259yat\u0131n\u0131 itirib. Qeyd ed\u0259k ki, bu, G. H\u0259mz\u0259yevan\u0131n ikinci \u00f6vlad\u0131d\u0131r. Faktla ba\u011fl\u0131 Yevlax Rayon Prokurorlu\u011funda ara\u015fd\u0131rma apar\u0131l\u0131r.apa<\/p>\n","protected":false},"author":2,"featured_media":94582,"comment_status":"closed","ping_status":"closed","sticky":false,"template":"","format":"standard","meta":{"om_disable_all_campaigns":false,"_monsterinsights_skip_tracking":false,"_monsterinsights_sitenote_active":false,"_monsterinsights_sitenote_note":"","_monsterinsights_sitenote_category":0},"categories":[5],"tags":[],"aioseo_notices":[],"gutentor_comment":0,"rttpg_featured_image_url":{"full":["https:\/\/arantv.az\/wp-content\/uploads\/2019\/11\/1573384764xestexana_874.jpg",549,309,false],"landscape":["https:\/\/arantv.az\/wp-content\/uploads\/2019\/11\/1573384764xestexana_874.jpg",549,309,false],"portraits":["https:\/\/arantv.az\/wp-content\/uploads\/2019\/11\/1573384764xestexana_874.jpg",549,309,false],"thumbnail":["https:\/\/arantv.az\/wp-content\/uploads\/2019\/11\/1573384764xestexana_874-150x150.jpg",150,150,true],"medium":["https:\/\/arantv.az\/wp-content\/uploads\/2019\/11\/1573384764xestexana_874-300x169.jpg",300,169,true],"large":["https:\/\/arantv.az\/wp-content\/uploads\/2019\/11\/1573384764xestexana_874.jpg",549,309,false],"1536x1536":["https:\/\/arantv.az\/wp-content\/uploads\/2019\/11\/1573384764xestexana_874.jpg",549,309,false],"2048x2048":["https:\/\/arantv.az\/wp-content\/uploads\/2019\/11\/1573384764xestexana_874.jpg",549,309,false],"post-thumbnail":["https:\/\/arantv.az\/wp-content\/uploads\/2019\/11\/1573384764xestexana_874-240x172.jpg",240,172,true],"advps-thumb-one":["https:\/\/arantv.az\/wp-content\/uploads\/2019\/11\/1573384764xestexana_874.jpg",549,309,false]},"rttpg_author":{"display_name":"V\u00fcsal Rafiqo\u011flu","author_link":"https:\/\/arantv.az\/?author=2"},"rttpg_comment":0,"rttpg_category":"<a href=\"https:\/\/arantv.az\/?cat=5\" rel=\"category\">Hadis\u0259<\/a>","rttpg_excerpt":"Yevlaxda do\u011fu\u015f zaman\u0131 ana \u00f6l\u00fcm\u00fc fakt\u0131 qeyd\u0259 al\u0131n\u0131b. ARANTV.AZ-\u0131n m\u0259lumat\u0131na g\u00f6r\u0259, 23 ya\u015fl\u0131 Tanr\u0131qulular k\u0259nd sakini G\u00fclan\u0259 H\u0259mz\u0259yeva Yevlax Rayon M\u0259rk\u0259zi X\u0259st\u0259xanas\u0131nda q\u0131z u\u015fa\u011f\u0131 d\u00fcnyaya g\u0259tirib. Ancaq ana do\u011fu\u015f zaman\u0131 h\u0259yat\u0131n\u0131 itirib. Qeyd ed\u0259k ki, bu, G. H\u0259mz\u0259yevan\u0131n ikinci \u00f6vlad\u0131d\u0131r. Faktla ba\u011fl\u0131 Yevlax Rayon Prokurorlu\u011funda ara\u015fd\u0131rma apar\u0131l\u0131r.apa","_links":{"self":[{"href":"https:\/\/arantv.az\/index.php?rest_route=\/wp\/v2\/posts\/94581"}],"collection":[{"href":"https:\/\/arantv.az\/index.php?rest_route=\/wp\/v2\/posts"}],"about":[{"href":"https:\/\/arantv.az\/index.php?rest_route=\/wp\/v2\/types\/post"}],"author":[{"embeddable":true,"href":"https:\/\/arantv.az\/index.php?rest_route=\/wp\/v2\/users\/2"}],"replies":[{"embeddable":true,"href":"https:\/\/arantv.az\/index.php?rest_route=%2Fwp%2Fv2%2Fcomments&post=94581"}],"version-history":[{"count":0,"href":"https:\/\/arantv.az\/index.php?rest_route=\/wp\/v2\/posts\/94581\/revisions"}],"wp:featuredmedia":[{"embeddable":true,"href":"https:\/\/arantv.az\/index.php?rest_route=\/wp\/v2\/media\/94582"}],"wp:attachment":[{"href":"https:\/\/arantv.az\/index.php?rest_route=%2Fwp%2Fv2%2Fmedia&parent=94581"}],"wp:term":[{"taxonomy":"category","embeddable":true,"href":"https:\/\/arantv.az\/index.php?rest_route=%2Fwp%2Fv2%2Fcategories&post=94581"},{"taxonomy":"post_tag","embeddable":true,"href":"https:\/\/arantv.az\/index.php?rest_route=%2Fwp%2Fv2%2Ftags&post=94581"}],"curies":[{"name":"wp","href":"https:\/\/api.w.org\/{rel}","templated":true}]}}