{"id":94609,"date":"2019-11-11T09:27:57","date_gmt":"2019-11-11T06:27:57","guid":{"rendered":"http:\/\/arantv.az\/?p=94609"},"modified":"2019-11-11T09:27:57","modified_gmt":"2019-11-11T06:27:57","slug":"erm%c9%99nistan-%c9%99halisi-kutl%c9%99vi-s%c9%99kild%c9%99-olk%c9%99ni-t%c9%99rk-edir","status":"publish","type":"post","link":"https:\/\/arantv.az\/?p=94609","title":{"rendered":"Erm\u0259nistan \u0259halisi k\u00fctl\u0259vi \u015f\u0259kild\u0259 \u00f6lk\u0259ni t\u0259rk edir"},"content":{"rendered":"<p>Erm\u0259nistanda\u00a0bu ilin ilk on ay\u0131 \u00fc\u00e7\u00fcn apar\u0131lan hesablamalara g\u00f6r\u0259,\u00a0\u00f6lk\u0259d\u0259n miqrasiya ed\u0259nl\u0259rin say\u0131n\u0131n artd\u0131\u011f\u0131 m\u0259lum olub.<\/p>\n<p>Bel\u0259 ki, Erm\u0259nistan h\u00f6kum\u0259tinin r\u0259smi \u201cFacebook\u201d s\u0259hif\u0259sind\u0259 \u00f6lk\u0259nin Miqrasiya Xidm\u0259tin\u0259 istinad\u0259n bu bar\u0259d\u0259 statistik\u00a0m\u0259lumatlar payla\u015f\u0131l\u0131b.<\/p>\n<p>Statistikaya\u00a0g\u00f6r\u0259, \u00f6lk\u0259d\u0259n \u0259halinin k\u00f6\u00e7\u00fc davam edir, lakin bu il azalma m\u00fc\u015fahid\u0259 olunub. Y\u0259ni 2018-ci ild\u0259 sentyabr ay\u0131na kimi \u00f6lk\u0259ni 15 695 n\u0259d\u0259r t\u0259rk etmi\u015fdis\u0259, bu ilin ilk 10 ay\u0131 \u0259rzind\u0259 bu r\u0259q\u0259m 9857 n\u0259f\u0259r olub.<\/p>\n<div id=\"AdviadNativeVideo0\" class=\"AdviadNativeVideo\"><\/div>\n<p>Erm\u0259nistan\u0131n Ba\u015f naziri Nikol Pa\u015finyan 2050-ci il\u0259 q\u0259d\u0259r \u00f6lk\u0259 \u0259halisinin say\u0131n\u0131n be\u015f\u00a0milyon n\u0259f\u0259r olmas\u0131n\u0131 strateji plan\u0131 kimi a\u00e7\u0131qlay\u0131b. Haz\u0131rda \u00f6lk\u0259 \u0259halisi 2,9 milyondur.<\/p>\n<p>\u0130qtisad\u00e7\u0131lar is\u0259 h\u00f6kum\u0259tin v\u0259 Pa\u015finyan\u0131n dedikl\u0259rin\u0259 \u015f\u00fcbh\u0259li yana\u015f\u0131rlar. Onlar bildiribl\u0259r ki, Erm\u0259nistandan i\u015f\u00e7i ax\u0131n\u0131 azalm\u0131rr, \u0259ksin\u0259 dayanmadan art\u0131r.<\/p>\n<p>Erm\u0259ni iqtisad\u00e7\u0131s\u0131 Tadevos Avetisyan deyib ki, t\u0259kc\u0259 son \u00fc\u00e7 ay \u0259rzind\u0259 \u0259m\u0259k bazar\u0131nda 51 500 n\u0259f\u0259r i\u015fsiz azal\u0131b. Bu tendensiya, \u0259sas\u0259n, m\u00fchacir\u0259tin n\u0259tic\u0259sidir. Yaln\u0131z son bir ne\u00e7\u0259 ay \u0259rzind\u0259 r\u0259smi qeydiyyata al\u0131nm\u0131\u015f i\u015fsizl\u0259rin 20 faizi ba\u015fqa \u00f6lk\u0259l\u0259rd\u0259 i\u015f taparaq Erm\u0259nistan\u0131 t\u0259rk edib. \u0130\u015fsizl\u0259r daha yax\u015f\u0131 bir h\u0259yat axtar\u0131\u015f\u0131 \u00fc\u00e7\u00fcn \u00f6lk\u0259ni t\u0259rk edirl\u0259r.<\/p>\n<p>Milli Statistika Xidm\u0259tinin m\u0259lumat\u0131na g\u00f6r\u0259, Erm\u0259nistan \u0259halisi azalmaqda davam edir: \u0259halinin say\u0131 cari ilin oktyabr ay\u0131n\u0131n 1-i \u00f6t\u0259n ilin doqquz ay\u0131 il\u0259 m\u00fcqayis\u0259d\u0259 11,700 n\u0259f\u0259r azalaraq 2.957.500 n\u0259f\u0259r olub, 2017-ci ilin eyni d\u00f6vr\u00fc il\u0259 m\u00fcqayis\u0259d\u0259 is\u0259 \u00f6lk\u0259 \u0259halisi 22,1 min n\u0259f\u0259r azal\u0131b.<\/p>\n","protected":false},"excerpt":{"rendered":"<p>Erm\u0259nistanda\u00a0bu ilin ilk on ay\u0131 \u00fc\u00e7\u00fcn apar\u0131lan hesablamalara g\u00f6r\u0259,\u00a0\u00f6lk\u0259d\u0259n miqrasiya ed\u0259nl\u0259rin say\u0131n\u0131n artd\u0131\u011f\u0131 m\u0259lum olub. Bel\u0259 ki, Erm\u0259nistan h\u00f6kum\u0259tinin r\u0259smi \u201cFacebook\u201d s\u0259hif\u0259sind\u0259 \u00f6lk\u0259nin Miqrasiya Xidm\u0259tin\u0259 istinad\u0259n bu bar\u0259d\u0259 statistik\u00a0m\u0259lumatlar payla\u015f\u0131l\u0131b. Statistikaya\u00a0g\u00f6r\u0259, \u00f6lk\u0259d\u0259n \u0259halinin k\u00f6\u00e7\u00fc davam edir, lakin bu il azalma m\u00fc\u015fahid\u0259 olunub. Y\u0259ni 2018-ci ild\u0259 sentyabr ay\u0131na kimi \u00f6lk\u0259ni 15 695 n\u0259d\u0259r t\u0259rk etmi\u015fdis\u0259, bu ilin ilk 10 ay\u0131 \u0259rzind\u0259 bu r\u0259q\u0259m 9857 n\u0259f\u0259r olub. Erm\u0259nistan\u0131n Ba\u015f naziri Nikol Pa\u015finyan 2050-ci il\u0259 q\u0259d\u0259r \u00f6lk\u0259 \u0259halisinin say\u0131n\u0131n be\u015f\u00a0milyon n\u0259f\u0259r olmas\u0131n\u0131 strateji plan\u0131 kimi a\u00e7\u0131qlay\u0131b. Haz\u0131rda \u00f6lk\u0259 \u0259halisi 2,9 milyondur. \u0130qtisad\u00e7\u0131lar is\u0259&hellip;<\/p>\n","protected":false},"author":2,"featured_media":94610,"comment_status":"closed","ping_status":"closed","sticky":false,"template":"","format":"standard","meta":{"om_disable_all_campaigns":false,"_monsterinsights_skip_tracking":false,"_monsterinsights_sitenote_active":false,"_monsterinsights_sitenote_note":"","_monsterinsights_sitenote_category":0},"categories":[7],"tags":[],"aioseo_notices":[],"gutentor_comment":0,"rttpg_featured_image_url":{"full":["https:\/\/arantv.az\/wp-content\/uploads\/2019\/11\/EFCJB34WkAETHws.jpg",620,465,false],"landscape":["https:\/\/arantv.az\/wp-content\/uploads\/2019\/11\/EFCJB34WkAETHws.jpg",620,465,false],"portraits":["https:\/\/arantv.az\/wp-content\/uploads\/2019\/11\/EFCJB34WkAETHws.jpg",620,465,false],"thumbnail":["https:\/\/arantv.az\/wp-content\/uploads\/2019\/11\/EFCJB34WkAETHws-150x150.jpg",150,150,true],"medium":["https:\/\/arantv.az\/wp-content\/uploads\/2019\/11\/EFCJB34WkAETHws-300x225.jpg",300,225,true],"large":["https:\/\/arantv.az\/wp-content\/uploads\/2019\/11\/EFCJB34WkAETHws.jpg",620,465,false],"1536x1536":["https:\/\/arantv.az\/wp-content\/uploads\/2019\/11\/EFCJB34WkAETHws.jpg",620,465,false],"2048x2048":["https:\/\/arantv.az\/wp-content\/uploads\/2019\/11\/EFCJB34WkAETHws.jpg",620,465,false],"post-thumbnail":["https:\/\/arantv.az\/wp-content\/uploads\/2019\/11\/EFCJB34WkAETHws-240x172.jpg",240,172,true],"advps-thumb-one":["https:\/\/arantv.az\/wp-content\/uploads\/2019\/11\/EFCJB34WkAETHws.jpg",620,465,false]},"rttpg_author":{"display_name":"V\u00fcsal Rafiqo\u011flu","author_link":"https:\/\/arantv.az\/?author=2"},"rttpg_comment":0,"rttpg_category":"<a href=\"https:\/\/arantv.az\/?cat=7\" rel=\"category\">D\u00fcnya<\/a>","rttpg_excerpt":"Erm\u0259nistanda\u00a0bu ilin ilk on ay\u0131 \u00fc\u00e7\u00fcn apar\u0131lan hesablamalara g\u00f6r\u0259,\u00a0\u00f6lk\u0259d\u0259n miqrasiya ed\u0259nl\u0259rin say\u0131n\u0131n artd\u0131\u011f\u0131 m\u0259lum olub. Bel\u0259 ki, Erm\u0259nistan h\u00f6kum\u0259tinin r\u0259smi \u201cFacebook\u201d s\u0259hif\u0259sind\u0259 \u00f6lk\u0259nin Miqrasiya Xidm\u0259tin\u0259 istinad\u0259n bu bar\u0259d\u0259 statistik\u00a0m\u0259lumatlar payla\u015f\u0131l\u0131b. Statistikaya\u00a0g\u00f6r\u0259, \u00f6lk\u0259d\u0259n \u0259halinin k\u00f6\u00e7\u00fc davam edir, lakin bu il azalma m\u00fc\u015fahid\u0259 olunub. Y\u0259ni 2018-ci ild\u0259 sentyabr ay\u0131na kimi \u00f6lk\u0259ni 15 695 n\u0259d\u0259r t\u0259rk etmi\u015fdis\u0259, bu&hellip;","_links":{"self":[{"href":"https:\/\/arantv.az\/index.php?rest_route=\/wp\/v2\/posts\/94609"}],"collection":[{"href":"https:\/\/arantv.az\/index.php?rest_route=\/wp\/v2\/posts"}],"about":[{"href":"https:\/\/arantv.az\/index.php?rest_route=\/wp\/v2\/types\/post"}],"author":[{"embeddable":true,"href":"https:\/\/arantv.az\/index.php?rest_route=\/wp\/v2\/users\/2"}],"replies":[{"embeddable":true,"href":"https:\/\/arantv.az\/index.php?rest_route=%2Fwp%2Fv2%2Fcomments&post=94609"}],"version-history":[{"count":0,"href":"https:\/\/arantv.az\/index.php?rest_route=\/wp\/v2\/posts\/94609\/revisions"}],"wp:featuredmedia":[{"embeddable":true,"href":"https:\/\/arantv.az\/index.php?rest_route=\/wp\/v2\/media\/94610"}],"wp:attachment":[{"href":"https:\/\/arantv.az\/index.php?rest_route=%2Fwp%2Fv2%2Fmedia&parent=94609"}],"wp:term":[{"taxonomy":"category","embeddable":true,"href":"https:\/\/arantv.az\/index.php?rest_route=%2Fwp%2Fv2%2Fcategories&post=94609"},{"taxonomy":"post_tag","embeddable":true,"href":"https:\/\/arantv.az\/index.php?rest_route=%2Fwp%2Fv2%2Ftags&post=94609"}],"curies":[{"name":"wp","href":"https:\/\/api.w.org\/{rel}","templated":true}]}}