{"id":94617,"date":"2019-11-11T09:30:14","date_gmt":"2019-11-11T06:30:14","guid":{"rendered":"http:\/\/arantv.az\/?p=94617"},"modified":"2019-11-11T09:30:14","modified_gmt":"2019-11-11T06:30:14","slug":"sabiq-az%c9%99rbaycanli-icra-bascisina-yeni-v%c9%99zif%c9%99-verildi","status":"publish","type":"post","link":"https:\/\/arantv.az\/?p=94617","title":{"rendered":"Sabiq az\u0259rbaycanl\u0131 icra ba\u015f\u00e7\u0131s\u0131na yeni V\u018fZ\u0130F\u018f VER\u0130LD\u0130"},"content":{"rendered":"<p>G\u00fcrc\u00fcstan\u0131n Marneuli rayonunun sabiq icra ba\u015f\u00e7\u0131s\u0131 Temur Abazov yeni v\u0259zif\u0259y\u0259 t\u0259yin olunub.<\/p>\n<p><b>ARANTV.AZ\u00a0<\/b>\u00a0x\u0259b\u0259r verir ki, o, bundan sonra G\u00fcrc\u00fcstan\u0131n Pauerliftinq Federasiyas\u0131n\u0131n vitse-prezidenti v\u0259zif\u0259sini tutacaq.<\/p>\n<p>Sabiq m\u0259mur yeni v\u0259zif\u0259y\u0259 federasiyan\u0131n r\u0259hb\u0259r v\u0259zif\u0259l\u0259rin\u0259 ke\u00e7iril\u0259n se\u00e7kil\u0259rd\u0259 se\u00e7ilib.<\/p>\n<p>Xat\u0131rladaq ki, T.Abazov 2017-ci ild\u0259 yerli idar\u0259etm\u0259 orqanlar\u0131na ke\u00e7irilmi\u015f se\u00e7kil\u0259rd\u0259 qalib g\u0259l\u0259r\u0259k Marneulinin icra ba\u015f\u00e7\u0131s\u0131 se\u00e7ilib. O, 2018-ci ilin iyunun 13-d\u0259 Marneuli rayon sakini El\u00e7in Allahverdiyev\u0259 qar\u015f\u0131 qeyri-insani v\u0259 al\u00e7ald\u0131c\u0131 davran\u0131\u015f fakt\u0131 il\u0259 ba\u011fl\u0131 saxlan\u0131l\u0131b. \u00d6t\u0259n ilin dekabr\u0131n 13-d\u0259 T.Abazov 10 min lari m\u0259bl\u0259\u011find\u0259 girov m\u00fcqabilind\u0259 azadl\u0131\u011fa burax\u0131l\u0131b.<\/p>\n<p>T.Abazov \u00f6z ist\u0259yi il\u0259 v\u0259zif\u0259sind\u0259n istefa verib. Bu ilin fevral\u0131n 14-d\u0259 onun s\u0259lahiyy\u0259tl\u0259rin\u0259 xitam verilib.big.az<\/p>\n","protected":false},"excerpt":{"rendered":"<p>G\u00fcrc\u00fcstan\u0131n Marneuli rayonunun sabiq icra ba\u015f\u00e7\u0131s\u0131 Temur Abazov yeni v\u0259zif\u0259y\u0259 t\u0259yin olunub. ARANTV.AZ\u00a0\u00a0x\u0259b\u0259r verir ki, o, bundan sonra G\u00fcrc\u00fcstan\u0131n Pauerliftinq Federasiyas\u0131n\u0131n vitse-prezidenti v\u0259zif\u0259sini tutacaq. Sabiq m\u0259mur yeni v\u0259zif\u0259y\u0259 federasiyan\u0131n r\u0259hb\u0259r v\u0259zif\u0259l\u0259rin\u0259 ke\u00e7iril\u0259n se\u00e7kil\u0259rd\u0259 se\u00e7ilib. Xat\u0131rladaq ki, T.Abazov 2017-ci ild\u0259 yerli idar\u0259etm\u0259 orqanlar\u0131na ke\u00e7irilmi\u015f se\u00e7kil\u0259rd\u0259 qalib g\u0259l\u0259r\u0259k Marneulinin icra ba\u015f\u00e7\u0131s\u0131 se\u00e7ilib. O, 2018-ci ilin iyunun 13-d\u0259 Marneuli rayon sakini El\u00e7in Allahverdiyev\u0259 qar\u015f\u0131 qeyri-insani v\u0259 al\u00e7ald\u0131c\u0131 davran\u0131\u015f fakt\u0131 il\u0259 ba\u011fl\u0131 saxlan\u0131l\u0131b. \u00d6t\u0259n ilin dekabr\u0131n 13-d\u0259 T.Abazov 10 min lari m\u0259bl\u0259\u011find\u0259 girov m\u00fcqabilind\u0259 azadl\u0131\u011fa burax\u0131l\u0131b. T.Abazov \u00f6z ist\u0259yi il\u0259 v\u0259zif\u0259sind\u0259n istefa verib. Bu&hellip;<\/p>\n","protected":false},"author":2,"featured_media":94618,"comment_status":"closed","ping_status":"closed","sticky":false,"template":"","format":"standard","meta":{"om_disable_all_campaigns":false,"_monsterinsights_skip_tracking":false,"_monsterinsights_sitenote_active":false,"_monsterinsights_sitenote_note":"","_monsterinsights_sitenote_category":0},"categories":[1],"tags":[],"aioseo_notices":[],"gutentor_comment":0,"rttpg_featured_image_url":{"full":["https:\/\/arantv.az\/wp-content\/uploads\/2019\/11\/1573393119_fd01342a-0bd0-43e9-bdf7-d7e4a.jpg",649,487,false],"landscape":["https:\/\/arantv.az\/wp-content\/uploads\/2019\/11\/1573393119_fd01342a-0bd0-43e9-bdf7-d7e4a.jpg",649,487,false],"portraits":["https:\/\/arantv.az\/wp-content\/uploads\/2019\/11\/1573393119_fd01342a-0bd0-43e9-bdf7-d7e4a.jpg",649,487,false],"thumbnail":["https:\/\/arantv.az\/wp-content\/uploads\/2019\/11\/1573393119_fd01342a-0bd0-43e9-bdf7-d7e4a-150x150.jpg",150,150,true],"medium":["https:\/\/arantv.az\/wp-content\/uploads\/2019\/11\/1573393119_fd01342a-0bd0-43e9-bdf7-d7e4a-300x225.jpg",300,225,true],"large":["https:\/\/arantv.az\/wp-content\/uploads\/2019\/11\/1573393119_fd01342a-0bd0-43e9-bdf7-d7e4a.jpg",640,480,false],"1536x1536":["https:\/\/arantv.az\/wp-content\/uploads\/2019\/11\/1573393119_fd01342a-0bd0-43e9-bdf7-d7e4a.jpg",649,487,false],"2048x2048":["https:\/\/arantv.az\/wp-content\/uploads\/2019\/11\/1573393119_fd01342a-0bd0-43e9-bdf7-d7e4a.jpg",649,487,false],"post-thumbnail":["https:\/\/arantv.az\/wp-content\/uploads\/2019\/11\/1573393119_fd01342a-0bd0-43e9-bdf7-d7e4a-240x172.jpg",240,172,true],"advps-thumb-one":["https:\/\/arantv.az\/wp-content\/uploads\/2019\/11\/1573393119_fd01342a-0bd0-43e9-bdf7-d7e4a.jpg",649,487,false]},"rttpg_author":{"display_name":"V\u00fcsal Rafiqo\u011flu","author_link":"https:\/\/arantv.az\/?author=2"},"rttpg_comment":0,"rttpg_category":"<a href=\"https:\/\/arantv.az\/?cat=1\" rel=\"category\">C\u0259miyy\u0259t<\/a>","rttpg_excerpt":"G\u00fcrc\u00fcstan\u0131n Marneuli rayonunun sabiq icra ba\u015f\u00e7\u0131s\u0131 Temur Abazov yeni v\u0259zif\u0259y\u0259 t\u0259yin olunub. ARANTV.AZ\u00a0\u00a0x\u0259b\u0259r verir ki, o, bundan sonra G\u00fcrc\u00fcstan\u0131n Pauerliftinq Federasiyas\u0131n\u0131n vitse-prezidenti v\u0259zif\u0259sini tutacaq. Sabiq m\u0259mur yeni v\u0259zif\u0259y\u0259 federasiyan\u0131n r\u0259hb\u0259r v\u0259zif\u0259l\u0259rin\u0259 ke\u00e7iril\u0259n se\u00e7kil\u0259rd\u0259 se\u00e7ilib. Xat\u0131rladaq ki, T.Abazov 2017-ci ild\u0259 yerli idar\u0259etm\u0259 orqanlar\u0131na ke\u00e7irilmi\u015f se\u00e7kil\u0259rd\u0259 qalib g\u0259l\u0259r\u0259k Marneulinin icra ba\u015f\u00e7\u0131s\u0131 se\u00e7ilib. O, 2018-ci ilin iyunun 13-d\u0259&hellip;","_links":{"self":[{"href":"https:\/\/arantv.az\/index.php?rest_route=\/wp\/v2\/posts\/94617"}],"collection":[{"href":"https:\/\/arantv.az\/index.php?rest_route=\/wp\/v2\/posts"}],"about":[{"href":"https:\/\/arantv.az\/index.php?rest_route=\/wp\/v2\/types\/post"}],"author":[{"embeddable":true,"href":"https:\/\/arantv.az\/index.php?rest_route=\/wp\/v2\/users\/2"}],"replies":[{"embeddable":true,"href":"https:\/\/arantv.az\/index.php?rest_route=%2Fwp%2Fv2%2Fcomments&post=94617"}],"version-history":[{"count":0,"href":"https:\/\/arantv.az\/index.php?rest_route=\/wp\/v2\/posts\/94617\/revisions"}],"wp:featuredmedia":[{"embeddable":true,"href":"https:\/\/arantv.az\/index.php?rest_route=\/wp\/v2\/media\/94618"}],"wp:attachment":[{"href":"https:\/\/arantv.az\/index.php?rest_route=%2Fwp%2Fv2%2Fmedia&parent=94617"}],"wp:term":[{"taxonomy":"category","embeddable":true,"href":"https:\/\/arantv.az\/index.php?rest_route=%2Fwp%2Fv2%2Fcategories&post=94617"},{"taxonomy":"post_tag","embeddable":true,"href":"https:\/\/arantv.az\/index.php?rest_route=%2Fwp%2Fv2%2Ftags&post=94617"}],"curies":[{"name":"wp","href":"https:\/\/api.w.org\/{rel}","templated":true}]}}