{"id":94633,"date":"2019-11-11T09:43:30","date_gmt":"2019-11-11T06:43:30","guid":{"rendered":"http:\/\/arantv.az\/?p=94633"},"modified":"2019-11-11T09:43:30","modified_gmt":"2019-11-11T06:43:30","slug":"gunaydan-bodid%c9%99-cilgin-fotosessiya","status":"publish","type":"post","link":"https:\/\/arantv.az\/?p=94633","title":{"rendered":"G\u00fcnaydan bodid\u0259 &#8220;\u00e7\u0131l\u011f\u0131n&#8221; fotosessiya"},"content":{"rendered":"<p>Model v\u0259 aktirsa G\u00fcnay Musayeva yeni layih\u0259sini t\u0259qdim edib. <strong>ARANTV.AZ<\/strong> x\u0259b\u0259r verir ki, o, m\u0259\u015fhur d\u00fcnya markas\u0131 olan \u201cAfffair\u201d \u00fc\u00e7\u00fcn kamera qar\u015f\u0131s\u0131na ke\u00e7ib. G\u00fcnay Nyu-York k\u00fc\u00e7\u0259l\u0259rind\u0259 f\u0259rqli v\u0259 c\u0259sar\u0259tli pozalar verib. Onun bodid\u0259 \u00e7\u0131l\u011f\u0131n pozlar verm\u0259si d\u0259 diqq\u0259td\u0259n yay\u0131nmay\u0131b. Qeyd ed\u0259k ki, Musayevan\u0131n stili d\u00fcnya \u015f\u00f6hr\u0259tli dizayner R\u00fcf\u0259t \u0130smay\u0131l i\u015fl\u0259yib. Fotolar\u0131n m\u00fc\u0259llifi is\u0259 Umut K\u0131ran v\u0259 Selim Akara aiddir.<\/p>\n<p><img loading=\"lazy\" class=\"alignnone size-medium wp-image-94634\" src=\"https:\/\/arantv.az\/wp-content\/uploads\/2019\/11\/73252555_974035722961959_6787890374728744960_n-300x300.jpg\" alt=\"\" width=\"300\" height=\"300\" \/><img loading=\"lazy\" class=\"alignnone size-medium wp-image-94635\" src=\"https:\/\/arantv.az\/wp-content\/uploads\/2019\/11\/75500991_2522018808032945_2240030430768136192_n-240x300.jpg\" alt=\"\" width=\"240\" height=\"300\" \/><img loading=\"lazy\" class=\"alignnone size-medium wp-image-94636\" src=\"https:\/\/arantv.az\/wp-content\/uploads\/2019\/11\/74523235_563969407746835_7377153097396649984_n-240x300.jpg\" alt=\"\" width=\"240\" height=\"300\" \/><\/p>\n","protected":false},"excerpt":{"rendered":"<p>Model v\u0259 aktirsa G\u00fcnay Musayeva yeni layih\u0259sini t\u0259qdim edib. ARANTV.AZ x\u0259b\u0259r verir ki, o, m\u0259\u015fhur d\u00fcnya markas\u0131 olan \u201cAfffair\u201d \u00fc\u00e7\u00fcn kamera qar\u015f\u0131s\u0131na ke\u00e7ib. G\u00fcnay Nyu-York k\u00fc\u00e7\u0259l\u0259rind\u0259 f\u0259rqli v\u0259 c\u0259sar\u0259tli pozalar verib. Onun bodid\u0259 \u00e7\u0131l\u011f\u0131n pozlar verm\u0259si d\u0259 diqq\u0259td\u0259n yay\u0131nmay\u0131b. Qeyd ed\u0259k ki, Musayevan\u0131n stili d\u00fcnya \u015f\u00f6hr\u0259tli dizayner R\u00fcf\u0259t \u0130smay\u0131l i\u015fl\u0259yib. Fotolar\u0131n m\u00fc\u0259llifi is\u0259 Umut K\u0131ran v\u0259 Selim Akara aiddir.<\/p>\n","protected":false},"author":2,"featured_media":94634,"comment_status":"closed","ping_status":"closed","sticky":false,"template":"","format":"standard","meta":{"om_disable_all_campaigns":false,"_monsterinsights_skip_tracking":false,"_monsterinsights_sitenote_active":false,"_monsterinsights_sitenote_note":"","_monsterinsights_sitenote_category":0},"categories":[24],"tags":[],"aioseo_notices":[],"gutentor_comment":0,"rttpg_featured_image_url":{"full":["https:\/\/arantv.az\/wp-content\/uploads\/2019\/11\/73252555_974035722961959_6787890374728744960_n.jpg",640,640,false],"landscape":["https:\/\/arantv.az\/wp-content\/uploads\/2019\/11\/73252555_974035722961959_6787890374728744960_n.jpg",640,640,false],"portraits":["https:\/\/arantv.az\/wp-content\/uploads\/2019\/11\/73252555_974035722961959_6787890374728744960_n.jpg",640,640,false],"thumbnail":["https:\/\/arantv.az\/wp-content\/uploads\/2019\/11\/73252555_974035722961959_6787890374728744960_n-150x150.jpg",150,150,true],"medium":["https:\/\/arantv.az\/wp-content\/uploads\/2019\/11\/73252555_974035722961959_6787890374728744960_n-300x300.jpg",300,300,true],"large":["https:\/\/arantv.az\/wp-content\/uploads\/2019\/11\/73252555_974035722961959_6787890374728744960_n.jpg",640,640,false],"1536x1536":["https:\/\/arantv.az\/wp-content\/uploads\/2019\/11\/73252555_974035722961959_6787890374728744960_n.jpg",640,640,false],"2048x2048":["https:\/\/arantv.az\/wp-content\/uploads\/2019\/11\/73252555_974035722961959_6787890374728744960_n.jpg",640,640,false],"post-thumbnail":["https:\/\/arantv.az\/wp-content\/uploads\/2019\/11\/73252555_974035722961959_6787890374728744960_n-240x172.jpg",240,172,true],"advps-thumb-one":["https:\/\/arantv.az\/wp-content\/uploads\/2019\/11\/73252555_974035722961959_6787890374728744960_n-640x620.jpg",640,620,true]},"rttpg_author":{"display_name":"V\u00fcsal Rafiqo\u011flu","author_link":"https:\/\/arantv.az\/?author=2"},"rttpg_comment":0,"rttpg_category":"<a href=\"https:\/\/arantv.az\/?cat=24\" rel=\"category\">Maraql\u0131<\/a>","rttpg_excerpt":"Model v\u0259 aktirsa G\u00fcnay Musayeva yeni layih\u0259sini t\u0259qdim edib. ARANTV.AZ x\u0259b\u0259r verir ki, o, m\u0259\u015fhur d\u00fcnya markas\u0131 olan \u201cAfffair\u201d \u00fc\u00e7\u00fcn kamera qar\u015f\u0131s\u0131na ke\u00e7ib. G\u00fcnay Nyu-York k\u00fc\u00e7\u0259l\u0259rind\u0259 f\u0259rqli v\u0259 c\u0259sar\u0259tli pozalar verib. Onun bodid\u0259 \u00e7\u0131l\u011f\u0131n pozlar verm\u0259si d\u0259 diqq\u0259td\u0259n yay\u0131nmay\u0131b. Qeyd ed\u0259k ki, Musayevan\u0131n stili d\u00fcnya \u015f\u00f6hr\u0259tli dizayner R\u00fcf\u0259t \u0130smay\u0131l i\u015fl\u0259yib. Fotolar\u0131n m\u00fc\u0259llifi is\u0259 Umut K\u0131ran&hellip;","_links":{"self":[{"href":"https:\/\/arantv.az\/index.php?rest_route=\/wp\/v2\/posts\/94633"}],"collection":[{"href":"https:\/\/arantv.az\/index.php?rest_route=\/wp\/v2\/posts"}],"about":[{"href":"https:\/\/arantv.az\/index.php?rest_route=\/wp\/v2\/types\/post"}],"author":[{"embeddable":true,"href":"https:\/\/arantv.az\/index.php?rest_route=\/wp\/v2\/users\/2"}],"replies":[{"embeddable":true,"href":"https:\/\/arantv.az\/index.php?rest_route=%2Fwp%2Fv2%2Fcomments&post=94633"}],"version-history":[{"count":0,"href":"https:\/\/arantv.az\/index.php?rest_route=\/wp\/v2\/posts\/94633\/revisions"}],"wp:featuredmedia":[{"embeddable":true,"href":"https:\/\/arantv.az\/index.php?rest_route=\/wp\/v2\/media\/94634"}],"wp:attachment":[{"href":"https:\/\/arantv.az\/index.php?rest_route=%2Fwp%2Fv2%2Fmedia&parent=94633"}],"wp:term":[{"taxonomy":"category","embeddable":true,"href":"https:\/\/arantv.az\/index.php?rest_route=%2Fwp%2Fv2%2Fcategories&post=94633"},{"taxonomy":"post_tag","embeddable":true,"href":"https:\/\/arantv.az\/index.php?rest_route=%2Fwp%2Fv2%2Ftags&post=94633"}],"curies":[{"name":"wp","href":"https:\/\/api.w.org\/{rel}","templated":true}]}}