{"id":94687,"date":"2019-11-11T11:07:09","date_gmt":"2019-11-11T08:07:09","guid":{"rendered":"http:\/\/arantv.az\/?p=94687"},"modified":"2019-11-11T11:07:09","modified_gmt":"2019-11-11T08:07:09","slug":"doyul%c9%99n-v%c9%99-bicaqlanan-az%c9%99rbaycan-m%c9%99shurlari-siyahi-fotolar","status":"publish","type":"post","link":"https:\/\/arantv.az\/?p=94687","title":{"rendered":"D\u00f6y\u00fcl\u0259n v\u0259 b\u0131\u00e7aqlanan Az\u0259rbaycan m\u0259\u015fhurlar\u0131 &#8211; S\u0130YAHI &#8211; FOTOLAR"},"content":{"rendered":"<p>X\u0259b\u0259r verdiyimiz kimi, Bak\u0131n\u0131n Pirallah\u0131 rayonunda 1989-cu il t\u0259v\u0259ll\u00fcdl\u00fc Bernardo Xose Pablovi\u00e7 tan\u0131d\u0131\u011f\u0131 \u015f\u0259xsl\u0259r t\u0259r\u0259find\u0259n b\u0131\u00e7aqlan\u0131b. Az\u0259rbaycan v\u0259t\u0259nda\u015f\u0131 olan Xose Bernardo uzun m\u00fcdd\u0259t televiziya proqramlar\u0131nda, \u015fou-proqramlar\u0131nda apar\u0131c\u0131l\u0131q edib.<\/p>\n<p><a href=\"https:\/\/sonxeber.az\/\">Sonxeber.az<\/a>\u00a0sayt\u0131 b\u0131\u00e7aqlanan m\u0259\u015fhurlar\u0131n siyah\u0131s\u0131n\u0131 t\u0259qdim edir:<br \/>\n<img class=\"imgbcodecent\" src=\"https:\/\/upload.az\/foto\/arxiv\/faiq_41573458215_61573459005.jpg\" alt=\"D\u00f6y\u00fcl\u0259n v\u0259 b\u0131\u00e7aqlanan Az\u0259rbaycan m\u0259\u015fhurlar\u0131 - S\u0130YAHI - FOTOLAR\" \/><\/p>\n<p>-2010-cu ild\u0259 Xalq artisti Faiq A\u011fayev, m\u00fchafiz\u0259\u00e7il\u0259ri Ramin Bayramov v\u0259 Az\u0259r Musayev nam\u0259lum \u015f\u0259xsl\u0259r t\u0259r\u0259find\u0259n b\u0131\u00e7aqlan\u0131b. Qeyd ed\u0259k ki, xalq artistin\u0259 6 b\u0131\u00e7aq z\u0259rb\u0259si vurulmu\u015fdu.<\/p>\n<p><img class=\"imgbcodecent\" src=\"https:\/\/upload.az\/foto\/arxiv\/samir_91573458235_21573459033.jpg\" alt=\"D\u00f6y\u00fcl\u0259n v\u0259 b\u0131\u00e7aqlanan Az\u0259rbaycan m\u0259\u015fhurlar\u0131 - S\u0130YAHI - FOTOLAR\" \/><\/p>\n<p>-2011-ci ild\u0259 Az\u0259rbaycan\u0131 &#8220;Eurovision&#8221;-da t\u0259msil ed\u0259n m\u00fc\u011f\u0259nni Samir Cavadzad\u0259 dostu Elvin H\u00fcseynovu b\u0131\u00e7aqlay\u0131b. Qeyd ed\u0259k ki, b\u0131\u00e7aqlanan E.H\u00fcseynov Samir Cavadzad\u0259 il\u0259 birg\u0259 2008-ci ild\u0259 Az\u0259rbaycan\u0131 &#8220;Eurovision&#8221;-da t\u0259msil ed\u0259n Elnur H\u00fcseynovun qarda\u015f\u0131d\u0131r.<br \/>\n<img class=\"imgbcodecent\" src=\"https:\/\/upload.az\/foto\/arxiv\/vuqar_81573458257_31573459063.jpg\" alt=\"D\u00f6y\u00fcl\u0259n v\u0259 b\u0131\u00e7aqlanan Az\u0259rbaycan m\u0259\u015fhurlar\u0131 - S\u0130YAHI - FOTOLAR\" \/><br \/>\n-2015-ci ild\u0259 Az\u0259rbaycanl\u0131 m\u00fc\u011f\u0259nni V\u00fcqar Muradov Rusiyan\u0131n paytaxt\u0131 Moskva \u015f\u0259h\u0259rind\u0259 v\u0259h\u015fic\u0259sin\u0259 d\u00f6y\u00fcl\u00fcb. M\u00fc\u011f\u0259nni V\u00fcqar toy ad\u0131 il\u0259 Moskvaya d\u0259v\u0259t ald\u0131\u011f\u0131n\u0131 bildirib. Onu toya d\u0259v\u0259t ed\u0259nl\u0259r az\u0259rbaycanl\u0131lar olub v\u0259 1000 dollar beh d\u0259 al\u0131b. T\u0259yyar\u0259d\u0259n endikd\u0259n sonra hava liman\u0131nda quldur basq\u0131n\u0131na m\u0259ruz qal\u0131b. M\u00fc\u011f\u0259nninin ba\u015f\u0131na s\u0131lah dayayaraq a\u00e7\u0131q sah\u0259y\u0259 apar\u0131blar v\u0259 soyundurub d\u00f6y\u00fcbl\u0259r. V\u00fcqar 45 d\u0259qiq\u0259 \u015faxtada, a\u00e7\u0131q havada yerd\u0259 h\u0259r\u0259k\u0259tsiz v\u0259ziyy\u0259td\u0259 qal\u0131b.Vuqar Muradov 23 martda Moskvaya yola d\u00fc\u015f\u00fcb. Beh \u0130lkin adl\u0131 k\u00f6m\u0259k\u00e7isin\u0259 verilib.<br \/>\n<img class=\"imgbcodecent\" src=\"https:\/\/upload.az\/foto\/arxiv\/niyamddin.png\" alt=\"D\u00f6y\u00fcl\u0259n v\u0259 b\u0131\u00e7aqlanan Az\u0259rbaycan m\u0259\u015fhurlar\u0131 - S\u0130YAHI - FOTOLAR\" \/><\/p>\n<p>-Xalq artisti Niyam\u0259ddin Musayev 31 il bundan \u0259vv\u0259l G\u0259nc\u0259d\u0259 konsert ver\u0259rk\u0259n h\u0259r k\u0259sin g\u00f6z\u00fc \u00f6n\u00fcnd\u0259 b\u0131\u00e7aqlan\u0131b. \u0130ddialara g\u00f6r\u0259, s\u0259n\u0259t\u00e7ini b\u0131\u00e7aqlayan onun fanatlar\u0131ndan olub. Konsert zaman\u0131 h\u0259min fanat\u0131 N.Musayev\u0259 g\u00fcl ver\u0259rk\u0259n, g\u00fcl buketinin i\u00e7ind\u0259n b\u0131\u00e7a\u011f\u0131 \u00e7\u0131xardaraq s\u0259n\u0259t\u00e7inin bo\u011faz\u0131na v\u0259 qar\u0131n nahiy\u0259sin\u0259 z\u0259rb\u0259l\u0259r endirib. Hadis\u0259nin hans\u0131 s\u0259b\u0259bd\u0259n ba\u015f verdiyi bu g\u00fcn\u0259 q\u0259d\u0259r m\u0259lum deyil. S\u0259n\u0259t\u00e7iy\u0259 hadis\u0259 il\u0259 ba\u011fl\u0131 sual verdikd\u0259 is\u0259 bu bar\u0259d\u0259 dan\u0131\u015fmaq ist\u0259m\u0259diyini bildirir. Qeyd ed\u0259k ki, h\u0259min vaxt a\u011f\u0131r yaralanan s\u0259n\u0259t\u00e7inin v\u0259ziyy\u0259ti yax\u015f\u0131 olmad\u0131\u011f\u0131 \u00fc\u00e7\u00fcn Moskvaya apar\u0131l\u0131b v\u0259 orada m\u00fcalic\u0259sini davam etdirib.<br \/>\n<img class=\"imgbcodecent\" src=\"https:\/\/upload.az\/foto\/arxiv\/meyxana_11573459105.jpg\" alt=\"D\u00f6y\u00fcl\u0259n v\u0259 b\u0131\u00e7aqlanan Az\u0259rbaycan m\u0259\u015fhurlar\u0131 - S\u0130YAHI - FOTOLAR\" \/><\/p>\n<p>-B\u0131\u00e7aqlanib q\u0259tl\u0259 yetiril\u0259n s\u0259n\u0259t\u00e7il\u0259rin s\u0131ras\u0131nda tan\u0131nm\u0131\u015f meyxana\u00e7\u0131 El\u00e7in Ma\u015fta\u011fal\u0131 da var. 1994-c\u00fc ild\u0259 o, yax\u0131n dostu, meyxana\u00e7\u0131 M\u0259\u015f\u0259dibaba Ayd\u0259mirov t\u0259r\u0259find\u0259n b\u0131\u00e7aqlanaraq, d\u00fcnyas\u0131n\u0131 d\u0259yi\u015fib. Hadis\u0259y\u0259 s\u0259b\u0259b dostlar aras\u0131nda ba\u015f vermi\u015f m\u00fcbahis\u0259 olub. El\u00e7in Ma\u015fta\u011fal\u0131 x\u0259st\u0259xanaya gec \u00e7atd\u0131r\u0131ld\u0131\u011f\u0131 \u00fc\u00e7\u00fcn \u00e7ox qan itir\u0259r\u0259k v\u0259fat edib.<\/p>\n<p><img class=\"imgbcodecent\" src=\"https:\/\/upload.az\/foto\/arxiv\/1573458452_xanende.jpg\" alt=\"D\u00f6y\u00fcl\u0259n v\u0259 b\u0131\u00e7aqlanan Az\u0259rbaycan m\u0259\u015fhurlar\u0131 - S\u0130YAHI - FOTOLAR\" \/><br \/>\n-G\u0259nc xan\u0259nd\u0259 Samir Mustafayev \u00f6ld\u00fcr\u00fcl\u00fcb. Qeyd ed\u0259k ki, xan\u0259nd\u0259ni sevgili oldu\u011fu qad\u0131n\u0131n o\u011flu 11-ci sinif \u015fagirdi, 16 ya\u015fl\u0131 Ayd\u0131n Orucov b\u0131\u00e7aqlayaraq q\u0259tl\u0259 yetirib.<br \/>\n<img class=\"imgbcodecent\" src=\"https:\/\/upload.az\/foto\/arxiv\/xannd_gnc_41573459142.jpg\" alt=\"D\u00f6y\u00fcl\u0259n v\u0259 b\u0131\u00e7aqlanan Az\u0259rbaycan m\u0259\u015fhurlar\u0131 - S\u0130YAHI - FOTOLAR\" \/><br \/>\n-Xan\u0259nd\u0259 Miryusif Mirizad\u0259 dostu Novruz H\u00fcseynov t\u0259r\u0259find\u0259n q\u0259tl\u0259 yetirilib. Bel\u0259 ki, Novruz H\u00fcseynov dostunu 14 b\u0131\u00e7aq z\u0259rb\u0259si il\u0259 \u00f6ld\u00fcrd\u00fckd\u0259n sonra \u00f6z\u00fcn\u00fc Qaraba\u011f su kanal\u0131na ataraq intihar edib.<\/p>\n<p><img class=\"imgbcodecent\" src=\"https:\/\/upload.az\/foto\/arxiv\/elin_aparc_81573459189.jpg\" alt=\"D\u00f6y\u00fcl\u0259n v\u0259 b\u0131\u00e7aqlanan Az\u0259rbaycan m\u0259\u015fhurlar\u0131 - S\u0130YAHI - FOTOLAR\" \/><br \/>\n-M\u0259\u015fhur apar\u0131c\u0131 El\u00e7in \u018flib\u0259yli Olimpiya \u00e7empionu Namiq Abdullayevin qarda\u015f\u0131 Natiq Abdullayev t\u0259r\u0259find\u0259n d\u00f6y\u00fcl\u00fcb.<\/p>\n","protected":false},"excerpt":{"rendered":"<p>X\u0259b\u0259r verdiyimiz kimi, Bak\u0131n\u0131n Pirallah\u0131 rayonunda 1989-cu il t\u0259v\u0259ll\u00fcdl\u00fc Bernardo Xose Pablovi\u00e7 tan\u0131d\u0131\u011f\u0131 \u015f\u0259xsl\u0259r t\u0259r\u0259find\u0259n b\u0131\u00e7aqlan\u0131b. Az\u0259rbaycan v\u0259t\u0259nda\u015f\u0131 olan Xose Bernardo uzun m\u00fcdd\u0259t televiziya proqramlar\u0131nda, \u015fou-proqramlar\u0131nda apar\u0131c\u0131l\u0131q edib. Sonxeber.az\u00a0sayt\u0131 b\u0131\u00e7aqlanan m\u0259\u015fhurlar\u0131n siyah\u0131s\u0131n\u0131 t\u0259qdim edir: -2010-cu ild\u0259 Xalq artisti Faiq A\u011fayev, m\u00fchafiz\u0259\u00e7il\u0259ri Ramin Bayramov v\u0259 Az\u0259r Musayev nam\u0259lum \u015f\u0259xsl\u0259r t\u0259r\u0259find\u0259n b\u0131\u00e7aqlan\u0131b. Qeyd ed\u0259k ki, xalq artistin\u0259 6 b\u0131\u00e7aq z\u0259rb\u0259si vurulmu\u015fdu. -2011-ci ild\u0259 Az\u0259rbaycan\u0131 &#8220;Eurovision&#8221;-da t\u0259msil ed\u0259n m\u00fc\u011f\u0259nni Samir Cavadzad\u0259 dostu Elvin H\u00fcseynovu b\u0131\u00e7aqlay\u0131b. Qeyd ed\u0259k ki, b\u0131\u00e7aqlanan E.H\u00fcseynov Samir Cavadzad\u0259 il\u0259 birg\u0259 2008-ci ild\u0259 Az\u0259rbaycan\u0131 &#8220;Eurovision&#8221;-da t\u0259msil ed\u0259n Elnur H\u00fcseynovun qarda\u015f\u0131d\u0131r.&hellip;<\/p>\n","protected":false},"author":2,"featured_media":94688,"comment_status":"closed","ping_status":"closed","sticky":false,"template":"","format":"standard","meta":{"om_disable_all_campaigns":false,"_monsterinsights_skip_tracking":false,"_monsterinsights_sitenote_active":false,"_monsterinsights_sitenote_note":"","_monsterinsights_sitenote_category":0},"categories":[1],"tags":[],"aioseo_notices":[],"gutentor_comment":0,"rttpg_featured_image_url":{"full":["https:\/\/arantv.az\/wp-content\/uploads\/2019\/11\/niyamddin_11573458622_71573458988.png",649,389,false],"landscape":["https:\/\/arantv.az\/wp-content\/uploads\/2019\/11\/niyamddin_11573458622_71573458988.png",649,389,false],"portraits":["https:\/\/arantv.az\/wp-content\/uploads\/2019\/11\/niyamddin_11573458622_71573458988.png",649,389,false],"thumbnail":["https:\/\/arantv.az\/wp-content\/uploads\/2019\/11\/niyamddin_11573458622_71573458988-150x150.png",150,150,true],"medium":["https:\/\/arantv.az\/wp-content\/uploads\/2019\/11\/niyamddin_11573458622_71573458988-300x180.png",300,180,true],"large":["https:\/\/arantv.az\/wp-content\/uploads\/2019\/11\/niyamddin_11573458622_71573458988.png",640,384,false],"1536x1536":["https:\/\/arantv.az\/wp-content\/uploads\/2019\/11\/niyamddin_11573458622_71573458988.png",649,389,false],"2048x2048":["https:\/\/arantv.az\/wp-content\/uploads\/2019\/11\/niyamddin_11573458622_71573458988.png",649,389,false],"post-thumbnail":["https:\/\/arantv.az\/wp-content\/uploads\/2019\/11\/niyamddin_11573458622_71573458988-240x172.png",240,172,true],"advps-thumb-one":["https:\/\/arantv.az\/wp-content\/uploads\/2019\/11\/niyamddin_11573458622_71573458988.png",649,389,false]},"rttpg_author":{"display_name":"V\u00fcsal Rafiqo\u011flu","author_link":"https:\/\/arantv.az\/?author=2"},"rttpg_comment":0,"rttpg_category":"<a href=\"https:\/\/arantv.az\/?cat=1\" rel=\"category\">C\u0259miyy\u0259t<\/a>","rttpg_excerpt":"X\u0259b\u0259r verdiyimiz kimi, Bak\u0131n\u0131n Pirallah\u0131 rayonunda 1989-cu il t\u0259v\u0259ll\u00fcdl\u00fc Bernardo Xose Pablovi\u00e7 tan\u0131d\u0131\u011f\u0131 \u015f\u0259xsl\u0259r t\u0259r\u0259find\u0259n b\u0131\u00e7aqlan\u0131b. Az\u0259rbaycan v\u0259t\u0259nda\u015f\u0131 olan Xose Bernardo uzun m\u00fcdd\u0259t televiziya proqramlar\u0131nda, \u015fou-proqramlar\u0131nda apar\u0131c\u0131l\u0131q edib. Sonxeber.az\u00a0sayt\u0131 b\u0131\u00e7aqlanan m\u0259\u015fhurlar\u0131n siyah\u0131s\u0131n\u0131 t\u0259qdim edir: -2010-cu ild\u0259 Xalq artisti Faiq A\u011fayev, m\u00fchafiz\u0259\u00e7il\u0259ri Ramin Bayramov v\u0259 Az\u0259r Musayev nam\u0259lum \u015f\u0259xsl\u0259r t\u0259r\u0259find\u0259n b\u0131\u00e7aqlan\u0131b. Qeyd ed\u0259k ki, xalq artistin\u0259&hellip;","_links":{"self":[{"href":"https:\/\/arantv.az\/index.php?rest_route=\/wp\/v2\/posts\/94687"}],"collection":[{"href":"https:\/\/arantv.az\/index.php?rest_route=\/wp\/v2\/posts"}],"about":[{"href":"https:\/\/arantv.az\/index.php?rest_route=\/wp\/v2\/types\/post"}],"author":[{"embeddable":true,"href":"https:\/\/arantv.az\/index.php?rest_route=\/wp\/v2\/users\/2"}],"replies":[{"embeddable":true,"href":"https:\/\/arantv.az\/index.php?rest_route=%2Fwp%2Fv2%2Fcomments&post=94687"}],"version-history":[{"count":0,"href":"https:\/\/arantv.az\/index.php?rest_route=\/wp\/v2\/posts\/94687\/revisions"}],"wp:featuredmedia":[{"embeddable":true,"href":"https:\/\/arantv.az\/index.php?rest_route=\/wp\/v2\/media\/94688"}],"wp:attachment":[{"href":"https:\/\/arantv.az\/index.php?rest_route=%2Fwp%2Fv2%2Fmedia&parent=94687"}],"wp:term":[{"taxonomy":"category","embeddable":true,"href":"https:\/\/arantv.az\/index.php?rest_route=%2Fwp%2Fv2%2Fcategories&post=94687"},{"taxonomy":"post_tag","embeddable":true,"href":"https:\/\/arantv.az\/index.php?rest_route=%2Fwp%2Fv2%2Ftags&post=94687"}],"curies":[{"name":"wp","href":"https:\/\/api.w.org\/{rel}","templated":true}]}}