{"id":94691,"date":"2019-11-11T11:07:53","date_gmt":"2019-11-11T08:07:53","guid":{"rendered":"http:\/\/arantv.az\/?p=94691"},"modified":"2019-11-11T11:07:53","modified_gmt":"2019-11-11T08:07:53","slug":"bakida-bir-gund%c9%99-iki-piyadani-avtomobil-vurdu","status":"publish","type":"post","link":"https:\/\/arantv.az\/?p=94691","title":{"rendered":"Bak\u0131da bir g\u00fcnd\u0259 iki piyadan\u0131 avtomobil vurdu"},"content":{"rendered":"<p><b>ARANTV.AZ\u00a0<\/b>x\u0259b\u0259r verir ki, ilk hadis\u0259 Qarada\u011f rayonunun M\u00fc\u015fviqabad q\u0259s\u0259b\u0259sind\u0259 ba\u015f verib.<\/p>\n<p>Bel\u0259 ki, &#8220;Toyota Prado&#8221; markal\u0131 avtomobil piyadalar \u00fc\u00e7\u00fcn m\u00fc\u0259yy\u0259n edilm\u0259mi\u015f hiss\u0259d\u0259 yolu ke\u00e7\u0259n 1964-c\u00fc il t\u0259v\u0259ll\u00fcdl\u00fc Hac\u0131yeva Sevinc Fazil q\u0131z\u0131n\u0131 vurub.<\/p>\n<div><\/div>\n<p>Yaral\u0131 t\u0259cili yard\u0131m\u0131n k\u00f6m\u0259yi il\u0259 x\u0259st\u0259xanaya \u00e7atd\u0131r\u0131l\u0131b. M\u00fcayin\u0259 zaman\u0131 ona \u00e7anaq s\u00fcm\u00fckl\u0259rinin s\u0131n\u0131\u011f\u0131 diaqnozu qoyulub. V\u0259ziyy\u0259ti orta-a\u011f\u0131r qiym\u0259tl\u0259ndirilir.<br \/>\nDig\u0259r hadis\u0259 paytaxt\u0131n Ziya B\u00fcnyadov prospektind\u0259 qeyd\u0259 al\u0131n\u0131b.<\/p>\n<p>Bel\u0259 ki, yolu ke\u00e7\u0259n 1967-ci il t\u0259v\u0259ll\u00fcdl\u00fc Allahyarov Nizami \u0130brahim o\u011flunu avtomobil vurub.<\/p>\n<p>Yaral\u0131 t\u0259cili yard\u0131m xidm\u0259tinin k\u00f6m\u0259yi il\u0259 1 sayl\u0131 Klinik Tibbi M\u0259rk\u0259z\u0259 \u00e7atd\u0131r\u0131lsa da, daha sonra paytaxtda yerl\u0259\u015f\u0259n \u00f6z\u0259l x\u0259st\u0259xalardan birin\u0259 apar\u0131l\u0131b. M\u00fcayin\u0259 zamani ona qapal\u0131 k\u0259ll\u0259 beyin travmas\u0131 diaqnozu qoyulub.Sonxeber.az<\/p>\n","protected":false},"excerpt":{"rendered":"<p>ARANTV.AZ\u00a0x\u0259b\u0259r verir ki, ilk hadis\u0259 Qarada\u011f rayonunun M\u00fc\u015fviqabad q\u0259s\u0259b\u0259sind\u0259 ba\u015f verib. Bel\u0259 ki, &#8220;Toyota Prado&#8221; markal\u0131 avtomobil piyadalar \u00fc\u00e7\u00fcn m\u00fc\u0259yy\u0259n edilm\u0259mi\u015f hiss\u0259d\u0259 yolu ke\u00e7\u0259n 1964-c\u00fc il t\u0259v\u0259ll\u00fcdl\u00fc Hac\u0131yeva Sevinc Fazil q\u0131z\u0131n\u0131 vurub. Yaral\u0131 t\u0259cili yard\u0131m\u0131n k\u00f6m\u0259yi il\u0259 x\u0259st\u0259xanaya \u00e7atd\u0131r\u0131l\u0131b. M\u00fcayin\u0259 zaman\u0131 ona \u00e7anaq s\u00fcm\u00fckl\u0259rinin s\u0131n\u0131\u011f\u0131 diaqnozu qoyulub. V\u0259ziyy\u0259ti orta-a\u011f\u0131r qiym\u0259tl\u0259ndirilir. Dig\u0259r hadis\u0259 paytaxt\u0131n Ziya B\u00fcnyadov prospektind\u0259 qeyd\u0259 al\u0131n\u0131b. Bel\u0259 ki, yolu ke\u00e7\u0259n 1967-ci il t\u0259v\u0259ll\u00fcdl\u00fc Allahyarov Nizami \u0130brahim o\u011flunu avtomobil vurub. Yaral\u0131 t\u0259cili yard\u0131m xidm\u0259tinin k\u00f6m\u0259yi il\u0259 1 sayl\u0131 Klinik Tibbi M\u0259rk\u0259z\u0259 \u00e7atd\u0131r\u0131lsa da, daha sonra paytaxtda yerl\u0259\u015f\u0259n \u00f6z\u0259l x\u0259st\u0259xalardan&hellip;<\/p>\n","protected":false},"author":2,"featured_media":94692,"comment_status":"closed","ping_status":"closed","sticky":false,"template":"","format":"standard","meta":{"om_disable_all_campaigns":false,"_monsterinsights_skip_tracking":false,"_monsterinsights_sitenote_active":false,"_monsterinsights_sitenote_note":"","_monsterinsights_sitenote_category":0},"categories":[5],"tags":[],"aioseo_notices":[],"gutentor_comment":0,"rttpg_featured_image_url":{"full":["https:\/\/arantv.az\/wp-content\/uploads\/2019\/11\/157345902299_2.jpg",549,332,false],"landscape":["https:\/\/arantv.az\/wp-content\/uploads\/2019\/11\/157345902299_2.jpg",549,332,false],"portraits":["https:\/\/arantv.az\/wp-content\/uploads\/2019\/11\/157345902299_2.jpg",549,332,false],"thumbnail":["https:\/\/arantv.az\/wp-content\/uploads\/2019\/11\/157345902299_2-150x150.jpg",150,150,true],"medium":["https:\/\/arantv.az\/wp-content\/uploads\/2019\/11\/157345902299_2-300x181.jpg",300,181,true],"large":["https:\/\/arantv.az\/wp-content\/uploads\/2019\/11\/157345902299_2.jpg",549,332,false],"1536x1536":["https:\/\/arantv.az\/wp-content\/uploads\/2019\/11\/157345902299_2.jpg",549,332,false],"2048x2048":["https:\/\/arantv.az\/wp-content\/uploads\/2019\/11\/157345902299_2.jpg",549,332,false],"post-thumbnail":["https:\/\/arantv.az\/wp-content\/uploads\/2019\/11\/157345902299_2-240x172.jpg",240,172,true],"advps-thumb-one":["https:\/\/arantv.az\/wp-content\/uploads\/2019\/11\/157345902299_2.jpg",549,332,false]},"rttpg_author":{"display_name":"V\u00fcsal Rafiqo\u011flu","author_link":"https:\/\/arantv.az\/?author=2"},"rttpg_comment":0,"rttpg_category":"<a href=\"https:\/\/arantv.az\/?cat=5\" rel=\"category\">Hadis\u0259<\/a>","rttpg_excerpt":"ARANTV.AZ\u00a0x\u0259b\u0259r verir ki, ilk hadis\u0259 Qarada\u011f rayonunun M\u00fc\u015fviqabad q\u0259s\u0259b\u0259sind\u0259 ba\u015f verib. Bel\u0259 ki, &#8220;Toyota Prado&#8221; markal\u0131 avtomobil piyadalar \u00fc\u00e7\u00fcn m\u00fc\u0259yy\u0259n edilm\u0259mi\u015f hiss\u0259d\u0259 yolu ke\u00e7\u0259n 1964-c\u00fc il t\u0259v\u0259ll\u00fcdl\u00fc Hac\u0131yeva Sevinc Fazil q\u0131z\u0131n\u0131 vurub. Yaral\u0131 t\u0259cili yard\u0131m\u0131n k\u00f6m\u0259yi il\u0259 x\u0259st\u0259xanaya \u00e7atd\u0131r\u0131l\u0131b. M\u00fcayin\u0259 zaman\u0131 ona \u00e7anaq s\u00fcm\u00fckl\u0259rinin s\u0131n\u0131\u011f\u0131 diaqnozu qoyulub. V\u0259ziyy\u0259ti orta-a\u011f\u0131r qiym\u0259tl\u0259ndirilir. Dig\u0259r hadis\u0259 paytaxt\u0131n Ziya B\u00fcnyadov&hellip;","_links":{"self":[{"href":"https:\/\/arantv.az\/index.php?rest_route=\/wp\/v2\/posts\/94691"}],"collection":[{"href":"https:\/\/arantv.az\/index.php?rest_route=\/wp\/v2\/posts"}],"about":[{"href":"https:\/\/arantv.az\/index.php?rest_route=\/wp\/v2\/types\/post"}],"author":[{"embeddable":true,"href":"https:\/\/arantv.az\/index.php?rest_route=\/wp\/v2\/users\/2"}],"replies":[{"embeddable":true,"href":"https:\/\/arantv.az\/index.php?rest_route=%2Fwp%2Fv2%2Fcomments&post=94691"}],"version-history":[{"count":0,"href":"https:\/\/arantv.az\/index.php?rest_route=\/wp\/v2\/posts\/94691\/revisions"}],"wp:featuredmedia":[{"embeddable":true,"href":"https:\/\/arantv.az\/index.php?rest_route=\/wp\/v2\/media\/94692"}],"wp:attachment":[{"href":"https:\/\/arantv.az\/index.php?rest_route=%2Fwp%2Fv2%2Fmedia&parent=94691"}],"wp:term":[{"taxonomy":"category","embeddable":true,"href":"https:\/\/arantv.az\/index.php?rest_route=%2Fwp%2Fv2%2Fcategories&post=94691"},{"taxonomy":"post_tag","embeddable":true,"href":"https:\/\/arantv.az\/index.php?rest_route=%2Fwp%2Fv2%2Ftags&post=94691"}],"curies":[{"name":"wp","href":"https:\/\/api.w.org\/{rel}","templated":true}]}}