{"id":94699,"date":"2019-11-11T11:11:22","date_gmt":"2019-11-11T08:11:22","guid":{"rendered":"http:\/\/arantv.az\/?p=94699"},"modified":"2019-11-11T11:11:22","modified_gmt":"2019-11-11T08:11:22","slug":"bakida-amansiz-q%c9%99tl-qiz-ustund%c9%99-kisinin-ayaqlarini-sindirdilar-basina-dasla-doy%c9%99-doy%c9%99-oldurdul%c9%99r","status":"publish","type":"post","link":"https:\/\/arantv.az\/?p=94699","title":{"rendered":"Bak\u0131da amans\u0131z q\u0259tl: Q\u0131z \u00fcst\u00fcnd\u0259 ki\u015finin ayaqlar\u0131n\u0131 s\u0131nd\u0131rd\u0131lar, ba\u015f\u0131na da\u015fla d\u00f6y\u0259-d\u00f6y\u0259 \u00f6ld\u00fcrd\u00fcl\u0259r"},"content":{"rendered":"<p>Bak\u0131n\u0131n Bin\u0259q\u0259di rayonu \u0259razisind\u0259 avtomobilin y\u00fck yerind\u0259n ki\u015fi meyiti a\u015fkarlan\u0131b.<\/p>\n<p>Bununla ba\u011fl\u0131\u00a0Oxu.Az-a h\u00fcquq-m\u00fchafiz\u0259 orqanlar\u0131ndan m\u0259lumat verilib.<\/p>\n<p>M\u0259lumdur ki, noyabr\u0131n 9-da saat 08:00 rad\u0259l\u0259rind\u0259 Sulut\u0259p\u0259 q\u0259s\u0259b\u0259sind\u0259 \u201cMercedes\u201d markal\u0131 avtomobilin y\u00fck yerind\u0259n C\u0259lilabad rayon sakini, 1972-ci il t\u0259v\u0259ll\u00fcdl\u00fc El\u015f\u0259n \u00c7apar o\u011flu Abbasovun meyiti tap\u0131l\u0131b.<\/p>\n<p>Patoloqlar t\u0259r\u0259find\u0259n b\u0259d\u0259nin m\u00fcayin\u0259si zaman\u0131 m\u00fcxt\u0259lif b\u0259d\u0259n x\u0259sar\u0259tl\u0259ri a\u015fkar olunub. H\u0259m\u00e7inin, ki\u015finin h\u0259r iki aya\u011f\u0131 s\u0131nd\u0131r\u0131l\u0131b. M\u0259lum olub ki, E.Abbasov ba\u015f\u0131ndan ald\u0131\u011f\u0131 da\u015f z\u0259rb\u0259l\u0259ri n\u0259tic\u0259sind\u0259 \u00f6l\u00fcb.<\/p>\n<p>Apar\u0131lan ara\u015fd\u0131rmalar zaman\u0131 noyabr\u0131n 10-da 40-c\u0131 Polis B\u00f6lm\u0259sinin \u0259m\u0259kda\u015flar\u0131 q\u0259tld\u0259 \u015f\u00fcbh\u0259li bilin\u0259n \u015e\u0259ki sakinl\u0259ri, 1999-cu il t\u0259v\u0259ll\u00fcdl\u00fc Allahverdi \u0130smay\u0131lovu v\u0259 onun qohumu, 1987-ci il t\u0259v\u0259ll\u00fcdl\u00fc Ramin \u015eam\u0131ilovu saxlay\u0131blar.<\/p>\n<p>\u0130lkin\u00a0ehtimallara g\u00f6r\u0259, E.Abbasov \u00f6z inadkarl\u0131\u011f\u0131n\u0131n qurban\u0131 olub. Ki\u015fi saxlan\u0131lan \u015f\u0259xsl\u0259rd\u0259n birinin yax\u0131n qohumunun qeydin\u0259 qalma\u011fa \u00e7al\u0131\u015f\u0131b. Ancaq qad\u0131n deyib ki, onun haqq\u0131nda he\u00e7 n\u0259 e\u015fitm\u0259k ist\u0259mir. Ancaq E.Abbasov ona z\u0259ng etm\u0259y\u0259\u00a0davam edib. Bu zaman s\u00f6hb\u0259t\u0259 A.\u0130smay\u0131lov qar\u0131\u015f\u0131b. O, telefon vasit\u0259sil\u0259 E.Abbasovla \u0259laq\u0259 saxlay\u0131b v\u0259 onu Sulut\u0259p\u0259 q\u0259s\u0259b\u0259sind\u0259 ya\u015fayan qad\u0131n\u0131n evinin qar\u0131\u015f\u0131s\u0131nda g\u00f6r\u00fc\u015f\u0259 \u00e7a\u011f\u0131r\u0131b.<\/p>\n<p>Noyabr\u0131n 8-i gec\u0259 E.Abbasov g\u00f6r\u00fc\u015f\u0259 g\u0259lib. \u0130stintaq\u0131n versiyalar\u0131na g\u00f6r\u0259, qad\u0131n\u0131n g\u00f6zl\u0259ri qar\u015f\u0131s\u0131nda A.\u0130smay\u0131lov v\u0259 R.\u015eamilov E.Abbasovu \u00f6l\u00fcmc\u00fcl d\u00f6y\u00fcb, daha sonra c\u0259s\u0259di avtomobilin y\u00fck hiss\u0259sind\u0259 gizl\u0259dibl\u0259r.<\/p>\n<p>Q\u0259sd\u0259n adam \u00f6ld\u00fcrm\u0259 fakt\u0131 il\u0259 cinay\u0259t i\u015fi ba\u015flan\u0131b, istintaq davam edir.<\/p>\n","protected":false},"excerpt":{"rendered":"<p>Bak\u0131n\u0131n Bin\u0259q\u0259di rayonu \u0259razisind\u0259 avtomobilin y\u00fck yerind\u0259n ki\u015fi meyiti a\u015fkarlan\u0131b. Bununla ba\u011fl\u0131\u00a0Oxu.Az-a h\u00fcquq-m\u00fchafiz\u0259 orqanlar\u0131ndan m\u0259lumat verilib. M\u0259lumdur ki, noyabr\u0131n 9-da saat 08:00 rad\u0259l\u0259rind\u0259 Sulut\u0259p\u0259 q\u0259s\u0259b\u0259sind\u0259 \u201cMercedes\u201d markal\u0131 avtomobilin y\u00fck yerind\u0259n C\u0259lilabad rayon sakini, 1972-ci il t\u0259v\u0259ll\u00fcdl\u00fc El\u015f\u0259n \u00c7apar o\u011flu Abbasovun meyiti tap\u0131l\u0131b. Patoloqlar t\u0259r\u0259find\u0259n b\u0259d\u0259nin m\u00fcayin\u0259si zaman\u0131 m\u00fcxt\u0259lif b\u0259d\u0259n x\u0259sar\u0259tl\u0259ri a\u015fkar olunub. H\u0259m\u00e7inin, ki\u015finin h\u0259r iki aya\u011f\u0131 s\u0131nd\u0131r\u0131l\u0131b. M\u0259lum olub ki, E.Abbasov ba\u015f\u0131ndan ald\u0131\u011f\u0131 da\u015f z\u0259rb\u0259l\u0259ri n\u0259tic\u0259sind\u0259 \u00f6l\u00fcb. Apar\u0131lan ara\u015fd\u0131rmalar zaman\u0131 noyabr\u0131n 10-da 40-c\u0131 Polis B\u00f6lm\u0259sinin \u0259m\u0259kda\u015flar\u0131 q\u0259tld\u0259 \u015f\u00fcbh\u0259li bilin\u0259n \u015e\u0259ki sakinl\u0259ri, 1999-cu il t\u0259v\u0259ll\u00fcdl\u00fc Allahverdi \u0130smay\u0131lovu v\u0259 onun qohumu,&hellip;<\/p>\n","protected":false},"author":2,"featured_media":94700,"comment_status":"closed","ping_status":"closed","sticky":false,"template":"","format":"standard","meta":{"om_disable_all_campaigns":false,"_monsterinsights_skip_tracking":false,"_monsterinsights_sitenote_active":false,"_monsterinsights_sitenote_note":"","_monsterinsights_sitenote_category":0},"categories":[5],"tags":[],"aioseo_notices":[],"gutentor_comment":0,"rttpg_featured_image_url":{"full":["https:\/\/arantv.az\/wp-content\/uploads\/2019\/11\/99_original.jpg",620,465,false],"landscape":["https:\/\/arantv.az\/wp-content\/uploads\/2019\/11\/99_original.jpg",620,465,false],"portraits":["https:\/\/arantv.az\/wp-content\/uploads\/2019\/11\/99_original.jpg",620,465,false],"thumbnail":["https:\/\/arantv.az\/wp-content\/uploads\/2019\/11\/99_original-150x150.jpg",150,150,true],"medium":["https:\/\/arantv.az\/wp-content\/uploads\/2019\/11\/99_original-300x225.jpg",300,225,true],"large":["https:\/\/arantv.az\/wp-content\/uploads\/2019\/11\/99_original.jpg",620,465,false],"1536x1536":["https:\/\/arantv.az\/wp-content\/uploads\/2019\/11\/99_original.jpg",620,465,false],"2048x2048":["https:\/\/arantv.az\/wp-content\/uploads\/2019\/11\/99_original.jpg",620,465,false],"post-thumbnail":["https:\/\/arantv.az\/wp-content\/uploads\/2019\/11\/99_original-240x172.jpg",240,172,true],"advps-thumb-one":["https:\/\/arantv.az\/wp-content\/uploads\/2019\/11\/99_original.jpg",620,465,false]},"rttpg_author":{"display_name":"V\u00fcsal Rafiqo\u011flu","author_link":"https:\/\/arantv.az\/?author=2"},"rttpg_comment":0,"rttpg_category":"<a href=\"https:\/\/arantv.az\/?cat=5\" rel=\"category\">Hadis\u0259<\/a>","rttpg_excerpt":"Bak\u0131n\u0131n Bin\u0259q\u0259di rayonu \u0259razisind\u0259 avtomobilin y\u00fck yerind\u0259n ki\u015fi meyiti a\u015fkarlan\u0131b. Bununla ba\u011fl\u0131\u00a0Oxu.Az-a h\u00fcquq-m\u00fchafiz\u0259 orqanlar\u0131ndan m\u0259lumat verilib. M\u0259lumdur ki, noyabr\u0131n 9-da saat 08:00 rad\u0259l\u0259rind\u0259 Sulut\u0259p\u0259 q\u0259s\u0259b\u0259sind\u0259 \u201cMercedes\u201d markal\u0131 avtomobilin y\u00fck yerind\u0259n C\u0259lilabad rayon sakini, 1972-ci il t\u0259v\u0259ll\u00fcdl\u00fc El\u015f\u0259n \u00c7apar o\u011flu Abbasovun meyiti tap\u0131l\u0131b. Patoloqlar t\u0259r\u0259find\u0259n b\u0259d\u0259nin m\u00fcayin\u0259si zaman\u0131 m\u00fcxt\u0259lif b\u0259d\u0259n x\u0259sar\u0259tl\u0259ri a\u015fkar olunub. H\u0259m\u00e7inin, ki\u015finin h\u0259r&hellip;","_links":{"self":[{"href":"https:\/\/arantv.az\/index.php?rest_route=\/wp\/v2\/posts\/94699"}],"collection":[{"href":"https:\/\/arantv.az\/index.php?rest_route=\/wp\/v2\/posts"}],"about":[{"href":"https:\/\/arantv.az\/index.php?rest_route=\/wp\/v2\/types\/post"}],"author":[{"embeddable":true,"href":"https:\/\/arantv.az\/index.php?rest_route=\/wp\/v2\/users\/2"}],"replies":[{"embeddable":true,"href":"https:\/\/arantv.az\/index.php?rest_route=%2Fwp%2Fv2%2Fcomments&post=94699"}],"version-history":[{"count":0,"href":"https:\/\/arantv.az\/index.php?rest_route=\/wp\/v2\/posts\/94699\/revisions"}],"wp:featuredmedia":[{"embeddable":true,"href":"https:\/\/arantv.az\/index.php?rest_route=\/wp\/v2\/media\/94700"}],"wp:attachment":[{"href":"https:\/\/arantv.az\/index.php?rest_route=%2Fwp%2Fv2%2Fmedia&parent=94699"}],"wp:term":[{"taxonomy":"category","embeddable":true,"href":"https:\/\/arantv.az\/index.php?rest_route=%2Fwp%2Fv2%2Fcategories&post=94699"},{"taxonomy":"post_tag","embeddable":true,"href":"https:\/\/arantv.az\/index.php?rest_route=%2Fwp%2Fv2%2Ftags&post=94699"}],"curies":[{"name":"wp","href":"https:\/\/api.w.org\/{rel}","templated":true}]}}