{"id":94751,"date":"2019-11-11T12:36:22","date_gmt":"2019-11-11T09:36:22","guid":{"rendered":"http:\/\/arantv.az\/?p=94751"},"modified":"2019-11-11T12:36:22","modified_gmt":"2019-11-11T09:36:22","slug":"polis-canli-yayimda-etirazcini-gull%c9%99l%c9%99di-video","status":"publish","type":"post","link":"https:\/\/arantv.az\/?p=94751","title":{"rendered":"Polis canl\u0131 yay\u0131mda etiraz\u00e7\u0131n\u0131 g\u00fcll\u0259l\u0259di &#8211; V\u0130DEO"},"content":{"rendered":"<article class=\"news\">\n<div class=\"news-inner\">\n<p>Honkonqda ba\u015f tutan etiraz aksiyas\u0131nda polis n\u00fcmayi\u015f\u00e7iy\u0259 at\u0259\u015f a\u00e7\u0131b. Hadis\u0259 an\u0131 \u201cFacebook\u201dda canl\u0131 yay\u0131mlan\u0131b.<\/p>\n<p>\u201c<a href=\"https:\/\/www.haberler.com\/gostericinin-vuruldugu-an-canli-yayin-yapan-12604762-haberi\/\" target=\"_blank\" rel=\"noopener\">Haber7<\/a>\u201dnin m\u0259lumat\u0131na g\u00f6r\u0259, g\u00f6r\u00fcnt\u00fcl\u0259rd\u0259\u00a0polisin ona qar\u015f\u0131 \u00e7\u0131xan n\u00fcmayi\u015f\u00e7iy\u0259 iki d\u0259f\u0259 at\u0259\u015f a\u00e7mas\u0131 \u0259ks olunub.<\/p>\n<div id=\"AdviadNativeVideo0\" class=\"AdviadNativeVideo\"><\/div>\n<p>M\u0259lumata g\u00f6r\u0259, yaral\u0131 \u015f\u0259xs x\u0259st\u0259xanaya apar\u0131l\u0131b v\u0259 haz\u0131rda v\u0259ziyy\u0259ti a\u011f\u0131rd\u0131r.<\/p>\n<p>Bu, aylard\u0131r davam ed\u0259n etiraz aksiyalar\u0131ndan polisin etiraz\u00e7\u0131lara at\u0259\u015f a\u00e7d\u0131\u011f\u0131 \u00fc\u00e7\u00fcnc\u00fc hadis\u0259dir.<\/p>\n<p>Honkonqda etirazlar cinay\u0259t t\u00f6r\u0259d\u0259n \u015f\u0259xsl\u0259rin \u00c7in\u0259 ekstradisiyas\u0131n\u0131 n\u0259z\u0259rd\u0259 tutan qanun layih\u0259sinin m\u00fczakir\u0259si s\u0259b\u0259bind\u0259n bu ilin iyununda ba\u015flay\u0131b.<\/p>\n<div><iframe loading=\"lazy\" src=\"https:\/\/www.dailymotion.com\/embed\/video\/x7nuuz5\" width=\"480\" height=\"270\" frameborder=\"0\" allowfullscreen=\"allowfullscreen\" data-mce-fragment=\"1\"><\/iframe><\/div>\n<\/div>\n<\/article>\n<h2 class=\"news-share-title\">B<\/h2>\n","protected":false},"excerpt":{"rendered":"<p>Honkonqda ba\u015f tutan etiraz aksiyas\u0131nda polis n\u00fcmayi\u015f\u00e7iy\u0259 at\u0259\u015f a\u00e7\u0131b. Hadis\u0259 an\u0131 \u201cFacebook\u201dda canl\u0131 yay\u0131mlan\u0131b. \u201cHaber7\u201dnin m\u0259lumat\u0131na g\u00f6r\u0259, g\u00f6r\u00fcnt\u00fcl\u0259rd\u0259\u00a0polisin ona qar\u015f\u0131 \u00e7\u0131xan n\u00fcmayi\u015f\u00e7iy\u0259 iki d\u0259f\u0259 at\u0259\u015f a\u00e7mas\u0131 \u0259ks olunub. M\u0259lumata g\u00f6r\u0259, yaral\u0131 \u015f\u0259xs x\u0259st\u0259xanaya apar\u0131l\u0131b v\u0259 haz\u0131rda v\u0259ziyy\u0259ti a\u011f\u0131rd\u0131r. Bu, aylard\u0131r davam ed\u0259n etiraz aksiyalar\u0131ndan polisin etiraz\u00e7\u0131lara at\u0259\u015f a\u00e7d\u0131\u011f\u0131 \u00fc\u00e7\u00fcnc\u00fc hadis\u0259dir. Honkonqda etirazlar cinay\u0259t t\u00f6r\u0259d\u0259n \u015f\u0259xsl\u0259rin \u00c7in\u0259 ekstradisiyas\u0131n\u0131 n\u0259z\u0259rd\u0259 tutan qanun layih\u0259sinin m\u00fczakir\u0259si s\u0259b\u0259bind\u0259n bu ilin iyununda ba\u015flay\u0131b. B<\/p>\n","protected":false},"author":2,"featured_media":94752,"comment_status":"closed","ping_status":"closed","sticky":false,"template":"","format":"standard","meta":{"om_disable_all_campaigns":false,"_monsterinsights_skip_tracking":false,"_monsterinsights_sitenote_active":false,"_monsterinsights_sitenote_note":"","_monsterinsights_sitenote_category":0},"categories":[7],"tags":[],"aioseo_notices":[],"gutentor_comment":0,"rttpg_featured_image_url":{"full":["https:\/\/arantv.az\/wp-content\/uploads\/2019\/11\/gostericinin-vuruldugu-an-canli-yayin-yapan-12604762_7883_o.jpg",620,329,false],"landscape":["https:\/\/arantv.az\/wp-content\/uploads\/2019\/11\/gostericinin-vuruldugu-an-canli-yayin-yapan-12604762_7883_o.jpg",620,329,false],"portraits":["https:\/\/arantv.az\/wp-content\/uploads\/2019\/11\/gostericinin-vuruldugu-an-canli-yayin-yapan-12604762_7883_o.jpg",620,329,false],"thumbnail":["https:\/\/arantv.az\/wp-content\/uploads\/2019\/11\/gostericinin-vuruldugu-an-canli-yayin-yapan-12604762_7883_o-150x150.jpg",150,150,true],"medium":["https:\/\/arantv.az\/wp-content\/uploads\/2019\/11\/gostericinin-vuruldugu-an-canli-yayin-yapan-12604762_7883_o-300x159.jpg",300,159,true],"large":["https:\/\/arantv.az\/wp-content\/uploads\/2019\/11\/gostericinin-vuruldugu-an-canli-yayin-yapan-12604762_7883_o.jpg",620,329,false],"1536x1536":["https:\/\/arantv.az\/wp-content\/uploads\/2019\/11\/gostericinin-vuruldugu-an-canli-yayin-yapan-12604762_7883_o.jpg",620,329,false],"2048x2048":["https:\/\/arantv.az\/wp-content\/uploads\/2019\/11\/gostericinin-vuruldugu-an-canli-yayin-yapan-12604762_7883_o.jpg",620,329,false],"post-thumbnail":["https:\/\/arantv.az\/wp-content\/uploads\/2019\/11\/gostericinin-vuruldugu-an-canli-yayin-yapan-12604762_7883_o-240x172.jpg",240,172,true],"advps-thumb-one":["https:\/\/arantv.az\/wp-content\/uploads\/2019\/11\/gostericinin-vuruldugu-an-canli-yayin-yapan-12604762_7883_o.jpg",620,329,false]},"rttpg_author":{"display_name":"V\u00fcsal Rafiqo\u011flu","author_link":"https:\/\/arantv.az\/?author=2"},"rttpg_comment":0,"rttpg_category":"<a href=\"https:\/\/arantv.az\/?cat=7\" rel=\"category\">D\u00fcnya<\/a>","rttpg_excerpt":"Honkonqda ba\u015f tutan etiraz aksiyas\u0131nda polis n\u00fcmayi\u015f\u00e7iy\u0259 at\u0259\u015f a\u00e7\u0131b. Hadis\u0259 an\u0131 \u201cFacebook\u201dda canl\u0131 yay\u0131mlan\u0131b. \u201cHaber7\u201dnin m\u0259lumat\u0131na g\u00f6r\u0259, g\u00f6r\u00fcnt\u00fcl\u0259rd\u0259\u00a0polisin ona qar\u015f\u0131 \u00e7\u0131xan n\u00fcmayi\u015f\u00e7iy\u0259 iki d\u0259f\u0259 at\u0259\u015f a\u00e7mas\u0131 \u0259ks olunub. M\u0259lumata g\u00f6r\u0259, yaral\u0131 \u015f\u0259xs x\u0259st\u0259xanaya apar\u0131l\u0131b v\u0259 haz\u0131rda v\u0259ziyy\u0259ti a\u011f\u0131rd\u0131r. Bu, aylard\u0131r davam ed\u0259n etiraz aksiyalar\u0131ndan polisin etiraz\u00e7\u0131lara at\u0259\u015f a\u00e7d\u0131\u011f\u0131 \u00fc\u00e7\u00fcnc\u00fc hadis\u0259dir. Honkonqda etirazlar cinay\u0259t t\u00f6r\u0259d\u0259n \u015f\u0259xsl\u0259rin&hellip;","_links":{"self":[{"href":"https:\/\/arantv.az\/index.php?rest_route=\/wp\/v2\/posts\/94751"}],"collection":[{"href":"https:\/\/arantv.az\/index.php?rest_route=\/wp\/v2\/posts"}],"about":[{"href":"https:\/\/arantv.az\/index.php?rest_route=\/wp\/v2\/types\/post"}],"author":[{"embeddable":true,"href":"https:\/\/arantv.az\/index.php?rest_route=\/wp\/v2\/users\/2"}],"replies":[{"embeddable":true,"href":"https:\/\/arantv.az\/index.php?rest_route=%2Fwp%2Fv2%2Fcomments&post=94751"}],"version-history":[{"count":0,"href":"https:\/\/arantv.az\/index.php?rest_route=\/wp\/v2\/posts\/94751\/revisions"}],"wp:featuredmedia":[{"embeddable":true,"href":"https:\/\/arantv.az\/index.php?rest_route=\/wp\/v2\/media\/94752"}],"wp:attachment":[{"href":"https:\/\/arantv.az\/index.php?rest_route=%2Fwp%2Fv2%2Fmedia&parent=94751"}],"wp:term":[{"taxonomy":"category","embeddable":true,"href":"https:\/\/arantv.az\/index.php?rest_route=%2Fwp%2Fv2%2Fcategories&post=94751"},{"taxonomy":"post_tag","embeddable":true,"href":"https:\/\/arantv.az\/index.php?rest_route=%2Fwp%2Fv2%2Ftags&post=94751"}],"curies":[{"name":"wp","href":"https:\/\/api.w.org\/{rel}","templated":true}]}}