{"id":94763,"date":"2019-11-11T12:42:34","date_gmt":"2019-11-11T09:42:34","guid":{"rendered":"http:\/\/arantv.az\/?p=94763"},"modified":"2019-11-11T12:42:34","modified_gmt":"2019-11-11T09:42:34","slug":"din-v%c9%99-bas-prokurorluq-g%c9%99nc%c9%99d%c9%99ki-q%c9%99tll%c9%99-bagli-m%c9%99lumat-yaydi","status":"publish","type":"post","link":"https:\/\/arantv.az\/?p=94763","title":{"rendered":"D\u0130N v\u0259 Ba\u015f Prokurorluq G\u0259nc\u0259d\u0259ki q\u0259tll\u0259 ba\u011fl\u0131 M\u018fLUMAT YAYDI"},"content":{"rendered":"<p><strong>Daxili \u0130\u015fl\u0259r Nazirliyi v\u0259 Ba\u015f Prokurorlu\u011fun M\u0259tbuat xidm\u0259tl\u0259ri G\u0259nc\u0259 \u015f\u0259h\u0259rind\u0259 valyutad\u0259yi\u015fm\u0259 m\u0259nt\u0259q\u0259sinin i\u015f\u00e7isinin b\u0131\u00e7aqlanaraq \u00f6ld\u00fcr\u00fclm\u0259si bar\u0259d\u0259 birg\u0259 m\u0259lumat yay\u0131b.<\/strong><\/p>\n<p><b>ARANTV.AZ\u00a0<\/b>x\u0259b\u0259r verir ki, m\u0259lumatda deyilir:<\/p>\n<p>&#8220;Noyabr\u0131n 11-d\u0259 gec\u0259 saat 01 rad\u0259l\u0259rind\u0259 G\u0259nc\u0259 \u015f\u0259h\u0259r sakini 1989-cu il t\u0259v\u0259ll\u00fcdl\u00fc Mira\u011fa \u018fliyevin \u00fcr\u0259k nahiyy\u0259sind\u0259n b\u0131\u00e7aqla x\u0259sar\u0259t almas\u0131 n\u0259tic\u0259sind\u0259 m\u00fcalic\u0259 m\u00fc\u0259ssis\u0259sind\u0259 v\u0259fat etm\u0259si fakt\u0131 il\u0259 ba\u011fl\u0131 daxil olan m\u0259lumat \u0259sas\u0131nda d\u0259rhal polis v\u0259 prokurorluq \u0259m\u0259kda\u015flar\u0131n\u0131n i\u015ftirak\u0131 il\u0259 hadis\u0259 yerin\u0259 bax\u0131\u015f ke\u00e7irilib.<\/p>\n<p>Faktla ba\u011fl\u0131 \u015f\u0259h\u0259r prokurorlu\u011funda Cinay\u0259t M\u0259c\u0259ll\u0259sinin 120.1-ci (q\u0259sd\u0259n adam \u00f6ld\u00fcrm\u0259) madd\u0259si il\u0259 cinay\u0259t i\u015fi ba\u015flan\u0131b, m\u00fcvafiq ekspertizalar t\u0259yin edilib.<\/p>\n<p>\u0130lkin istintaqla hadis\u0259nin M.\u018fliyevin qon\u015fusu, G\u0259nc\u0259 \u015f\u0259h\u0259r sakini, 1990-c\u0131 il t\u0259v\u0259ll\u00fcdl\u00fc Dajban Nicat El\u00e7in o\u011flu t\u0259r\u0259find\u0259n \u015f\u0259xsi m\u00fcnasib\u0259tl\u0259r z\u0259minind\u0259 yaranm\u0131\u015f m\u00fcbahis\u0259 zaman\u0131 b\u0131\u00e7aqdan istifad\u0259 etm\u0259kl\u0259 t\u00f6r\u0259dilm\u0259sin\u0259 \u0259sasl\u0131 \u015f\u00fcbh\u0259l\u0259r m\u00fc\u0259yy\u0259n edilib.<\/p>\n<p>Nicat Dajban Cinay\u0259t M\u0259c\u0259ll\u0259sinin qeyd edil\u0259n madd\u0259si il\u0259 n\u0259z\u0259rd\u0259 tutulan cinay\u0259t \u0259m\u0259lini t\u00f6r\u0259tm\u0259kd\u0259 \u015f\u00fcbh\u0259li \u015f\u0259xs qismind\u0259 tutulub.<\/p>\n<p>Haz\u0131rda i\u015f \u00fczr\u0259 z\u0259ruri istintaq-\u0259m\u0259liyyat t\u0259dbirl\u0259ri davam etdirilir&#8221;.<\/p>\n<p>Qeyd ed\u0259k ki, M.\u018fliyev G\u0259nc\u0259d\u0259 valyutad\u0259yi\u015fm\u0259 m\u0259nt\u0259q\u0259sind\u0259 i\u015fl\u0259yirmi\u015f.Publika.az<\/p>\n","protected":false},"excerpt":{"rendered":"<p>Daxili \u0130\u015fl\u0259r Nazirliyi v\u0259 Ba\u015f Prokurorlu\u011fun M\u0259tbuat xidm\u0259tl\u0259ri G\u0259nc\u0259 \u015f\u0259h\u0259rind\u0259 valyutad\u0259yi\u015fm\u0259 m\u0259nt\u0259q\u0259sinin i\u015f\u00e7isinin b\u0131\u00e7aqlanaraq \u00f6ld\u00fcr\u00fclm\u0259si bar\u0259d\u0259 birg\u0259 m\u0259lumat yay\u0131b. ARANTV.AZ\u00a0x\u0259b\u0259r verir ki, m\u0259lumatda deyilir: &#8220;Noyabr\u0131n 11-d\u0259 gec\u0259 saat 01 rad\u0259l\u0259rind\u0259 G\u0259nc\u0259 \u015f\u0259h\u0259r sakini 1989-cu il t\u0259v\u0259ll\u00fcdl\u00fc Mira\u011fa \u018fliyevin \u00fcr\u0259k nahiyy\u0259sind\u0259n b\u0131\u00e7aqla x\u0259sar\u0259t almas\u0131 n\u0259tic\u0259sind\u0259 m\u00fcalic\u0259 m\u00fc\u0259ssis\u0259sind\u0259 v\u0259fat etm\u0259si fakt\u0131 il\u0259 ba\u011fl\u0131 daxil olan m\u0259lumat \u0259sas\u0131nda d\u0259rhal polis v\u0259 prokurorluq \u0259m\u0259kda\u015flar\u0131n\u0131n i\u015ftirak\u0131 il\u0259 hadis\u0259 yerin\u0259 bax\u0131\u015f ke\u00e7irilib. Faktla ba\u011fl\u0131 \u015f\u0259h\u0259r prokurorlu\u011funda Cinay\u0259t M\u0259c\u0259ll\u0259sinin 120.1-ci (q\u0259sd\u0259n adam \u00f6ld\u00fcrm\u0259) madd\u0259si il\u0259 cinay\u0259t i\u015fi ba\u015flan\u0131b, m\u00fcvafiq ekspertizalar t\u0259yin edilib. \u0130lkin istintaqla hadis\u0259nin M.\u018fliyevin qon\u015fusu,&hellip;<\/p>\n","protected":false},"author":2,"featured_media":94764,"comment_status":"closed","ping_status":"closed","sticky":false,"template":"","format":"standard","meta":{"om_disable_all_campaigns":false,"_monsterinsights_skip_tracking":false,"_monsterinsights_sitenote_active":false,"_monsterinsights_sitenote_note":"","_monsterinsights_sitenote_category":0},"categories":[5],"tags":[],"aioseo_notices":[],"gutentor_comment":0,"rttpg_featured_image_url":{"full":["https:\/\/arantv.az\/wp-content\/uploads\/2019\/11\/din.jpg",800,450,false],"landscape":["https:\/\/arantv.az\/wp-content\/uploads\/2019\/11\/din.jpg",800,450,false],"portraits":["https:\/\/arantv.az\/wp-content\/uploads\/2019\/11\/din.jpg",800,450,false],"thumbnail":["https:\/\/arantv.az\/wp-content\/uploads\/2019\/11\/din-150x150.jpg",150,150,true],"medium":["https:\/\/arantv.az\/wp-content\/uploads\/2019\/11\/din-300x169.jpg",300,169,true],"large":["https:\/\/arantv.az\/wp-content\/uploads\/2019\/11\/din.jpg",640,360,false],"1536x1536":["https:\/\/arantv.az\/wp-content\/uploads\/2019\/11\/din.jpg",800,450,false],"2048x2048":["https:\/\/arantv.az\/wp-content\/uploads\/2019\/11\/din.jpg",800,450,false],"post-thumbnail":["https:\/\/arantv.az\/wp-content\/uploads\/2019\/11\/din-240x172.jpg",240,172,true],"advps-thumb-one":["https:\/\/arantv.az\/wp-content\/uploads\/2019\/11\/din.jpg",800,450,false]},"rttpg_author":{"display_name":"V\u00fcsal Rafiqo\u011flu","author_link":"https:\/\/arantv.az\/?author=2"},"rttpg_comment":0,"rttpg_category":"<a href=\"https:\/\/arantv.az\/?cat=5\" rel=\"category\">Hadis\u0259<\/a>","rttpg_excerpt":"Daxili \u0130\u015fl\u0259r Nazirliyi v\u0259 Ba\u015f Prokurorlu\u011fun M\u0259tbuat xidm\u0259tl\u0259ri G\u0259nc\u0259 \u015f\u0259h\u0259rind\u0259 valyutad\u0259yi\u015fm\u0259 m\u0259nt\u0259q\u0259sinin i\u015f\u00e7isinin b\u0131\u00e7aqlanaraq \u00f6ld\u00fcr\u00fclm\u0259si bar\u0259d\u0259 birg\u0259 m\u0259lumat yay\u0131b. ARANTV.AZ\u00a0x\u0259b\u0259r verir ki, m\u0259lumatda deyilir: &#8220;Noyabr\u0131n 11-d\u0259 gec\u0259 saat 01 rad\u0259l\u0259rind\u0259 G\u0259nc\u0259 \u015f\u0259h\u0259r sakini 1989-cu il t\u0259v\u0259ll\u00fcdl\u00fc Mira\u011fa \u018fliyevin \u00fcr\u0259k nahiyy\u0259sind\u0259n b\u0131\u00e7aqla x\u0259sar\u0259t almas\u0131 n\u0259tic\u0259sind\u0259 m\u00fcalic\u0259 m\u00fc\u0259ssis\u0259sind\u0259 v\u0259fat etm\u0259si fakt\u0131 il\u0259 ba\u011fl\u0131 daxil olan m\u0259lumat \u0259sas\u0131nda&hellip;","_links":{"self":[{"href":"https:\/\/arantv.az\/index.php?rest_route=\/wp\/v2\/posts\/94763"}],"collection":[{"href":"https:\/\/arantv.az\/index.php?rest_route=\/wp\/v2\/posts"}],"about":[{"href":"https:\/\/arantv.az\/index.php?rest_route=\/wp\/v2\/types\/post"}],"author":[{"embeddable":true,"href":"https:\/\/arantv.az\/index.php?rest_route=\/wp\/v2\/users\/2"}],"replies":[{"embeddable":true,"href":"https:\/\/arantv.az\/index.php?rest_route=%2Fwp%2Fv2%2Fcomments&post=94763"}],"version-history":[{"count":0,"href":"https:\/\/arantv.az\/index.php?rest_route=\/wp\/v2\/posts\/94763\/revisions"}],"wp:featuredmedia":[{"embeddable":true,"href":"https:\/\/arantv.az\/index.php?rest_route=\/wp\/v2\/media\/94764"}],"wp:attachment":[{"href":"https:\/\/arantv.az\/index.php?rest_route=%2Fwp%2Fv2%2Fmedia&parent=94763"}],"wp:term":[{"taxonomy":"category","embeddable":true,"href":"https:\/\/arantv.az\/index.php?rest_route=%2Fwp%2Fv2%2Fcategories&post=94763"},{"taxonomy":"post_tag","embeddable":true,"href":"https:\/\/arantv.az\/index.php?rest_route=%2Fwp%2Fv2%2Ftags&post=94763"}],"curies":[{"name":"wp","href":"https:\/\/api.w.org\/{rel}","templated":true}]}}