{"id":94795,"date":"2019-11-11T13:09:38","date_gmt":"2019-11-11T10:09:38","guid":{"rendered":"http:\/\/arantv.az\/?p=94795"},"modified":"2019-11-11T13:09:38","modified_gmt":"2019-11-11T10:09:38","slug":"masallida-is-yoldasinin-bogazini-k%c9%99s%c9%99r%c9%99k-oldur%c9%99n-f%c9%99hl%c9%99-tutuldu","status":"publish","type":"post","link":"https:\/\/arantv.az\/?p=94795","title":{"rendered":"Masall\u0131da i\u015f yolda\u015f\u0131n\u0131n bo\u011faz\u0131n\u0131 k\u0259s\u0259r\u0259k \u00f6ld\u00fcr\u0259n f\u0259hl\u0259 tutuldu"},"content":{"rendered":"<p>Noyabr\u0131n 10-da Masall\u0131 rayonunun A\u011faki\u015fib\u0259yli k\u0259ndi \u0259razisind\u0259ki evl\u0259rd\u0259n birinin h\u0259y\u0259tind\u0259 k\u0259nd sakini Rafiq G\u00fclverdiyev orada f\u0259hl\u0259 i\u015fl\u0259y\u0259n qon\u015fusu B\u0259hruz Quliyevi m\u00fcnaqi\u015f\u0259 z\u0259minind\u0259 b\u0131\u00e7aqla q\u0259tl\u0259 yetirib.<\/p>\n<p>Daxili \u0130\u015fl\u0259r Nazirliyinin m\u0259tbuat xidm\u0259tind\u0259n\u00a0veril\u0259n m\u0259lumata g\u00f6r\u0259, polis v\u0259 prokurorluq orqanlar\u0131 \u0259m\u0259kda\u015flar\u0131n\u0131n birg\u0259 ke\u00e7irdikl\u0259ri istintaq v\u0259 \u0259m\u0259liyyat-axtar\u0131\u015f t\u0259dbirl\u0259ri n\u0259tic\u0259sind\u0259 q\u0259sd\u0259n adam \u00f6ld\u00fcrm\u0259kd\u0259 \u015f\u00fcbh\u0259li bilin\u0259n R.G\u00fclverdiyev saxlan\u0131l\u0131b.<\/p>\n<div id=\"AdviadNativeVideo0\" class=\"AdviadNativeVideo\">\n<div class=\"adviad-inboard sm-screen\">\n<div>\n<p>Faktla \u0259laq\u0259dar Cinay\u0259t M\u0259c\u0259ll\u0259sinin 120-ci (q\u0259sd\u0259n adam \u00f6ld\u00fcrm\u0259) madd\u0259si il\u0259 cinay\u0259t i\u015fi ba\u015flan\u0131b.<\/p>\n<p>Qeyd ed\u0259k ki, d\u00fcn\u0259n Masall\u0131n\u0131n \u015e\u0259r\u0259f\u0259 k\u0259ndind\u0259 evl\u0259rd\u0259n birind\u0259 f\u0259hl\u0259 i\u015fl\u0259y\u0259n Boradigah q\u0259s\u0259b\u0259 sakini G\u00fclverdiyev Rafiq Elman o\u011flu m\u00fcbahis\u0259 z\u0259minind\u0259 b\u0131\u00e7aqla 47 ya\u015fl\u0131 f\u0259hl\u0259 yolda\u015f\u0131n\u0131n, Ukrayna v\u0259t\u0259nda\u015f\u0131 Quliyev B\u0259hruz \u018fliheyd\u0259r o\u011flunun bo\u011faz\u0131n\u0131 k\u0259sib.<\/p>\n<p>Hadis\u0259 yerin\u0259 t\u0259cili tibbi yard\u0131m ma\u015f\u0131n\u0131 \u00e7a\u011f\u0131r\u0131lsa da, h\u0259kiml\u0259r briqadas\u0131 \u00e7atmam\u0131\u015f a\u011f\u0131r z\u0259d\u0259l\u0259n\u0259n B.Quliyev q\u0131sa zamanda h\u0259yat\u0131n\u0131 itirib.<\/p>\n<\/div>\n<\/div>\n<\/div>\n","protected":false},"excerpt":{"rendered":"<p>Noyabr\u0131n 10-da Masall\u0131 rayonunun A\u011faki\u015fib\u0259yli k\u0259ndi \u0259razisind\u0259ki evl\u0259rd\u0259n birinin h\u0259y\u0259tind\u0259 k\u0259nd sakini Rafiq G\u00fclverdiyev orada f\u0259hl\u0259 i\u015fl\u0259y\u0259n qon\u015fusu B\u0259hruz Quliyevi m\u00fcnaqi\u015f\u0259 z\u0259minind\u0259 b\u0131\u00e7aqla q\u0259tl\u0259 yetirib. Daxili \u0130\u015fl\u0259r Nazirliyinin m\u0259tbuat xidm\u0259tind\u0259n\u00a0veril\u0259n m\u0259lumata g\u00f6r\u0259, polis v\u0259 prokurorluq orqanlar\u0131 \u0259m\u0259kda\u015flar\u0131n\u0131n birg\u0259 ke\u00e7irdikl\u0259ri istintaq v\u0259 \u0259m\u0259liyyat-axtar\u0131\u015f t\u0259dbirl\u0259ri n\u0259tic\u0259sind\u0259 q\u0259sd\u0259n adam \u00f6ld\u00fcrm\u0259kd\u0259 \u015f\u00fcbh\u0259li bilin\u0259n R.G\u00fclverdiyev saxlan\u0131l\u0131b. Faktla \u0259laq\u0259dar Cinay\u0259t M\u0259c\u0259ll\u0259sinin 120-ci (q\u0259sd\u0259n adam \u00f6ld\u00fcrm\u0259) madd\u0259si il\u0259 cinay\u0259t i\u015fi ba\u015flan\u0131b. Qeyd ed\u0259k ki, d\u00fcn\u0259n Masall\u0131n\u0131n \u015e\u0259r\u0259f\u0259 k\u0259ndind\u0259 evl\u0259rd\u0259n birind\u0259 f\u0259hl\u0259 i\u015fl\u0259y\u0259n Boradigah q\u0259s\u0259b\u0259 sakini G\u00fclverdiyev Rafiq Elman o\u011flu m\u00fcbahis\u0259 z\u0259minind\u0259 b\u0131\u00e7aqla 47 ya\u015fl\u0131 f\u0259hl\u0259 yolda\u015f\u0131n\u0131n, Ukrayna&hellip;<\/p>\n","protected":false},"author":2,"featured_media":94796,"comment_status":"closed","ping_status":"closed","sticky":false,"template":"","format":"standard","meta":{"om_disable_all_campaigns":false,"_monsterinsights_skip_tracking":false,"_monsterinsights_sitenote_active":false,"_monsterinsights_sitenote_note":"","_monsterinsights_sitenote_category":0},"categories":[3],"tags":[],"aioseo_notices":[],"gutentor_comment":0,"rttpg_featured_image_url":{"full":["https:\/\/arantv.az\/wp-content\/uploads\/2019\/11\/qatil.jpg",600,400,false],"landscape":["https:\/\/arantv.az\/wp-content\/uploads\/2019\/11\/qatil.jpg",600,400,false],"portraits":["https:\/\/arantv.az\/wp-content\/uploads\/2019\/11\/qatil.jpg",600,400,false],"thumbnail":["https:\/\/arantv.az\/wp-content\/uploads\/2019\/11\/qatil-150x150.jpg",150,150,true],"medium":["https:\/\/arantv.az\/wp-content\/uploads\/2019\/11\/qatil-300x200.jpg",300,200,true],"large":["https:\/\/arantv.az\/wp-content\/uploads\/2019\/11\/qatil.jpg",600,400,false],"1536x1536":["https:\/\/arantv.az\/wp-content\/uploads\/2019\/11\/qatil.jpg",600,400,false],"2048x2048":["https:\/\/arantv.az\/wp-content\/uploads\/2019\/11\/qatil.jpg",600,400,false],"post-thumbnail":["https:\/\/arantv.az\/wp-content\/uploads\/2019\/11\/qatil-240x172.jpg",240,172,true],"advps-thumb-one":["https:\/\/arantv.az\/wp-content\/uploads\/2019\/11\/qatil.jpg",600,400,false]},"rttpg_author":{"display_name":"V\u00fcsal Rafiqo\u011flu","author_link":"https:\/\/arantv.az\/?author=2"},"rttpg_comment":0,"rttpg_category":"<a href=\"https:\/\/arantv.az\/?cat=3\" rel=\"category\">Kriminal<\/a>","rttpg_excerpt":"Noyabr\u0131n 10-da Masall\u0131 rayonunun A\u011faki\u015fib\u0259yli k\u0259ndi \u0259razisind\u0259ki evl\u0259rd\u0259n birinin h\u0259y\u0259tind\u0259 k\u0259nd sakini Rafiq G\u00fclverdiyev orada f\u0259hl\u0259 i\u015fl\u0259y\u0259n qon\u015fusu B\u0259hruz Quliyevi m\u00fcnaqi\u015f\u0259 z\u0259minind\u0259 b\u0131\u00e7aqla q\u0259tl\u0259 yetirib. Daxili \u0130\u015fl\u0259r Nazirliyinin m\u0259tbuat xidm\u0259tind\u0259n\u00a0veril\u0259n m\u0259lumata g\u00f6r\u0259, polis v\u0259 prokurorluq orqanlar\u0131 \u0259m\u0259kda\u015flar\u0131n\u0131n birg\u0259 ke\u00e7irdikl\u0259ri istintaq v\u0259 \u0259m\u0259liyyat-axtar\u0131\u015f t\u0259dbirl\u0259ri n\u0259tic\u0259sind\u0259 q\u0259sd\u0259n adam \u00f6ld\u00fcrm\u0259kd\u0259 \u015f\u00fcbh\u0259li bilin\u0259n R.G\u00fclverdiyev saxlan\u0131l\u0131b. Faktla \u0259laq\u0259dar Cinay\u0259t M\u0259c\u0259ll\u0259sinin&hellip;","_links":{"self":[{"href":"https:\/\/arantv.az\/index.php?rest_route=\/wp\/v2\/posts\/94795"}],"collection":[{"href":"https:\/\/arantv.az\/index.php?rest_route=\/wp\/v2\/posts"}],"about":[{"href":"https:\/\/arantv.az\/index.php?rest_route=\/wp\/v2\/types\/post"}],"author":[{"embeddable":true,"href":"https:\/\/arantv.az\/index.php?rest_route=\/wp\/v2\/users\/2"}],"replies":[{"embeddable":true,"href":"https:\/\/arantv.az\/index.php?rest_route=%2Fwp%2Fv2%2Fcomments&post=94795"}],"version-history":[{"count":0,"href":"https:\/\/arantv.az\/index.php?rest_route=\/wp\/v2\/posts\/94795\/revisions"}],"wp:featuredmedia":[{"embeddable":true,"href":"https:\/\/arantv.az\/index.php?rest_route=\/wp\/v2\/media\/94796"}],"wp:attachment":[{"href":"https:\/\/arantv.az\/index.php?rest_route=%2Fwp%2Fv2%2Fmedia&parent=94795"}],"wp:term":[{"taxonomy":"category","embeddable":true,"href":"https:\/\/arantv.az\/index.php?rest_route=%2Fwp%2Fv2%2Fcategories&post=94795"},{"taxonomy":"post_tag","embeddable":true,"href":"https:\/\/arantv.az\/index.php?rest_route=%2Fwp%2Fv2%2Ftags&post=94795"}],"curies":[{"name":"wp","href":"https:\/\/api.w.org\/{rel}","templated":true}]}}