{"id":94819,"date":"2019-11-11T13:36:28","date_gmt":"2019-11-11T10:36:28","guid":{"rendered":"http:\/\/arantv.az\/?p=94819"},"modified":"2019-11-11T13:36:28","modified_gmt":"2019-11-11T10:36:28","slug":"az%c9%99rbaycanda-s%c9%99rxos-surucu-bir-ail%c9%99nin-dord-uzvunu-masinla-vurdu","status":"publish","type":"post","link":"https:\/\/arantv.az\/?p=94819","title":{"rendered":"Az\u0259rbaycanda s\u0259rxo\u015f s\u00fcr\u00fcc\u00fc bir ail\u0259nin d\u00f6rd \u00fczv\u00fcn\u00fc ma\u015f\u0131nla vurdu"},"content":{"rendered":"<p>Sabirabadda bir ail\u0259nin d\u00f6rd\u00a0\u00fczv\u00fcn\u00fc avtomobil vurub.<\/p>\n<p><strong>ARANTV.AZ<\/strong> x\u0259b\u0259r verir ki, hadis\u0259 rayonun Suqovu\u015fan k\u0259ndind\u0259 ba\u015f verib.<\/p>\n<p>Bel\u0259 ki, Suqovu\u015fan k\u0259nd sakini, 1987-ci il t\u0259v\u0259ll\u00fcdl\u00fc M\u0259mm\u0259dov T\u0259rviz M\u0259h\u0259rr\u0259m o\u011flu s\u0259rxo\u015f v\u0259ziyy\u0259td\u0259 idar\u0259 etdiyi \u201cVAZ 2106\u201d markal\u0131 avtomobill\u0259 yol k\u0259nar\u0131 il\u0259 ged\u0259n bir ail\u0259nin d\u00f6rd \u00fczv\u00fcn\u00fc vurub.<\/p>\n<div id=\"AdviadNativeVideo0\" class=\"AdviadNativeVideo\"><\/div>\n<p>Q\u0259za n\u0259tic\u0259sind\u0259 Suqovu\u015fan k\u0259nd sakinl\u0259ri, 1991-ci il t\u0259v\u0259ll\u00fcdl\u00fc \u018fl\u0259kb\u0259rov K\u0259nan \u018fli o\u011flu, onun h\u0259yat yolda\u015f\u0131 1992-ci il t\u0259v\u0259ll\u00fcdl\u00fc \u018fl\u0259kb\u0259rova Ayg\u00fcl B\u0259xtiyar q\u0131z\u0131, \u00f6vladlar\u0131 &#8211; 2013-c\u00fc il t\u0259v\u0259ll\u00fcdl\u00fc \u018fl\u0259kb\u0259rli Zeynal K\u0259nan o\u011flu v\u0259 2012-ci il t\u0259v\u0259ll\u00fcdl\u00fc \u018fl\u0259kb\u0259rli \u018fli K\u0259nan o\u011flu m\u00fcxt\u0259lif d\u0259r\u0259c\u0259li b\u0259d\u0259n x\u0259sar\u0259tl\u0259ri il\u0259 rayon m\u0259rk\u0259zi x\u0259st\u0259xanas\u0131na yerl\u0259\u015fdirilibl\u0259r.<\/p>\n<p>Qeyd ed\u0259k ki, K.\u018fl\u0259kb\u0259rovun v\u0259ziyy\u0259ti a\u011f\u0131r oldu\u011fu \u00fc\u00e7\u00fcn reanimasiya \u015f\u00f6b\u0259sin\u0259 yerl\u0259\u015fdirilib.<\/p>\n<p>Faktla ba\u011fl\u0131 ara\u015fd\u0131rma apar\u0131l\u0131r.Qafqazinfo<\/p>\n","protected":false},"excerpt":{"rendered":"<p>Sabirabadda bir ail\u0259nin d\u00f6rd\u00a0\u00fczv\u00fcn\u00fc avtomobil vurub. ARANTV.AZ x\u0259b\u0259r verir ki, hadis\u0259 rayonun Suqovu\u015fan k\u0259ndind\u0259 ba\u015f verib. Bel\u0259 ki, Suqovu\u015fan k\u0259nd sakini, 1987-ci il t\u0259v\u0259ll\u00fcdl\u00fc M\u0259mm\u0259dov T\u0259rviz M\u0259h\u0259rr\u0259m o\u011flu s\u0259rxo\u015f v\u0259ziyy\u0259td\u0259 idar\u0259 etdiyi \u201cVAZ 2106\u201d markal\u0131 avtomobill\u0259 yol k\u0259nar\u0131 il\u0259 ged\u0259n bir ail\u0259nin d\u00f6rd \u00fczv\u00fcn\u00fc vurub. Q\u0259za n\u0259tic\u0259sind\u0259 Suqovu\u015fan k\u0259nd sakinl\u0259ri, 1991-ci il t\u0259v\u0259ll\u00fcdl\u00fc \u018fl\u0259kb\u0259rov K\u0259nan \u018fli o\u011flu, onun h\u0259yat yolda\u015f\u0131 1992-ci il t\u0259v\u0259ll\u00fcdl\u00fc \u018fl\u0259kb\u0259rova Ayg\u00fcl B\u0259xtiyar q\u0131z\u0131, \u00f6vladlar\u0131 &#8211; 2013-c\u00fc il t\u0259v\u0259ll\u00fcdl\u00fc \u018fl\u0259kb\u0259rli Zeynal K\u0259nan o\u011flu v\u0259 2012-ci il t\u0259v\u0259ll\u00fcdl\u00fc \u018fl\u0259kb\u0259rli \u018fli K\u0259nan o\u011flu m\u00fcxt\u0259lif d\u0259r\u0259c\u0259li b\u0259d\u0259n x\u0259sar\u0259tl\u0259ri il\u0259 rayon&hellip;<\/p>\n","protected":false},"author":2,"featured_media":94820,"comment_status":"closed","ping_status":"closed","sticky":false,"template":"","format":"standard","meta":{"om_disable_all_campaigns":false,"_monsterinsights_skip_tracking":false,"_monsterinsights_sitenote_active":false,"_monsterinsights_sitenote_note":"","_monsterinsights_sitenote_category":0},"categories":[5],"tags":[],"aioseo_notices":[],"gutentor_comment":0,"rttpg_featured_image_url":{"full":["https:\/\/arantv.az\/wp-content\/uploads\/2019\/11\/velosiped-qeza-masin-azeuro-1.jpg",620,403,false],"landscape":["https:\/\/arantv.az\/wp-content\/uploads\/2019\/11\/velosiped-qeza-masin-azeuro-1.jpg",620,403,false],"portraits":["https:\/\/arantv.az\/wp-content\/uploads\/2019\/11\/velosiped-qeza-masin-azeuro-1.jpg",620,403,false],"thumbnail":["https:\/\/arantv.az\/wp-content\/uploads\/2019\/11\/velosiped-qeza-masin-azeuro-1-150x150.jpg",150,150,true],"medium":["https:\/\/arantv.az\/wp-content\/uploads\/2019\/11\/velosiped-qeza-masin-azeuro-1-300x195.jpg",300,195,true],"large":["https:\/\/arantv.az\/wp-content\/uploads\/2019\/11\/velosiped-qeza-masin-azeuro-1.jpg",620,403,false],"1536x1536":["https:\/\/arantv.az\/wp-content\/uploads\/2019\/11\/velosiped-qeza-masin-azeuro-1.jpg",620,403,false],"2048x2048":["https:\/\/arantv.az\/wp-content\/uploads\/2019\/11\/velosiped-qeza-masin-azeuro-1.jpg",620,403,false],"post-thumbnail":["https:\/\/arantv.az\/wp-content\/uploads\/2019\/11\/velosiped-qeza-masin-azeuro-1-240x172.jpg",240,172,true],"advps-thumb-one":["https:\/\/arantv.az\/wp-content\/uploads\/2019\/11\/velosiped-qeza-masin-azeuro-1.jpg",620,403,false]},"rttpg_author":{"display_name":"V\u00fcsal Rafiqo\u011flu","author_link":"https:\/\/arantv.az\/?author=2"},"rttpg_comment":0,"rttpg_category":"<a href=\"https:\/\/arantv.az\/?cat=5\" rel=\"category\">Hadis\u0259<\/a>","rttpg_excerpt":"Sabirabadda bir ail\u0259nin d\u00f6rd\u00a0\u00fczv\u00fcn\u00fc avtomobil vurub. ARANTV.AZ x\u0259b\u0259r verir ki, hadis\u0259 rayonun Suqovu\u015fan k\u0259ndind\u0259 ba\u015f verib. Bel\u0259 ki, Suqovu\u015fan k\u0259nd sakini, 1987-ci il t\u0259v\u0259ll\u00fcdl\u00fc M\u0259mm\u0259dov T\u0259rviz M\u0259h\u0259rr\u0259m o\u011flu s\u0259rxo\u015f v\u0259ziyy\u0259td\u0259 idar\u0259 etdiyi \u201cVAZ 2106\u201d markal\u0131 avtomobill\u0259 yol k\u0259nar\u0131 il\u0259 ged\u0259n bir ail\u0259nin d\u00f6rd \u00fczv\u00fcn\u00fc vurub. Q\u0259za n\u0259tic\u0259sind\u0259 Suqovu\u015fan k\u0259nd sakinl\u0259ri, 1991-ci il t\u0259v\u0259ll\u00fcdl\u00fc \u018fl\u0259kb\u0259rov K\u0259nan&hellip;","_links":{"self":[{"href":"https:\/\/arantv.az\/index.php?rest_route=\/wp\/v2\/posts\/94819"}],"collection":[{"href":"https:\/\/arantv.az\/index.php?rest_route=\/wp\/v2\/posts"}],"about":[{"href":"https:\/\/arantv.az\/index.php?rest_route=\/wp\/v2\/types\/post"}],"author":[{"embeddable":true,"href":"https:\/\/arantv.az\/index.php?rest_route=\/wp\/v2\/users\/2"}],"replies":[{"embeddable":true,"href":"https:\/\/arantv.az\/index.php?rest_route=%2Fwp%2Fv2%2Fcomments&post=94819"}],"version-history":[{"count":0,"href":"https:\/\/arantv.az\/index.php?rest_route=\/wp\/v2\/posts\/94819\/revisions"}],"wp:featuredmedia":[{"embeddable":true,"href":"https:\/\/arantv.az\/index.php?rest_route=\/wp\/v2\/media\/94820"}],"wp:attachment":[{"href":"https:\/\/arantv.az\/index.php?rest_route=%2Fwp%2Fv2%2Fmedia&parent=94819"}],"wp:term":[{"taxonomy":"category","embeddable":true,"href":"https:\/\/arantv.az\/index.php?rest_route=%2Fwp%2Fv2%2Fcategories&post=94819"},{"taxonomy":"post_tag","embeddable":true,"href":"https:\/\/arantv.az\/index.php?rest_route=%2Fwp%2Fv2%2Ftags&post=94819"}],"curies":[{"name":"wp","href":"https:\/\/api.w.org\/{rel}","templated":true}]}}