{"id":94823,"date":"2019-11-11T13:37:45","date_gmt":"2019-11-11T10:37:45","guid":{"rendered":"http:\/\/arantv.az\/?p=94823"},"modified":"2019-11-11T13:37:45","modified_gmt":"2019-11-11T10:37:45","slug":"lavrov-erm%c9%99nistan-prezidentl%c9%99rind%c9%99n-biri-yerevanin-qarabagin-maraqlarini-t%c9%99msil-etm%c9%99sin%c9%99-q%c9%99rar-vermisdi","status":"publish","type":"post","link":"https:\/\/arantv.az\/?p=94823","title":{"rendered":"Lavrov: Erm\u0259nistan prezidentl\u0259rind\u0259n biri Yerevan\u0131n Qaraba\u011f\u0131n maraqlar\u0131n\u0131 t\u0259msil etm\u0259sin\u0259 q\u0259rar vermi\u015fdi"},"content":{"rendered":"<p>Qaraba\u011f m\u00fcnaqi\u015f\u0259sinin h\u0259llind\u0259 maraqlar\u0131n real balans\u0131 n\u0259z\u0259r\u0259 al\u0131nmal\u0131d\u0131r.<\/p>\n<p><strong>ARANTV.AZ<\/strong>-\u0131n m\u0259lumat\u0131na g\u00f6r\u0259, bunu Rusiyan\u0131n Xarici \u0130\u015fl\u0259r naziri Sergey Lavrov Yerevanda ke\u00e7irdiyi m\u0259tbuat konfrans\u0131nda deyib.<\/p>\n<p>Nazir qeyd edib ki, t\u0259r\u0259fl\u0259r \u00f6zl\u0259ri m\u0259s\u0259l\u0259ni koordinasiya etm\u0259li v\u0259 t\u0259rkibi m\u00fc\u0259yy\u0259nl\u0259\u015fdirm\u0259lidirl\u0259r.<\/p>\n<div id=\"AdviadNativeVideo0\" class=\"AdviadNativeVideo\"><\/div>\n<p>S.Lavrov xat\u0131rlad\u0131b ki, Qaraba\u011fda h\u0259rbi \u0259m\u0259liyyatlar dayand\u0131r\u0131ld\u0131qda, dan\u0131\u015f\u0131qlar\u0131n i\u015ftirak\u00e7\u0131s\u0131 olub.<\/p>\n<p>\u201cLakin b\u0259zi m\u0259rh\u0259l\u0259l\u0259rd\u0259 Erm\u0259nistan prezidentl\u0259rind\u0259n biri Yerevan\u0131n Qaraba\u011f\u0131n maraqlar\u0131n\u0131 t\u0259msil etm\u0259y\u0259\u00a0q\u0259rar vermi\u015fdi\u201d, &#8211; dey\u0259 S.Lavrov \u0259lav\u0259 edib.<\/p>\n<p>Rusiyan\u0131n ba\u015f diplomat\u0131 s\u00f6yl\u0259yib ki, AT\u018fT-in Minsk Qrupunun h\u0259ms\u0259drl\u0259ri prosesi yaln\u0131z \u00fcmumi raz\u0131l\u0131q \u00e7\u0259r\u00e7iv\u0259sind\u0259 t\u0259min ed\u0259 bil\u0259r.<\/p>\n<p>\u201cBiz h\u0259ms\u0259drl\u0259r olaraq prosesin yaln\u0131z \u00fcmumi raz\u0131l\u0131q \u00e7\u0259r\u00e7iv\u0259sind\u0259 getdiyini t\u0259min ed\u0259 bil\u0259rik. Da\u011fl\u0131q Qaraba\u011f \u0259halisinin raz\u0131l\u0131\u011f\u0131 olmadan he\u00e7 bir m\u00fcqavil\u0259 ba\u011flamaq olmaz\u201d, &#8211; dey\u0259 S.Lavrov \u0259lav\u0259 edib.<\/p>\n<p>Onun s\u00f6zl\u0259rin\u0259 g\u00f6r\u0259, \u0259razi b\u00fct\u00f6vl\u00fcy\u00fc prinsipl\u0259ri, xalqlar\u0131n \u00f6z m\u00fcq\u0259dd\u0259rat\u0131n\u0131 t\u0259yin etm\u0259 v\u0259 s\u00fclh yolu il\u0259 h\u0259ll t\u0259r\u0259fl\u0259r aras\u0131nda ba\u015f tutan m\u00fczakir\u0259l\u0259rd\u0259 \u00f6z \u0259ksini tap\u0131b.<\/p>\n<p>\u201cSon t\u0259nziml\u0259m\u0259 b\u00fct\u00fcn prinsipl\u0259ri n\u0259z\u0259r\u0259 almal\u0131d\u0131r. He\u00e7 kim bununla ba\u011fl\u0131 m\u00fcbahis\u0259 etmir. Qalanlar\u0131 dan\u0131\u015f\u0131qlar\u0131n m\u0259s\u0259l\u0259sidir. Diplomatiya s\u0259n\u0259ti g\u00fcz\u0259\u015ftdir. Biz h\u0259ms\u0259drl\u0259r olaraq g\u00fcz\u0259\u015ftl\u0259rin real maraq balans\u0131n\u0131 \u0259ks etdirm\u0259y\u0259 \u00e7al\u0131\u015f\u0131r\u0131q\u201d.Oxu.Az<\/p>\n","protected":false},"excerpt":{"rendered":"<p>Qaraba\u011f m\u00fcnaqi\u015f\u0259sinin h\u0259llind\u0259 maraqlar\u0131n real balans\u0131 n\u0259z\u0259r\u0259 al\u0131nmal\u0131d\u0131r. ARANTV.AZ-\u0131n m\u0259lumat\u0131na g\u00f6r\u0259, bunu Rusiyan\u0131n Xarici \u0130\u015fl\u0259r naziri Sergey Lavrov Yerevanda ke\u00e7irdiyi m\u0259tbuat konfrans\u0131nda deyib. Nazir qeyd edib ki, t\u0259r\u0259fl\u0259r \u00f6zl\u0259ri m\u0259s\u0259l\u0259ni koordinasiya etm\u0259li v\u0259 t\u0259rkibi m\u00fc\u0259yy\u0259nl\u0259\u015fdirm\u0259lidirl\u0259r. S.Lavrov xat\u0131rlad\u0131b ki, Qaraba\u011fda h\u0259rbi \u0259m\u0259liyyatlar dayand\u0131r\u0131ld\u0131qda, dan\u0131\u015f\u0131qlar\u0131n i\u015ftirak\u00e7\u0131s\u0131 olub. \u201cLakin b\u0259zi m\u0259rh\u0259l\u0259l\u0259rd\u0259 Erm\u0259nistan prezidentl\u0259rind\u0259n biri Yerevan\u0131n Qaraba\u011f\u0131n maraqlar\u0131n\u0131 t\u0259msil etm\u0259y\u0259\u00a0q\u0259rar vermi\u015fdi\u201d, &#8211; dey\u0259 S.Lavrov \u0259lav\u0259 edib. Rusiyan\u0131n ba\u015f diplomat\u0131 s\u00f6yl\u0259yib ki, AT\u018fT-in Minsk Qrupunun h\u0259ms\u0259drl\u0259ri prosesi yaln\u0131z \u00fcmumi raz\u0131l\u0131q \u00e7\u0259r\u00e7iv\u0259sind\u0259 t\u0259min ed\u0259 bil\u0259r. \u201cBiz h\u0259ms\u0259drl\u0259r olaraq prosesin yaln\u0131z \u00fcmumi raz\u0131l\u0131q \u00e7\u0259r\u00e7iv\u0259sind\u0259 getdiyini t\u0259min ed\u0259&hellip;<\/p>\n","protected":false},"author":2,"featured_media":94824,"comment_status":"closed","ping_status":"closed","sticky":false,"template":"","format":"standard","meta":{"om_disable_all_campaigns":false,"_monsterinsights_skip_tracking":false,"_monsterinsights_sitenote_active":false,"_monsterinsights_sitenote_note":"","_monsterinsights_sitenote_category":0},"categories":[4],"tags":[],"aioseo_notices":[],"gutentor_comment":0,"rttpg_featured_image_url":{"full":["https:\/\/arantv.az\/wp-content\/uploads\/2019\/11\/lavrov-2.jpg",620,414,false],"landscape":["https:\/\/arantv.az\/wp-content\/uploads\/2019\/11\/lavrov-2.jpg",620,414,false],"portraits":["https:\/\/arantv.az\/wp-content\/uploads\/2019\/11\/lavrov-2.jpg",620,414,false],"thumbnail":["https:\/\/arantv.az\/wp-content\/uploads\/2019\/11\/lavrov-2-150x150.jpg",150,150,true],"medium":["https:\/\/arantv.az\/wp-content\/uploads\/2019\/11\/lavrov-2-300x200.jpg",300,200,true],"large":["https:\/\/arantv.az\/wp-content\/uploads\/2019\/11\/lavrov-2.jpg",620,414,false],"1536x1536":["https:\/\/arantv.az\/wp-content\/uploads\/2019\/11\/lavrov-2.jpg",620,414,false],"2048x2048":["https:\/\/arantv.az\/wp-content\/uploads\/2019\/11\/lavrov-2.jpg",620,414,false],"post-thumbnail":["https:\/\/arantv.az\/wp-content\/uploads\/2019\/11\/lavrov-2-240x172.jpg",240,172,true],"advps-thumb-one":["https:\/\/arantv.az\/wp-content\/uploads\/2019\/11\/lavrov-2.jpg",620,414,false]},"rttpg_author":{"display_name":"V\u00fcsal Rafiqo\u011flu","author_link":"https:\/\/arantv.az\/?author=2"},"rttpg_comment":0,"rttpg_category":"<a href=\"https:\/\/arantv.az\/?cat=4\" rel=\"category\">Siyas\u0259t<\/a>","rttpg_excerpt":"Qaraba\u011f m\u00fcnaqi\u015f\u0259sinin h\u0259llind\u0259 maraqlar\u0131n real balans\u0131 n\u0259z\u0259r\u0259 al\u0131nmal\u0131d\u0131r. ARANTV.AZ-\u0131n m\u0259lumat\u0131na g\u00f6r\u0259, bunu Rusiyan\u0131n Xarici \u0130\u015fl\u0259r naziri Sergey Lavrov Yerevanda ke\u00e7irdiyi m\u0259tbuat konfrans\u0131nda deyib. Nazir qeyd edib ki, t\u0259r\u0259fl\u0259r \u00f6zl\u0259ri m\u0259s\u0259l\u0259ni koordinasiya etm\u0259li v\u0259 t\u0259rkibi m\u00fc\u0259yy\u0259nl\u0259\u015fdirm\u0259lidirl\u0259r. S.Lavrov xat\u0131rlad\u0131b ki, Qaraba\u011fda h\u0259rbi \u0259m\u0259liyyatlar dayand\u0131r\u0131ld\u0131qda, dan\u0131\u015f\u0131qlar\u0131n i\u015ftirak\u00e7\u0131s\u0131 olub. \u201cLakin b\u0259zi m\u0259rh\u0259l\u0259l\u0259rd\u0259 Erm\u0259nistan prezidentl\u0259rind\u0259n biri Yerevan\u0131n Qaraba\u011f\u0131n maraqlar\u0131n\u0131 t\u0259msil&hellip;","_links":{"self":[{"href":"https:\/\/arantv.az\/index.php?rest_route=\/wp\/v2\/posts\/94823"}],"collection":[{"href":"https:\/\/arantv.az\/index.php?rest_route=\/wp\/v2\/posts"}],"about":[{"href":"https:\/\/arantv.az\/index.php?rest_route=\/wp\/v2\/types\/post"}],"author":[{"embeddable":true,"href":"https:\/\/arantv.az\/index.php?rest_route=\/wp\/v2\/users\/2"}],"replies":[{"embeddable":true,"href":"https:\/\/arantv.az\/index.php?rest_route=%2Fwp%2Fv2%2Fcomments&post=94823"}],"version-history":[{"count":0,"href":"https:\/\/arantv.az\/index.php?rest_route=\/wp\/v2\/posts\/94823\/revisions"}],"wp:featuredmedia":[{"embeddable":true,"href":"https:\/\/arantv.az\/index.php?rest_route=\/wp\/v2\/media\/94824"}],"wp:attachment":[{"href":"https:\/\/arantv.az\/index.php?rest_route=%2Fwp%2Fv2%2Fmedia&parent=94823"}],"wp:term":[{"taxonomy":"category","embeddable":true,"href":"https:\/\/arantv.az\/index.php?rest_route=%2Fwp%2Fv2%2Fcategories&post=94823"},{"taxonomy":"post_tag","embeddable":true,"href":"https:\/\/arantv.az\/index.php?rest_route=%2Fwp%2Fv2%2Ftags&post=94823"}],"curies":[{"name":"wp","href":"https:\/\/api.w.org\/{rel}","templated":true}]}}