{"id":94839,"date":"2019-11-11T13:52:56","date_gmt":"2019-11-11T10:52:56","guid":{"rendered":"http:\/\/arantv.az\/?p=94839"},"modified":"2019-11-11T13:52:56","modified_gmt":"2019-11-11T10:52:56","slug":"surucul%c9%99rin-diqq%c9%99tin%c9%99-4-gund%c9%99n-sonra-baslayir","status":"publish","type":"post","link":"https:\/\/arantv.az\/?p=94839","title":{"rendered":"S\u00fcr\u00fcc\u00fcl\u0259rin D\u0130QQ\u018fT\u0130N\u018f- 4 G\u00dcND\u018fN SONRA BA\u015eLAYIR"},"content":{"rendered":"<p><strong>Bu il may\u0131n 1-d\u0259n qeyri-r\u0259smi olaraq plyonkalara icaz\u0259 verildi. Ancaq buna q\u0259d\u0259r yaln\u0131z arxa yan \u015f\u00fc\u015f\u0259l\u0259r\u0259 jal\u00fcz-p\u0259rd\u0259 vurulmas\u0131na icaz\u0259 verilirdi.<\/strong><\/p>\n<p><b>ARANTV.AZ\u00a0<\/b>x\u0259b\u0259r verir ki, bu s\u00f6zl\u0259ri Axar.az-a a\u00e7\u0131qlamas\u0131nda yol-n\u0259qliyyat eksperti Elm\u0259ddin Muradl\u0131 deyib. O bildirib ki, bu il yol patrul xidm\u0259ti \u0259m\u0259kda\u015flar\u0131na avtomobilin\u0259 qara plyonka vuran s\u00fcr\u00fcc\u00fcl\u0259ri incitm\u0259m\u0259k tap\u015f\u0131r\u0131\u011f\u0131 verilmi\u015fdi:<\/p>\n<p>\u201cS\u00fcr\u00fcc\u00fcl\u0259r d\u0259 buna \u0259saslanaraq plyonka vurma\u011fa ba\u015flad\u0131lar. H\u0259tta qabaq yan \u015f\u00fc\u015f\u0259l\u0259rin\u0259 qara plyonka vuran taksi s\u00fcr\u00fcc\u00fcl\u0259ri d\u0259 oldu. Halbuki bu olduqca t\u0259hl\u00fck\u0259li bir hald\u0131r. Qara plyonka da bird\u0259f\u0259lik m\u0259hsuldur. Y\u0259ni jal\u00fcz v\u0259 ya p\u0259rd\u0259 olanda bu il \u00e7\u0131xar\u0131b, g\u0259l\u0259n il yenid\u0259n istifad\u0259 ed\u0259 bilirs\u0259n. Ancaq plyonka bir d\u0259f\u0259 tax\u0131ld\u0131sa, \u00e7\u0131xar\u0131landan sonra istifad\u0259si m\u00fcmk\u00fcn deyil. Bu da s\u00fcr\u00fcc\u00fcl\u0259ri narahat etm\u0259y\u0259 ba\u015flay\u0131b. Hesab edir\u0259m ki, plyonkalarla ba\u011fl\u0131 olan qada\u011fa l\u0259\u011fv olunmal\u0131d\u0131r\u201d.<\/p>\n<p>E.Muradl\u0131 bildirib ki, \u0259ks\u0259r deputatlar v\u0259 yol-n\u0259qliyyat ekspertl\u0259ri d\u0259 arxa yan \u015f\u00fc\u015f\u0259l\u0259r\u0259 plyonka vurulmas\u0131n\u0131 qada\u011fan ed\u0259n qanunun l\u0259\u011fvini d\u0259st\u0259kl\u0259yir:<\/p>\n<p>\u201cHesab edir\u0259m ki, arxa yan \u015f\u00fc\u015f\u0259l\u0259r\u0259 plyonka vurmaq olar. Bunun \u00fc\u00e7\u00fcn beyn\u0259lxalq t\u0259cr\u00fcb\u0259 d\u0259 var. Ancaq t\u0259bii ki, qabaq yan \u015f\u00fc\u015f\u0259l\u0259r\u0259 p\u0259rd\u0259, jal\u00fcz, qara plyonka vurulmas\u0131 tam qada\u011fand\u0131r v\u0259 buna icaz\u0259 verm\u0259k olmaz. \u00c7\u00fcnki bizim s\u00fcr\u00fcc\u00fcl\u0259r qabaq yan \u015f\u00fc\u015f\u0259l\u0259r\u0259 plyonka vurdursalar t\u0259hl\u00fck\u0259sizlik k\u0259m\u0259rind\u0259n istifad\u0259 etm\u0259y\u0259c\u0259k, telefonla dan\u0131\u015facaq, quca\u011f\u0131nda u\u015faqla ma\u015f\u0131n s\u00fcr\u0259c\u0259k, azya\u015fl\u0131 u\u015fa\u011f\u0131 qabaqda oturdacaq v\u0259 sair. Yol polisi d\u0259 pozulan bu qaydalar\u0131 a\u015fkar ed\u0259 bilm\u0259y\u0259c\u0259k\u201d.<\/p>\n<p>E.Muradl\u0131 bildirib ki, haz\u0131rki qaydalara g\u00f6r\u0259, 15 noyabr tarixind\u0259n sonra p\u0259rd\u0259, plyonka v\u0259 jal\u00fczl\u0259ri a\u00e7mayan s\u00fcr\u00fcc\u00fcl\u0259r c\u0259rim\u0259l\u0259n\u0259c\u0259k.<\/p>\n<p>Qeyd ed\u0259k ki, h\u0259r il oldu\u011fu kimi, bu il d\u0259 iqlim \u015f\u0259raiti n\u0259z\u0259r\u0259 al\u0131naraq plyonka v\u0259 jal\u00fczl\u0259rl\u0259 ba\u011fl\u0131 1 maydan t\u0259tbiq edil\u0259n g\u00fcz\u0259\u015ft 15 noyabr tarixind\u0259 ba\u015fa \u00e7at\u0131r.Publika.az<\/p>\n","protected":false},"excerpt":{"rendered":"<p>Bu il may\u0131n 1-d\u0259n qeyri-r\u0259smi olaraq plyonkalara icaz\u0259 verildi. Ancaq buna q\u0259d\u0259r yaln\u0131z arxa yan \u015f\u00fc\u015f\u0259l\u0259r\u0259 jal\u00fcz-p\u0259rd\u0259 vurulmas\u0131na icaz\u0259 verilirdi. ARANTV.AZ\u00a0x\u0259b\u0259r verir ki, bu s\u00f6zl\u0259ri Axar.az-a a\u00e7\u0131qlamas\u0131nda yol-n\u0259qliyyat eksperti Elm\u0259ddin Muradl\u0131 deyib. O bildirib ki, bu il yol patrul xidm\u0259ti \u0259m\u0259kda\u015flar\u0131na avtomobilin\u0259 qara plyonka vuran s\u00fcr\u00fcc\u00fcl\u0259ri incitm\u0259m\u0259k tap\u015f\u0131r\u0131\u011f\u0131 verilmi\u015fdi: \u201cS\u00fcr\u00fcc\u00fcl\u0259r d\u0259 buna \u0259saslanaraq plyonka vurma\u011fa ba\u015flad\u0131lar. H\u0259tta qabaq yan \u015f\u00fc\u015f\u0259l\u0259rin\u0259 qara plyonka vuran taksi s\u00fcr\u00fcc\u00fcl\u0259ri d\u0259 oldu. Halbuki bu olduqca t\u0259hl\u00fck\u0259li bir hald\u0131r. Qara plyonka da bird\u0259f\u0259lik m\u0259hsuldur. Y\u0259ni jal\u00fcz v\u0259 ya p\u0259rd\u0259 olanda bu il \u00e7\u0131xar\u0131b, g\u0259l\u0259n il yenid\u0259n&hellip;<\/p>\n","protected":false},"author":2,"featured_media":94840,"comment_status":"closed","ping_status":"closed","sticky":false,"template":"","format":"standard","meta":{"om_disable_all_campaigns":false,"_monsterinsights_skip_tracking":false,"_monsterinsights_sitenote_active":false,"_monsterinsights_sitenote_note":"","_monsterinsights_sitenote_category":0},"categories":[1],"tags":[],"aioseo_notices":[],"gutentor_comment":0,"rttpg_featured_image_url":{"full":["https:\/\/arantv.az\/wp-content\/uploads\/2019\/11\/ccccccccc.jpg",800,450,false],"landscape":["https:\/\/arantv.az\/wp-content\/uploads\/2019\/11\/ccccccccc.jpg",800,450,false],"portraits":["https:\/\/arantv.az\/wp-content\/uploads\/2019\/11\/ccccccccc.jpg",800,450,false],"thumbnail":["https:\/\/arantv.az\/wp-content\/uploads\/2019\/11\/ccccccccc-150x150.jpg",150,150,true],"medium":["https:\/\/arantv.az\/wp-content\/uploads\/2019\/11\/ccccccccc-300x169.jpg",300,169,true],"large":["https:\/\/arantv.az\/wp-content\/uploads\/2019\/11\/ccccccccc.jpg",640,360,false],"1536x1536":["https:\/\/arantv.az\/wp-content\/uploads\/2019\/11\/ccccccccc.jpg",800,450,false],"2048x2048":["https:\/\/arantv.az\/wp-content\/uploads\/2019\/11\/ccccccccc.jpg",800,450,false],"post-thumbnail":["https:\/\/arantv.az\/wp-content\/uploads\/2019\/11\/ccccccccc-240x172.jpg",240,172,true],"advps-thumb-one":["https:\/\/arantv.az\/wp-content\/uploads\/2019\/11\/ccccccccc.jpg",800,450,false]},"rttpg_author":{"display_name":"V\u00fcsal Rafiqo\u011flu","author_link":"https:\/\/arantv.az\/?author=2"},"rttpg_comment":0,"rttpg_category":"<a href=\"https:\/\/arantv.az\/?cat=1\" rel=\"category\">C\u0259miyy\u0259t<\/a>","rttpg_excerpt":"Bu il may\u0131n 1-d\u0259n qeyri-r\u0259smi olaraq plyonkalara icaz\u0259 verildi. Ancaq buna q\u0259d\u0259r yaln\u0131z arxa yan \u015f\u00fc\u015f\u0259l\u0259r\u0259 jal\u00fcz-p\u0259rd\u0259 vurulmas\u0131na icaz\u0259 verilirdi. ARANTV.AZ\u00a0x\u0259b\u0259r verir ki, bu s\u00f6zl\u0259ri Axar.az-a a\u00e7\u0131qlamas\u0131nda yol-n\u0259qliyyat eksperti Elm\u0259ddin Muradl\u0131 deyib. O bildirib ki, bu il yol patrul xidm\u0259ti \u0259m\u0259kda\u015flar\u0131na avtomobilin\u0259 qara plyonka vuran s\u00fcr\u00fcc\u00fcl\u0259ri incitm\u0259m\u0259k tap\u015f\u0131r\u0131\u011f\u0131 verilmi\u015fdi: \u201cS\u00fcr\u00fcc\u00fcl\u0259r d\u0259 buna \u0259saslanaraq plyonka vurma\u011fa&hellip;","_links":{"self":[{"href":"https:\/\/arantv.az\/index.php?rest_route=\/wp\/v2\/posts\/94839"}],"collection":[{"href":"https:\/\/arantv.az\/index.php?rest_route=\/wp\/v2\/posts"}],"about":[{"href":"https:\/\/arantv.az\/index.php?rest_route=\/wp\/v2\/types\/post"}],"author":[{"embeddable":true,"href":"https:\/\/arantv.az\/index.php?rest_route=\/wp\/v2\/users\/2"}],"replies":[{"embeddable":true,"href":"https:\/\/arantv.az\/index.php?rest_route=%2Fwp%2Fv2%2Fcomments&post=94839"}],"version-history":[{"count":0,"href":"https:\/\/arantv.az\/index.php?rest_route=\/wp\/v2\/posts\/94839\/revisions"}],"wp:featuredmedia":[{"embeddable":true,"href":"https:\/\/arantv.az\/index.php?rest_route=\/wp\/v2\/media\/94840"}],"wp:attachment":[{"href":"https:\/\/arantv.az\/index.php?rest_route=%2Fwp%2Fv2%2Fmedia&parent=94839"}],"wp:term":[{"taxonomy":"category","embeddable":true,"href":"https:\/\/arantv.az\/index.php?rest_route=%2Fwp%2Fv2%2Fcategories&post=94839"},{"taxonomy":"post_tag","embeddable":true,"href":"https:\/\/arantv.az\/index.php?rest_route=%2Fwp%2Fv2%2Ftags&post=94839"}],"curies":[{"name":"wp","href":"https:\/\/api.w.org\/{rel}","templated":true}]}}