{"id":94843,"date":"2019-11-11T14:09:22","date_gmt":"2019-11-11T11:09:22","guid":{"rendered":"http:\/\/arantv.az\/?p=94843"},"modified":"2019-11-11T14:09:22","modified_gmt":"2019-11-11T11:09:22","slug":"h%c9%99kiml%c9%99r-sag-adami-d%c9%99fn-etdil%c9%99r","status":"publish","type":"post","link":"https:\/\/arantv.az\/?p=94843","title":{"rendered":"H\u0259kiml\u0259r sa\u011f adam\u0131 \u201cd\u0259fn etdil\u0259r\u201d"},"content":{"rendered":"<p>Kolumbiyan\u0131n Barrankilya \u015f\u0259h\u0259rind\u0259 80 ya\u015fl\u0131 Kandelario Qutierres Ernandes adl\u0131 bir \u015f\u0259xs \u00fcr\u0259k \u00e7at\u0131\u015fmazl\u0131\u011f\u0131 diaqnozu il\u0259 x\u0259st\u0259xanaya yerl\u0259\u015fdirilib.<\/p>\n<p>S\u0259h\u0259r saat 8-d\u0259 h\u0259kiml\u0259r onun \u00f6ld\u00fcy\u00fcn\u00fc bildiribl\u0259r.<\/p>\n<p>\u201cBiz\u0259 \u0259vv\u0259l atam\u0131n \u00f6ld\u00fcy\u00fcn\u00fc dedil\u0259r v\u0259 \u00f6l\u00fcm haqq\u0131nda \u015f\u0259had\u0259tnam\u0259ni verdil\u0259r. C\u0259s\u0259dini x\u0259st\u0259xanada x\u00fcsusi bir torbada saxlam\u0131\u015fd\u0131lar, sonradan biz\u0259 onun h\u0259l\u0259 sa\u011f oldu\u011funu x\u0259b\u0259r verdil\u0259r\u201d, &#8211; dey\u0259 Ernandesin q\u0131z\u0131 Fontalvo bildirib.<\/p>\n<p>X\u0259st\u0259 yax\u0131nlar\u0131 d\u0259rhal x\u0259st\u0259xanaya qay\u0131d\u0131b, \u00f6l\u00fc bildikl\u0259ri \u015f\u0259xsin \u0259ll\u0259rinin isti oldu\u011funu, h\u0259r\u0259k\u0259t etdirdiyini, h\u0259tta bir m\u00fcdd\u0259t g\u00f6z\u00fcn\u00fc a\u00e7\u0131q saxlad\u0131\u011f\u0131n\u0131 g\u00f6r\u00fcbl\u0259r.<\/p>\n<p>Kandelario h\u0259min ax\u015fam 18:30-da v\u0259fat edib.<\/p>\n<p>X\u0259st\u0259xana r\u0259smil\u0259ri hadis\u0259y\u0259 m\u00fcnasib\u0259t\u00a0<a href=\"https:\/\/lenta.ru\/news\/2019\/11\/11\/dead_alive\/\" target=\"_blank\" rel=\"noopener\">bildirm\u0259yibl\u0259r.<\/a><\/p>\n","protected":false},"excerpt":{"rendered":"<p>Kolumbiyan\u0131n Barrankilya \u015f\u0259h\u0259rind\u0259 80 ya\u015fl\u0131 Kandelario Qutierres Ernandes adl\u0131 bir \u015f\u0259xs \u00fcr\u0259k \u00e7at\u0131\u015fmazl\u0131\u011f\u0131 diaqnozu il\u0259 x\u0259st\u0259xanaya yerl\u0259\u015fdirilib. S\u0259h\u0259r saat 8-d\u0259 h\u0259kiml\u0259r onun \u00f6ld\u00fcy\u00fcn\u00fc bildiribl\u0259r. \u201cBiz\u0259 \u0259vv\u0259l atam\u0131n \u00f6ld\u00fcy\u00fcn\u00fc dedil\u0259r v\u0259 \u00f6l\u00fcm haqq\u0131nda \u015f\u0259had\u0259tnam\u0259ni verdil\u0259r. C\u0259s\u0259dini x\u0259st\u0259xanada x\u00fcsusi bir torbada saxlam\u0131\u015fd\u0131lar, sonradan biz\u0259 onun h\u0259l\u0259 sa\u011f oldu\u011funu x\u0259b\u0259r verdil\u0259r\u201d, &#8211; dey\u0259 Ernandesin q\u0131z\u0131 Fontalvo bildirib. X\u0259st\u0259 yax\u0131nlar\u0131 d\u0259rhal x\u0259st\u0259xanaya qay\u0131d\u0131b, \u00f6l\u00fc bildikl\u0259ri \u015f\u0259xsin \u0259ll\u0259rinin isti oldu\u011funu, h\u0259r\u0259k\u0259t etdirdiyini, h\u0259tta bir m\u00fcdd\u0259t g\u00f6z\u00fcn\u00fc a\u00e7\u0131q saxlad\u0131\u011f\u0131n\u0131 g\u00f6r\u00fcbl\u0259r. Kandelario h\u0259min ax\u015fam 18:30-da v\u0259fat edib. X\u0259st\u0259xana r\u0259smil\u0259ri hadis\u0259y\u0259 m\u00fcnasib\u0259t\u00a0bildirm\u0259yibl\u0259r.<\/p>\n","protected":false},"author":2,"featured_media":94844,"comment_status":"closed","ping_status":"closed","sticky":false,"template":"","format":"standard","meta":{"om_disable_all_campaigns":false,"_monsterinsights_skip_tracking":false,"_monsterinsights_sitenote_active":false,"_monsterinsights_sitenote_note":"","_monsterinsights_sitenote_category":0},"categories":[7],"tags":[],"aioseo_notices":[],"gutentor_comment":0,"rttpg_featured_image_url":{"full":["https:\/\/arantv.az\/wp-content\/uploads\/2019\/11\/Sequence-02.00_04_01_10.Still001.jpg",620,349,false],"landscape":["https:\/\/arantv.az\/wp-content\/uploads\/2019\/11\/Sequence-02.00_04_01_10.Still001.jpg",620,349,false],"portraits":["https:\/\/arantv.az\/wp-content\/uploads\/2019\/11\/Sequence-02.00_04_01_10.Still001.jpg",620,349,false],"thumbnail":["https:\/\/arantv.az\/wp-content\/uploads\/2019\/11\/Sequence-02.00_04_01_10.Still001-150x150.jpg",150,150,true],"medium":["https:\/\/arantv.az\/wp-content\/uploads\/2019\/11\/Sequence-02.00_04_01_10.Still001-300x169.jpg",300,169,true],"large":["https:\/\/arantv.az\/wp-content\/uploads\/2019\/11\/Sequence-02.00_04_01_10.Still001.jpg",620,349,false],"1536x1536":["https:\/\/arantv.az\/wp-content\/uploads\/2019\/11\/Sequence-02.00_04_01_10.Still001.jpg",620,349,false],"2048x2048":["https:\/\/arantv.az\/wp-content\/uploads\/2019\/11\/Sequence-02.00_04_01_10.Still001.jpg",620,349,false],"post-thumbnail":["https:\/\/arantv.az\/wp-content\/uploads\/2019\/11\/Sequence-02.00_04_01_10.Still001-240x172.jpg",240,172,true],"advps-thumb-one":["https:\/\/arantv.az\/wp-content\/uploads\/2019\/11\/Sequence-02.00_04_01_10.Still001.jpg",620,349,false]},"rttpg_author":{"display_name":"V\u00fcsal Rafiqo\u011flu","author_link":"https:\/\/arantv.az\/?author=2"},"rttpg_comment":0,"rttpg_category":"<a href=\"https:\/\/arantv.az\/?cat=7\" rel=\"category\">D\u00fcnya<\/a>","rttpg_excerpt":"Kolumbiyan\u0131n Barrankilya \u015f\u0259h\u0259rind\u0259 80 ya\u015fl\u0131 Kandelario Qutierres Ernandes adl\u0131 bir \u015f\u0259xs \u00fcr\u0259k \u00e7at\u0131\u015fmazl\u0131\u011f\u0131 diaqnozu il\u0259 x\u0259st\u0259xanaya yerl\u0259\u015fdirilib. S\u0259h\u0259r saat 8-d\u0259 h\u0259kiml\u0259r onun \u00f6ld\u00fcy\u00fcn\u00fc bildiribl\u0259r. \u201cBiz\u0259 \u0259vv\u0259l atam\u0131n \u00f6ld\u00fcy\u00fcn\u00fc dedil\u0259r v\u0259 \u00f6l\u00fcm haqq\u0131nda \u015f\u0259had\u0259tnam\u0259ni verdil\u0259r. C\u0259s\u0259dini x\u0259st\u0259xanada x\u00fcsusi bir torbada saxlam\u0131\u015fd\u0131lar, sonradan biz\u0259 onun h\u0259l\u0259 sa\u011f oldu\u011funu x\u0259b\u0259r verdil\u0259r\u201d, &#8211; dey\u0259 Ernandesin q\u0131z\u0131 Fontalvo bildirib. X\u0259st\u0259&hellip;","_links":{"self":[{"href":"https:\/\/arantv.az\/index.php?rest_route=\/wp\/v2\/posts\/94843"}],"collection":[{"href":"https:\/\/arantv.az\/index.php?rest_route=\/wp\/v2\/posts"}],"about":[{"href":"https:\/\/arantv.az\/index.php?rest_route=\/wp\/v2\/types\/post"}],"author":[{"embeddable":true,"href":"https:\/\/arantv.az\/index.php?rest_route=\/wp\/v2\/users\/2"}],"replies":[{"embeddable":true,"href":"https:\/\/arantv.az\/index.php?rest_route=%2Fwp%2Fv2%2Fcomments&post=94843"}],"version-history":[{"count":0,"href":"https:\/\/arantv.az\/index.php?rest_route=\/wp\/v2\/posts\/94843\/revisions"}],"wp:featuredmedia":[{"embeddable":true,"href":"https:\/\/arantv.az\/index.php?rest_route=\/wp\/v2\/media\/94844"}],"wp:attachment":[{"href":"https:\/\/arantv.az\/index.php?rest_route=%2Fwp%2Fv2%2Fmedia&parent=94843"}],"wp:term":[{"taxonomy":"category","embeddable":true,"href":"https:\/\/arantv.az\/index.php?rest_route=%2Fwp%2Fv2%2Fcategories&post=94843"},{"taxonomy":"post_tag","embeddable":true,"href":"https:\/\/arantv.az\/index.php?rest_route=%2Fwp%2Fv2%2Ftags&post=94843"}],"curies":[{"name":"wp","href":"https:\/\/api.w.org\/{rel}","templated":true}]}}