{"id":94851,"date":"2019-11-11T14:23:01","date_gmt":"2019-11-11T11:23:01","guid":{"rendered":"http:\/\/arantv.az\/?p=94851"},"modified":"2019-11-11T14:23:01","modified_gmt":"2019-11-11T11:23:01","slug":"dovl%c9%99t-qurumundan-budc%c9%99-t%c9%99klifi-suralar-yaradilsin","status":"publish","type":"post","link":"https:\/\/arantv.az\/?p=94851","title":{"rendered":"D\u00f6vl\u0259t qurumundan b\u00fcdc\u0259 t\u0259klifi: \u201c\u015euralar yarad\u0131ls\u0131n\u201d"},"content":{"rendered":"<p>Hesablama Palatas\u0131 b\u00fcdc\u0259 proqnozlar\u0131n\u0131n \u0259sasl\u0131\u011f\u0131n\u0131n g\u00fccl\u0259ndirilm\u0259si m\u0259qs\u0259dil\u0259 fiskal \u015furalar\u0131n yarad\u0131lmas\u0131n\u0131 t\u0259klif edir.<\/p>\n<p><strong>ARANTV.AZ<\/strong>-\u0131n m\u0259lumat\u0131na g\u00f6r\u0259, bu bar\u0259d\u0259 Hesablama Palatas\u0131n\u0131n \u201c2020-ci il d\u00f6vl\u0259t b\u00fcdc\u0259si haqq\u0131nda\u201d qanun layih\u0259sin\u0259 verdiyi r\u0259yd\u0259 bildirilib.<\/p>\n<p>Qeyd olunub ki, fiskal \u015furalar\u0131n \u0259sas f\u0259aliyy\u0259ti d\u00f6vl\u0259t\u0259 dig\u0259r icra strukturu il\u0259 yana\u015f\u0131, alternativ b\u00fcdc\u0259 qiym\u0259tl\u0259ndirm\u0259l\u0259rinin, h\u0259m\u00e7inin, makro-fiskal proqnozla\u015fd\u0131rman\u0131n apar\u0131lmas\u0131 v\u0259 m\u00fcvafiq hesabatlar\u0131n t\u0259qdim edilm\u0259sidir.<\/p>\n<div id=\"AdviadNativeVideo0\" class=\"AdviadNativeVideo\"><\/div>\n<p>Hesablama Palatas\u0131 hesab edir ki, fiskal \u015furalar d\u00f6vl\u0259tin ictimai maliyy\u0259 sah\u0259sind\u0259 q\u0259bul ed\u0259c\u0259yi q\u0259rar\u0131n etibarl\u0131l\u0131q d\u0259r\u0259c\u0259sini y\u00fcks\u0259ld\u0259r.<\/p>\n<p>Bildirilib ki, bel\u0259 bir institutun yarad\u0131lmas\u0131 b\u00fcdc\u0259 \u015f\u0259ffafl\u0131\u011f\u0131 v\u0259 hesabatl\u0131l\u0131\u011f\u0131 i\u015fin\u0259 m\u00fch\u00fcm t\u00f6hf\u0259 hesab edilir.<\/p>\n<p>\u201cHesablama Palatas\u0131 olaraq Fiskal \u015euran\u0131n yarad\u0131lmas\u0131n\u0131 \u00f6lk\u0259d\u0259 ged\u0259n fiskal islahatlar\u0131n dinamikliyini n\u0259z\u0259r\u0259 alaraq bu i\u015fin b\u00fcdc\u0259 prosesl\u0259rin\u0259 \u0259h\u0259miyy\u0259tli t\u00f6hf\u0259 ver\u0259c\u0259yini hesab edirik\u201d.Oxu.Az<\/p>\n","protected":false},"excerpt":{"rendered":"<p>Hesablama Palatas\u0131 b\u00fcdc\u0259 proqnozlar\u0131n\u0131n \u0259sasl\u0131\u011f\u0131n\u0131n g\u00fccl\u0259ndirilm\u0259si m\u0259qs\u0259dil\u0259 fiskal \u015furalar\u0131n yarad\u0131lmas\u0131n\u0131 t\u0259klif edir. ARANTV.AZ-\u0131n m\u0259lumat\u0131na g\u00f6r\u0259, bu bar\u0259d\u0259 Hesablama Palatas\u0131n\u0131n \u201c2020-ci il d\u00f6vl\u0259t b\u00fcdc\u0259si haqq\u0131nda\u201d qanun layih\u0259sin\u0259 verdiyi r\u0259yd\u0259 bildirilib. Qeyd olunub ki, fiskal \u015furalar\u0131n \u0259sas f\u0259aliyy\u0259ti d\u00f6vl\u0259t\u0259 dig\u0259r icra strukturu il\u0259 yana\u015f\u0131, alternativ b\u00fcdc\u0259 qiym\u0259tl\u0259ndirm\u0259l\u0259rinin, h\u0259m\u00e7inin, makro-fiskal proqnozla\u015fd\u0131rman\u0131n apar\u0131lmas\u0131 v\u0259 m\u00fcvafiq hesabatlar\u0131n t\u0259qdim edilm\u0259sidir. Hesablama Palatas\u0131 hesab edir ki, fiskal \u015furalar d\u00f6vl\u0259tin ictimai maliyy\u0259 sah\u0259sind\u0259 q\u0259bul ed\u0259c\u0259yi q\u0259rar\u0131n etibarl\u0131l\u0131q d\u0259r\u0259c\u0259sini y\u00fcks\u0259ld\u0259r. Bildirilib ki, bel\u0259 bir institutun yarad\u0131lmas\u0131 b\u00fcdc\u0259 \u015f\u0259ffafl\u0131\u011f\u0131 v\u0259 hesabatl\u0131l\u0131\u011f\u0131 i\u015fin\u0259 m\u00fch\u00fcm t\u00f6hf\u0259 hesab edilir. \u201cHesablama Palatas\u0131 olaraq Fiskal&hellip;<\/p>\n","protected":false},"author":2,"featured_media":94852,"comment_status":"closed","ping_status":"closed","sticky":false,"template":"","format":"standard","meta":{"om_disable_all_campaigns":false,"_monsterinsights_skip_tracking":false,"_monsterinsights_sitenote_active":false,"_monsterinsights_sitenote_note":"","_monsterinsights_sitenote_category":0},"categories":[1],"tags":[],"aioseo_notices":[],"gutentor_comment":0,"rttpg_featured_image_url":{"full":["https:\/\/arantv.az\/wp-content\/uploads\/2019\/11\/409823070.jpg",620,335,false],"landscape":["https:\/\/arantv.az\/wp-content\/uploads\/2019\/11\/409823070.jpg",620,335,false],"portraits":["https:\/\/arantv.az\/wp-content\/uploads\/2019\/11\/409823070.jpg",620,335,false],"thumbnail":["https:\/\/arantv.az\/wp-content\/uploads\/2019\/11\/409823070-150x150.jpg",150,150,true],"medium":["https:\/\/arantv.az\/wp-content\/uploads\/2019\/11\/409823070-300x162.jpg",300,162,true],"large":["https:\/\/arantv.az\/wp-content\/uploads\/2019\/11\/409823070.jpg",620,335,false],"1536x1536":["https:\/\/arantv.az\/wp-content\/uploads\/2019\/11\/409823070.jpg",620,335,false],"2048x2048":["https:\/\/arantv.az\/wp-content\/uploads\/2019\/11\/409823070.jpg",620,335,false],"post-thumbnail":["https:\/\/arantv.az\/wp-content\/uploads\/2019\/11\/409823070-240x172.jpg",240,172,true],"advps-thumb-one":["https:\/\/arantv.az\/wp-content\/uploads\/2019\/11\/409823070.jpg",620,335,false]},"rttpg_author":{"display_name":"V\u00fcsal Rafiqo\u011flu","author_link":"https:\/\/arantv.az\/?author=2"},"rttpg_comment":0,"rttpg_category":"<a href=\"https:\/\/arantv.az\/?cat=1\" rel=\"category\">C\u0259miyy\u0259t<\/a>","rttpg_excerpt":"Hesablama Palatas\u0131 b\u00fcdc\u0259 proqnozlar\u0131n\u0131n \u0259sasl\u0131\u011f\u0131n\u0131n g\u00fccl\u0259ndirilm\u0259si m\u0259qs\u0259dil\u0259 fiskal \u015furalar\u0131n yarad\u0131lmas\u0131n\u0131 t\u0259klif edir. ARANTV.AZ-\u0131n m\u0259lumat\u0131na g\u00f6r\u0259, bu bar\u0259d\u0259 Hesablama Palatas\u0131n\u0131n \u201c2020-ci il d\u00f6vl\u0259t b\u00fcdc\u0259si haqq\u0131nda\u201d qanun layih\u0259sin\u0259 verdiyi r\u0259yd\u0259 bildirilib. Qeyd olunub ki, fiskal \u015furalar\u0131n \u0259sas f\u0259aliyy\u0259ti d\u00f6vl\u0259t\u0259 dig\u0259r icra strukturu il\u0259 yana\u015f\u0131, alternativ b\u00fcdc\u0259 qiym\u0259tl\u0259ndirm\u0259l\u0259rinin, h\u0259m\u00e7inin, makro-fiskal proqnozla\u015fd\u0131rman\u0131n apar\u0131lmas\u0131 v\u0259 m\u00fcvafiq hesabatlar\u0131n t\u0259qdim edilm\u0259sidir. Hesablama&hellip;","_links":{"self":[{"href":"https:\/\/arantv.az\/index.php?rest_route=\/wp\/v2\/posts\/94851"}],"collection":[{"href":"https:\/\/arantv.az\/index.php?rest_route=\/wp\/v2\/posts"}],"about":[{"href":"https:\/\/arantv.az\/index.php?rest_route=\/wp\/v2\/types\/post"}],"author":[{"embeddable":true,"href":"https:\/\/arantv.az\/index.php?rest_route=\/wp\/v2\/users\/2"}],"replies":[{"embeddable":true,"href":"https:\/\/arantv.az\/index.php?rest_route=%2Fwp%2Fv2%2Fcomments&post=94851"}],"version-history":[{"count":0,"href":"https:\/\/arantv.az\/index.php?rest_route=\/wp\/v2\/posts\/94851\/revisions"}],"wp:featuredmedia":[{"embeddable":true,"href":"https:\/\/arantv.az\/index.php?rest_route=\/wp\/v2\/media\/94852"}],"wp:attachment":[{"href":"https:\/\/arantv.az\/index.php?rest_route=%2Fwp%2Fv2%2Fmedia&parent=94851"}],"wp:term":[{"taxonomy":"category","embeddable":true,"href":"https:\/\/arantv.az\/index.php?rest_route=%2Fwp%2Fv2%2Fcategories&post=94851"},{"taxonomy":"post_tag","embeddable":true,"href":"https:\/\/arantv.az\/index.php?rest_route=%2Fwp%2Fv2%2Ftags&post=94851"}],"curies":[{"name":"wp","href":"https:\/\/api.w.org\/{rel}","templated":true}]}}