{"id":94855,"date":"2019-11-11T14:23:35","date_gmt":"2019-11-11T11:23:35","guid":{"rendered":"http:\/\/arantv.az\/?p=94855"},"modified":"2019-11-11T14:23:35","modified_gmt":"2019-11-11T11:23:35","slug":"turkiy%c9%99-isid-h%c9%99rbcil%c9%99rinin-deportasiyasina-basladi","status":"publish","type":"post","link":"https:\/\/arantv.az\/?p=94855","title":{"rendered":"T\u00fcrkiy\u0259 \u0130\u015e\u0130D h\u0259rb\u00e7il\u0259rinin deportasiyas\u0131na ba\u015flad\u0131"},"content":{"rendered":"<p>T\u00fcrkiy\u0259 \u0130\u015e\u0130D\u00a0terror qrupla\u015fmas\u0131n\u0131n \u0259l\u0259 ke\u00e7irilmi\u015f d\u00f6y\u00fc\u015f\u00e7\u00fcl\u0259rini \u00f6z d\u00f6vl\u0259tl\u0259rin\u0259 geri qaytarma\u011fa ba\u015flay\u0131b.<\/p>\n<p>Bu bar\u0259d\u0259 T\u00fcrkiy\u0259 Daxili \u0130\u015fl\u0259r Nazirliyinin m\u0259tbuat katibi \u0130smay\u0131l \u00c7atakl\u0131 deyib:<\/p>\n<div id=\"AdviadNativeVideo0\" class=\"AdviadNativeVideo\"><\/div>\n<p>\u201cProsedurlar\u0131 tamamlanan \u0130\u015e\u0130D\u00a0v\u0259 AB\u015e terror\u00e7ular\u0131\u00a0T\u00fcrkiy\u0259d\u0259n g\u00f6nd\u0259rilib. Almaniyal\u0131 yeddi\u00a0h\u0259rb\u00e7i is\u0259\u00a0noyabr\u0131n 14-\u00fc g\u00f6nd\u0259ril\u0259c\u0259k\u201d, &#8211; dey\u0259 \u00c7atakl\u0131 \u0259lav\u0259 edib.<\/p>\n<p>Daha \u0259vv\u0259l\u00a0T\u00fcrkiy\u0259 D\u0130N-in ba\u015f\u00e7\u0131s\u0131 S\u00fcleyman Soylu\u00a0r\u0259smi Ankaran\u0131n \u0259sir g\u00f6t\u00fcr\u00fclm\u00fc\u015f \u0130\u015e\u0130D h\u0259rb\u00e7il\u0259rinin bazar ert\u0259sind\u0259n etibar\u0259n \u00f6z \u00f6lk\u0259l\u0259rin\u0259 geri qayt\u0131r\u0131laca\u011f\u0131n\u0131 bildirmi\u015fdi.<\/p>\n","protected":false},"excerpt":{"rendered":"<p>T\u00fcrkiy\u0259 \u0130\u015e\u0130D\u00a0terror qrupla\u015fmas\u0131n\u0131n \u0259l\u0259 ke\u00e7irilmi\u015f d\u00f6y\u00fc\u015f\u00e7\u00fcl\u0259rini \u00f6z d\u00f6vl\u0259tl\u0259rin\u0259 geri qaytarma\u011fa ba\u015flay\u0131b. Bu bar\u0259d\u0259 T\u00fcrkiy\u0259 Daxili \u0130\u015fl\u0259r Nazirliyinin m\u0259tbuat katibi \u0130smay\u0131l \u00c7atakl\u0131 deyib: \u201cProsedurlar\u0131 tamamlanan \u0130\u015e\u0130D\u00a0v\u0259 AB\u015e terror\u00e7ular\u0131\u00a0T\u00fcrkiy\u0259d\u0259n g\u00f6nd\u0259rilib. Almaniyal\u0131 yeddi\u00a0h\u0259rb\u00e7i is\u0259\u00a0noyabr\u0131n 14-\u00fc g\u00f6nd\u0259ril\u0259c\u0259k\u201d, &#8211; dey\u0259 \u00c7atakl\u0131 \u0259lav\u0259 edib. Daha \u0259vv\u0259l\u00a0T\u00fcrkiy\u0259 D\u0130N-in ba\u015f\u00e7\u0131s\u0131 S\u00fcleyman Soylu\u00a0r\u0259smi Ankaran\u0131n \u0259sir g\u00f6t\u00fcr\u00fclm\u00fc\u015f \u0130\u015e\u0130D h\u0259rb\u00e7il\u0259rinin bazar ert\u0259sind\u0259n etibar\u0259n \u00f6z \u00f6lk\u0259l\u0259rin\u0259 geri qayt\u0131r\u0131laca\u011f\u0131n\u0131 bildirmi\u015fdi.<\/p>\n","protected":false},"author":2,"featured_media":94856,"comment_status":"closed","ping_status":"closed","sticky":false,"template":"","format":"standard","meta":{"om_disable_all_campaigns":false,"_monsterinsights_skip_tracking":false,"_monsterinsights_sitenote_active":false,"_monsterinsights_sitenote_note":"","_monsterinsights_sitenote_category":0},"categories":[7],"tags":[],"aioseo_notices":[],"gutentor_comment":0,"rttpg_featured_image_url":{"full":["https:\/\/arantv.az\/wp-content\/uploads\/2019\/11\/orig-1572303836b5f2ed628d8ff1e03fb9a8dc582ab767.jpg",620,349,false],"landscape":["https:\/\/arantv.az\/wp-content\/uploads\/2019\/11\/orig-1572303836b5f2ed628d8ff1e03fb9a8dc582ab767.jpg",620,349,false],"portraits":["https:\/\/arantv.az\/wp-content\/uploads\/2019\/11\/orig-1572303836b5f2ed628d8ff1e03fb9a8dc582ab767.jpg",620,349,false],"thumbnail":["https:\/\/arantv.az\/wp-content\/uploads\/2019\/11\/orig-1572303836b5f2ed628d8ff1e03fb9a8dc582ab767-150x150.jpg",150,150,true],"medium":["https:\/\/arantv.az\/wp-content\/uploads\/2019\/11\/orig-1572303836b5f2ed628d8ff1e03fb9a8dc582ab767-300x169.jpg",300,169,true],"large":["https:\/\/arantv.az\/wp-content\/uploads\/2019\/11\/orig-1572303836b5f2ed628d8ff1e03fb9a8dc582ab767.jpg",620,349,false],"1536x1536":["https:\/\/arantv.az\/wp-content\/uploads\/2019\/11\/orig-1572303836b5f2ed628d8ff1e03fb9a8dc582ab767.jpg",620,349,false],"2048x2048":["https:\/\/arantv.az\/wp-content\/uploads\/2019\/11\/orig-1572303836b5f2ed628d8ff1e03fb9a8dc582ab767.jpg",620,349,false],"post-thumbnail":["https:\/\/arantv.az\/wp-content\/uploads\/2019\/11\/orig-1572303836b5f2ed628d8ff1e03fb9a8dc582ab767-240x172.jpg",240,172,true],"advps-thumb-one":["https:\/\/arantv.az\/wp-content\/uploads\/2019\/11\/orig-1572303836b5f2ed628d8ff1e03fb9a8dc582ab767.jpg",620,349,false]},"rttpg_author":{"display_name":"V\u00fcsal Rafiqo\u011flu","author_link":"https:\/\/arantv.az\/?author=2"},"rttpg_comment":0,"rttpg_category":"<a href=\"https:\/\/arantv.az\/?cat=7\" rel=\"category\">D\u00fcnya<\/a>","rttpg_excerpt":"T\u00fcrkiy\u0259 \u0130\u015e\u0130D\u00a0terror qrupla\u015fmas\u0131n\u0131n \u0259l\u0259 ke\u00e7irilmi\u015f d\u00f6y\u00fc\u015f\u00e7\u00fcl\u0259rini \u00f6z d\u00f6vl\u0259tl\u0259rin\u0259 geri qaytarma\u011fa ba\u015flay\u0131b. Bu bar\u0259d\u0259 T\u00fcrkiy\u0259 Daxili \u0130\u015fl\u0259r Nazirliyinin m\u0259tbuat katibi \u0130smay\u0131l \u00c7atakl\u0131 deyib: \u201cProsedurlar\u0131 tamamlanan \u0130\u015e\u0130D\u00a0v\u0259 AB\u015e terror\u00e7ular\u0131\u00a0T\u00fcrkiy\u0259d\u0259n g\u00f6nd\u0259rilib. Almaniyal\u0131 yeddi\u00a0h\u0259rb\u00e7i is\u0259\u00a0noyabr\u0131n 14-\u00fc g\u00f6nd\u0259ril\u0259c\u0259k\u201d, &#8211; dey\u0259 \u00c7atakl\u0131 \u0259lav\u0259 edib. Daha \u0259vv\u0259l\u00a0T\u00fcrkiy\u0259 D\u0130N-in ba\u015f\u00e7\u0131s\u0131 S\u00fcleyman Soylu\u00a0r\u0259smi Ankaran\u0131n \u0259sir g\u00f6t\u00fcr\u00fclm\u00fc\u015f \u0130\u015e\u0130D h\u0259rb\u00e7il\u0259rinin bazar ert\u0259sind\u0259n etibar\u0259n \u00f6z \u00f6lk\u0259l\u0259rin\u0259 geri&hellip;","_links":{"self":[{"href":"https:\/\/arantv.az\/index.php?rest_route=\/wp\/v2\/posts\/94855"}],"collection":[{"href":"https:\/\/arantv.az\/index.php?rest_route=\/wp\/v2\/posts"}],"about":[{"href":"https:\/\/arantv.az\/index.php?rest_route=\/wp\/v2\/types\/post"}],"author":[{"embeddable":true,"href":"https:\/\/arantv.az\/index.php?rest_route=\/wp\/v2\/users\/2"}],"replies":[{"embeddable":true,"href":"https:\/\/arantv.az\/index.php?rest_route=%2Fwp%2Fv2%2Fcomments&post=94855"}],"version-history":[{"count":0,"href":"https:\/\/arantv.az\/index.php?rest_route=\/wp\/v2\/posts\/94855\/revisions"}],"wp:featuredmedia":[{"embeddable":true,"href":"https:\/\/arantv.az\/index.php?rest_route=\/wp\/v2\/media\/94856"}],"wp:attachment":[{"href":"https:\/\/arantv.az\/index.php?rest_route=%2Fwp%2Fv2%2Fmedia&parent=94855"}],"wp:term":[{"taxonomy":"category","embeddable":true,"href":"https:\/\/arantv.az\/index.php?rest_route=%2Fwp%2Fv2%2Fcategories&post=94855"},{"taxonomy":"post_tag","embeddable":true,"href":"https:\/\/arantv.az\/index.php?rest_route=%2Fwp%2Fv2%2Ftags&post=94855"}],"curies":[{"name":"wp","href":"https:\/\/api.w.org\/{rel}","templated":true}]}}