{"id":94999,"date":"2019-11-12T08:32:05","date_gmt":"2019-11-12T05:32:05","guid":{"rendered":"http:\/\/arantv.az\/?p=94999"},"modified":"2019-11-12T08:32:05","modified_gmt":"2019-11-12T05:32:05","slug":"f%c9%99rhad-abdullayev-g%c9%99l%c9%99n-il-25-illiyi-tamam-olan-az%c9%99rbaycan-konstitusiyasi-%c9%99sas-qanun-kimi-ozunu-tam-dogruldub","status":"publish","type":"post","link":"https:\/\/arantv.az\/?p=94999","title":{"rendered":"F\u0259rhad Abdullayev: &#8220;G\u0259l\u0259n il 25 illiyi tamam olan Az\u0259rbaycan Konstitusiyas\u0131 \u018fsas Qanun kimi \u00f6z\u00fcn\u00fc tam do\u011fruldub&#8221;"},"content":{"rendered":"<blockquote><p><em><strong>2020-ci ild\u0259 q\u0259bul edilm\u0259sinin 25 illiyi tamam olan Az\u0259rbaycan Respublikas\u0131n\u0131n Konstitusiyas\u0131 d\u00f6vl\u0259tin ilkin ba\u015flan\u011f\u0131clar\u0131n\u0131 \u00f6z\u00fcnd\u0259 ehtiva ed\u0259n \u018fsas Qanun kimi \u00f6z\u00fcn\u00fc tam olaraq do\u011fruldub.<\/strong><\/em><\/p><\/blockquote>\n<p><strong>ARANTV.AZ<\/strong>\u00a0\u00a0<a href=\"https:\/\/az.trend.az\/\" target=\"_blank\" rel=\"noopener\">Trend<\/a>-\u0259 istinad\u0259n x\u0259b\u0259r verir ki, bunu Az\u0259rbaycan Konstitusiya M\u0259hk\u0259m\u0259sinin s\u0259dri F\u0259rhad Abdullayev deyib.<\/p>\n<p>Onun s\u00f6zl\u0259rin\u0259 g\u00f6r\u0259, qanunvericilik sisteminin \u0259sas\u0131n\u0131 t\u0259\u015fkil ed\u0259n, \u0259n y\u00fcks\u0259k v\u0259 birba\u015fa h\u00fcquqi q\u00fcvv\u0259y\u0259 malik olan Konstitusiya h\u0259r zaman d\u00f6vl\u0259t\u00e7ilik \u0259n\u0259n\u0259l\u0259rinin, h\u00fcquq qaydas\u0131n\u0131n qorunmas\u0131na xidm\u0259t edir.<\/p>\n<p>F.Abdullayev \u0259lav\u0259 edib ki, Az\u0259rbaycan Respublikas\u0131n\u0131n Konstitusiyas\u0131nda m\u00fcasir sivil c\u0259miyy\u0259tin inki\u015faf istiqam\u0259tl\u0259rini m\u00fc\u0259yy\u0259nl\u0259\u015fdir\u0259n ideya v\u0259 d\u0259y\u0259rl\u0259r geni\u015f \u015f\u0259kild\u0259 \u0259ksini tap\u0131b. D\u00f6vl\u0259t qurulu\u015funun ba\u015fl\u0131ca prinsipl\u0259rini m\u00fc\u0259yy\u0259n etm\u0259kl\u0259 yana\u015f\u0131, Konstitusiya h\u0259m d\u0259 c\u0259miyy\u0259t h\u0259yat\u0131n\u0131n m\u00fcxt\u0259lif sah\u0259l\u0259rin\u0259 d\u00f6vl\u0259tin m\u00fcdaxil\u0259sinin meyarlar\u0131n\u0131 v\u0259 bel\u0259 m\u00fcdaxil\u0259nin yol veril\u0259n h\u0259dl\u0259rini d\u0259qiql\u0259\u015fdirir, bu sah\u0259d\u0259 d\u00f6vl\u0259t siyas\u0259tinin \u00fcmumi istiqam\u0259tl\u0259rini m\u00fc\u0259yy\u0259n edir:<\/p>\n<p>&#8220;\u018fsas Qanun konstitusiya qurulu\u015funun vacib ba\u015flan\u011f\u0131c\u0131 kimi xalq hakimiyy\u0259tini b\u0259yan edir, Az\u0259rbaycanda d\u00f6vl\u0259t hakimiyy\u0259tinin yegan\u0259 m\u0259nb\u0259yi kimi Az\u0259rbaycan xalq\u0131n\u0131 elan edir, s\u0259rb\u0259st v\u0259 m\u00fcst\u0259qil \u00f6z m\u00fcq\u0259dd\u0259rat\u0131n\u0131 h\u0259ll etm\u0259k v\u0259 \u00f6z idar\u0259etm\u0259 formas\u0131n\u0131 m\u00fc\u0259yy\u0259n etm\u0259yi Az\u0259rbaycan xalq\u0131n\u0131n suveren h\u00fcququ kimi t\u0259sbit edir. Konstitusiyada insan v\u0259 v\u0259t\u0259nda\u015f h\u00fcquq v\u0259 azadl\u0131qlar\u0131n\u0131n m\u00fcdafi\u0259sinin, \u00f6lk\u0259 v\u0259t\u0259nda\u015flar\u0131na layiqli h\u0259yat s\u0259viyy\u0259sinin t\u0259min edilm\u0259sinin Az\u0259rbaycan d\u00f6vl\u0259tinin ali m\u0259qs\u0259di kimi m\u00fc\u0259yy\u0259nl\u0259\u015fdirilm\u0259si, d\u00f6vl\u0259tin \u00fcz\u0259rin\u0259 h\u0259r k\u0259sin h\u00fcquqlar\u0131n\u0131n v\u0259 azadl\u0131qlar\u0131n\u0131n m\u00fcdafi\u0259sin\u0259 t\u0259minat verm\u0259k v\u0259zif\u0259sinin qoyulmas\u0131 x\u00fcsusi \u0259h\u0259miyy\u0259t k\u0259sb edir. Bu, onun birba\u015fa g\u00f6st\u0259ricisidir ki, insan amili \u00f6lk\u0259 Konstitusiyas\u0131n\u0131n \u0259sas diqq\u0259t m\u0259rk\u0259zind\u0259 durur&#8221;.<\/p>\n<p>F.Abdullayev qeyd edib ki, \u00f6lk\u0259 Konstitusiyas\u0131 m\u00fcst\u0259qil d\u00f6vl\u0259timizin inki\u015faf\u0131n\u0131n \u0259sas istiqam\u0259t v\u0259 prinsipl\u0259rini \u00f6z\u00fcnd\u0259 ehtiva ed\u0259n h\u00fcquqi s\u0259n\u0259d olaraq, xalq\u0131n rifah\u0131na xidm\u0259t ed\u0259n d\u00f6vl\u0259t idar\u0259etm\u0259 mexanizminin t\u0259m\u0259lin\u0259 \u00e7evrilib&#8221;.<\/p>\n<p>F.Abdullayev bildirib ki, \u00fcmumilikd\u0259, Konstitusiyaya edil\u0259n \u0259lav\u0259 v\u0259 d\u0259yi\u015fiklikl\u0259r insan h\u00fcquq v\u0259 azadl\u0131qlar\u0131n\u0131n qorunmas\u0131 mexanizml\u0259rinin t\u0259kmill\u0259\u015fdirilm\u0259sin\u0259, siyasi idar\u0259\u00e7ilik t\u0259sisatlar\u0131n\u0131n f\u0259aliyy\u0259tinin effektivliyinin art\u0131r\u0131lmas\u0131na, d\u00f6vl\u0259tl\u0259raras\u0131 v\u0259 h\u00f6kum\u0259tl\u0259raras\u0131 beyn\u0259lxalq m\u00fcqavil\u0259l\u0259rin imzalanmas\u0131 prosedurunun t\u0259kmill\u0259\u015fdirilm\u0259sin\u0259, insan h\u00fcquq v\u0259 azadl\u0131qlar\u0131n\u0131n qorunmas\u0131nda b\u0259l\u0259diyy\u0259l\u0259rin m\u0259suliyy\u0259tinin art\u0131r\u0131lmas\u0131na xidm\u0259t edib. \u00d6lk\u0259 Konstitusiyas\u0131 m\u00fcst\u0259qil d\u00f6vl\u0259timizin inki\u015faf\u0131n\u0131n \u0259sas istiqam\u0259tl\u0259rini v\u0259 prinsipl\u0259rini \u00f6z\u00fcnd\u0259 ehtiva ed\u0259n h\u00fcquqi s\u0259n\u0259d kimi d\u00f6vl\u0259t idar\u0259etm\u0259 mexanizminin t\u0259m\u0259lin\u0259 \u00e7evril\u0259r\u0259k Az\u0259rbaycan xalq\u0131n\u0131n rifah\u0131na xidm\u0259t g\u00f6st\u0259rir.<\/p>\n","protected":false},"excerpt":{"rendered":"<p>2020-ci ild\u0259 q\u0259bul edilm\u0259sinin 25 illiyi tamam olan Az\u0259rbaycan Respublikas\u0131n\u0131n Konstitusiyas\u0131 d\u00f6vl\u0259tin ilkin ba\u015flan\u011f\u0131clar\u0131n\u0131 \u00f6z\u00fcnd\u0259 ehtiva ed\u0259n \u018fsas Qanun kimi \u00f6z\u00fcn\u00fc tam olaraq do\u011fruldub. ARANTV.AZ\u00a0\u00a0Trend-\u0259 istinad\u0259n x\u0259b\u0259r verir ki, bunu Az\u0259rbaycan Konstitusiya M\u0259hk\u0259m\u0259sinin s\u0259dri F\u0259rhad Abdullayev deyib. Onun s\u00f6zl\u0259rin\u0259 g\u00f6r\u0259, qanunvericilik sisteminin \u0259sas\u0131n\u0131 t\u0259\u015fkil ed\u0259n, \u0259n y\u00fcks\u0259k v\u0259 birba\u015fa h\u00fcquqi q\u00fcvv\u0259y\u0259 malik olan Konstitusiya h\u0259r zaman d\u00f6vl\u0259t\u00e7ilik \u0259n\u0259n\u0259l\u0259rinin, h\u00fcquq qaydas\u0131n\u0131n qorunmas\u0131na xidm\u0259t edir. F.Abdullayev \u0259lav\u0259 edib ki, Az\u0259rbaycan Respublikas\u0131n\u0131n Konstitusiyas\u0131nda m\u00fcasir sivil c\u0259miyy\u0259tin inki\u015faf istiqam\u0259tl\u0259rini m\u00fc\u0259yy\u0259nl\u0259\u015fdir\u0259n ideya v\u0259 d\u0259y\u0259rl\u0259r geni\u015f \u015f\u0259kild\u0259 \u0259ksini tap\u0131b. D\u00f6vl\u0259t qurulu\u015funun ba\u015fl\u0131ca prinsipl\u0259rini m\u00fc\u0259yy\u0259n etm\u0259kl\u0259 yana\u015f\u0131,&hellip;<\/p>\n","protected":false},"author":2,"featured_media":95000,"comment_status":"closed","ping_status":"closed","sticky":false,"template":"","format":"standard","meta":{"om_disable_all_campaigns":false,"_monsterinsights_skip_tracking":false,"_monsterinsights_sitenote_active":false,"_monsterinsights_sitenote_note":"","_monsterinsights_sitenote_category":0},"categories":[1],"tags":[],"aioseo_notices":[],"gutentor_comment":0,"rttpg_featured_image_url":{"full":["https:\/\/arantv.az\/wp-content\/uploads\/2019\/11\/801574.jpg",800,600,false],"landscape":["https:\/\/arantv.az\/wp-content\/uploads\/2019\/11\/801574.jpg",800,600,false],"portraits":["https:\/\/arantv.az\/wp-content\/uploads\/2019\/11\/801574.jpg",800,600,false],"thumbnail":["https:\/\/arantv.az\/wp-content\/uploads\/2019\/11\/801574-150x150.jpg",150,150,true],"medium":["https:\/\/arantv.az\/wp-content\/uploads\/2019\/11\/801574-300x225.jpg",300,225,true],"large":["https:\/\/arantv.az\/wp-content\/uploads\/2019\/11\/801574.jpg",640,480,false],"1536x1536":["https:\/\/arantv.az\/wp-content\/uploads\/2019\/11\/801574.jpg",800,600,false],"2048x2048":["https:\/\/arantv.az\/wp-content\/uploads\/2019\/11\/801574.jpg",800,600,false],"post-thumbnail":["https:\/\/arantv.az\/wp-content\/uploads\/2019\/11\/801574-240x172.jpg",240,172,true],"advps-thumb-one":["https:\/\/arantv.az\/wp-content\/uploads\/2019\/11\/801574.jpg",800,600,false]},"rttpg_author":{"display_name":"V\u00fcsal Rafiqo\u011flu","author_link":"https:\/\/arantv.az\/?author=2"},"rttpg_comment":0,"rttpg_category":"<a href=\"https:\/\/arantv.az\/?cat=1\" rel=\"category\">C\u0259miyy\u0259t<\/a>","rttpg_excerpt":"2020-ci ild\u0259 q\u0259bul edilm\u0259sinin 25 illiyi tamam olan Az\u0259rbaycan Respublikas\u0131n\u0131n Konstitusiyas\u0131 d\u00f6vl\u0259tin ilkin ba\u015flan\u011f\u0131clar\u0131n\u0131 \u00f6z\u00fcnd\u0259 ehtiva ed\u0259n \u018fsas Qanun kimi \u00f6z\u00fcn\u00fc tam olaraq do\u011fruldub. ARANTV.AZ\u00a0\u00a0Trend-\u0259 istinad\u0259n x\u0259b\u0259r verir ki, bunu Az\u0259rbaycan Konstitusiya M\u0259hk\u0259m\u0259sinin s\u0259dri F\u0259rhad Abdullayev deyib. Onun s\u00f6zl\u0259rin\u0259 g\u00f6r\u0259, qanunvericilik sisteminin \u0259sas\u0131n\u0131 t\u0259\u015fkil ed\u0259n, \u0259n y\u00fcks\u0259k v\u0259 birba\u015fa h\u00fcquqi q\u00fcvv\u0259y\u0259 malik olan Konstitusiya h\u0259r&hellip;","_links":{"self":[{"href":"https:\/\/arantv.az\/index.php?rest_route=\/wp\/v2\/posts\/94999"}],"collection":[{"href":"https:\/\/arantv.az\/index.php?rest_route=\/wp\/v2\/posts"}],"about":[{"href":"https:\/\/arantv.az\/index.php?rest_route=\/wp\/v2\/types\/post"}],"author":[{"embeddable":true,"href":"https:\/\/arantv.az\/index.php?rest_route=\/wp\/v2\/users\/2"}],"replies":[{"embeddable":true,"href":"https:\/\/arantv.az\/index.php?rest_route=%2Fwp%2Fv2%2Fcomments&post=94999"}],"version-history":[{"count":0,"href":"https:\/\/arantv.az\/index.php?rest_route=\/wp\/v2\/posts\/94999\/revisions"}],"wp:featuredmedia":[{"embeddable":true,"href":"https:\/\/arantv.az\/index.php?rest_route=\/wp\/v2\/media\/95000"}],"wp:attachment":[{"href":"https:\/\/arantv.az\/index.php?rest_route=%2Fwp%2Fv2%2Fmedia&parent=94999"}],"wp:term":[{"taxonomy":"category","embeddable":true,"href":"https:\/\/arantv.az\/index.php?rest_route=%2Fwp%2Fv2%2Fcategories&post=94999"},{"taxonomy":"post_tag","embeddable":true,"href":"https:\/\/arantv.az\/index.php?rest_route=%2Fwp%2Fv2%2Ftags&post=94999"}],"curies":[{"name":"wp","href":"https:\/\/api.w.org\/{rel}","templated":true}]}}