{"id":95003,"date":"2019-11-12T08:37:40","date_gmt":"2019-11-12T05:37:40","guid":{"rendered":"http:\/\/arantv.az\/?p=95003"},"modified":"2019-11-12T08:37:40","modified_gmt":"2019-11-12T05:37:40","slug":"mehriban-%c9%99liyeva-az%c9%99rbaycan-xalqini-t%c9%99brik-etdi-foto","status":"publish","type":"post","link":"https:\/\/arantv.az\/?p=95003","title":{"rendered":"Mehriban \u018fliyeva Az\u0259rbaycan xalq\u0131n\u0131 t\u0259brik etdi &#8211; FOTO"},"content":{"rendered":"<p>Az\u0259rbaycan Respublikas\u0131n\u0131n Birinci vitse-prezidenti Mehriban \u018fliyeva 12 noyabr &#8211; Konstitusiya G\u00fcn\u00fc m\u00fcnasib\u0259til\u0259 Az\u0259rbaycan xalq\u0131n\u0131 t\u0259brik edib.<\/p>\n<p>Birinci vitse-prezidentin t\u0259brikind\u0259 deyilir:<\/p>\n<div id=\"AdviadNativeVideo0\" class=\"AdviadNativeVideo\"><\/div>\n<p>\u201c\u018fziz h\u0259mv\u0259t\u0259nl\u0259r!<\/p>\n<p>Sizi Az\u0259rbaycan Respublikas\u0131n\u0131n Konstitusiya G\u00fcn\u00fc m\u00fcnasib\u0259til\u0259 \u00fcr\u0259kd\u0259n t\u0259brik edir, h\u0259r biriniz\u0259 \u0259n xo\u015f arzular\u0131m\u0131 \u00e7atd\u0131r\u0131ram. Arzu edir\u0259m ki, Az\u0259rbaycan\u0131n u\u011furlu inki\u015faf\u0131 davaml\u0131 olsun, \u00f6lk\u0259mizd\u0259 daim s\u00fclh, sabitlik, \u0259min-amanl\u0131q v\u0259 t\u0259hl\u00fck\u0259sizlik h\u00f6km s\u00fcrs\u00fcn!\u201d<\/p>\n<div><iframe loading=\"lazy\" id=\"instagram-embed-0\" class=\"instagram-media instagram-media-rendered\" src=\"https:\/\/www.instagram.com\/p\/B4wM_-iAWEM\/embed\/captioned\/?cr=1&amp;v=12&amp;wp=540&amp;rd=https%3A%2F%2Foxu.az&amp;rp=%2Fpolitics%2F342468#%7B%22ci%22%3A0%2C%22os%22%3A2020.0549999999566%2C%22ls%22%3A1124.4200000001001%2C%22le%22%3A1246.5149999998175%7D\" width=\"300\" height=\"996\" frameborder=\"0\" scrolling=\"no\" allowfullscreen=\"allowfullscreen\" data-instgrm-payload-id=\"instagram-media-payload-0\" data-mce-fragment=\"1\"><\/iframe><\/div>\n<p>&nbsp;<\/p>\n","protected":false},"excerpt":{"rendered":"<p>Az\u0259rbaycan Respublikas\u0131n\u0131n Birinci vitse-prezidenti Mehriban \u018fliyeva 12 noyabr &#8211; Konstitusiya G\u00fcn\u00fc m\u00fcnasib\u0259til\u0259 Az\u0259rbaycan xalq\u0131n\u0131 t\u0259brik edib. Birinci vitse-prezidentin t\u0259brikind\u0259 deyilir: \u201c\u018fziz h\u0259mv\u0259t\u0259nl\u0259r! Sizi Az\u0259rbaycan Respublikas\u0131n\u0131n Konstitusiya G\u00fcn\u00fc m\u00fcnasib\u0259til\u0259 \u00fcr\u0259kd\u0259n t\u0259brik edir, h\u0259r biriniz\u0259 \u0259n xo\u015f arzular\u0131m\u0131 \u00e7atd\u0131r\u0131ram. Arzu edir\u0259m ki, Az\u0259rbaycan\u0131n u\u011furlu inki\u015faf\u0131 davaml\u0131 olsun, \u00f6lk\u0259mizd\u0259 daim s\u00fclh, sabitlik, \u0259min-amanl\u0131q v\u0259 t\u0259hl\u00fck\u0259sizlik h\u00f6km s\u00fcrs\u00fcn!\u201d &nbsp;<\/p>\n","protected":false},"author":2,"featured_media":95004,"comment_status":"closed","ping_status":"closed","sticky":false,"template":"","format":"standard","meta":{"om_disable_all_campaigns":false,"_monsterinsights_skip_tracking":false,"_monsterinsights_sitenote_active":false,"_monsterinsights_sitenote_note":"","_monsterinsights_sitenote_category":0},"categories":[4],"tags":[],"aioseo_notices":[],"gutentor_comment":0,"rttpg_featured_image_url":{"full":["https:\/\/arantv.az\/wp-content\/uploads\/2019\/11\/Mehriban-Aliyeva-1-1.jpg",620,400,false],"landscape":["https:\/\/arantv.az\/wp-content\/uploads\/2019\/11\/Mehriban-Aliyeva-1-1.jpg",620,400,false],"portraits":["https:\/\/arantv.az\/wp-content\/uploads\/2019\/11\/Mehriban-Aliyeva-1-1.jpg",620,400,false],"thumbnail":["https:\/\/arantv.az\/wp-content\/uploads\/2019\/11\/Mehriban-Aliyeva-1-1-150x150.jpg",150,150,true],"medium":["https:\/\/arantv.az\/wp-content\/uploads\/2019\/11\/Mehriban-Aliyeva-1-1-300x194.jpg",300,194,true],"large":["https:\/\/arantv.az\/wp-content\/uploads\/2019\/11\/Mehriban-Aliyeva-1-1.jpg",620,400,false],"1536x1536":["https:\/\/arantv.az\/wp-content\/uploads\/2019\/11\/Mehriban-Aliyeva-1-1.jpg",620,400,false],"2048x2048":["https:\/\/arantv.az\/wp-content\/uploads\/2019\/11\/Mehriban-Aliyeva-1-1.jpg",620,400,false],"post-thumbnail":["https:\/\/arantv.az\/wp-content\/uploads\/2019\/11\/Mehriban-Aliyeva-1-1-240x172.jpg",240,172,true],"advps-thumb-one":["https:\/\/arantv.az\/wp-content\/uploads\/2019\/11\/Mehriban-Aliyeva-1-1.jpg",620,400,false]},"rttpg_author":{"display_name":"V\u00fcsal Rafiqo\u011flu","author_link":"https:\/\/arantv.az\/?author=2"},"rttpg_comment":0,"rttpg_category":"<a href=\"https:\/\/arantv.az\/?cat=4\" rel=\"category\">Siyas\u0259t<\/a>","rttpg_excerpt":"Az\u0259rbaycan Respublikas\u0131n\u0131n Birinci vitse-prezidenti Mehriban \u018fliyeva 12 noyabr &#8211; Konstitusiya G\u00fcn\u00fc m\u00fcnasib\u0259til\u0259 Az\u0259rbaycan xalq\u0131n\u0131 t\u0259brik edib. Birinci vitse-prezidentin t\u0259brikind\u0259 deyilir: \u201c\u018fziz h\u0259mv\u0259t\u0259nl\u0259r! Sizi Az\u0259rbaycan Respublikas\u0131n\u0131n Konstitusiya G\u00fcn\u00fc m\u00fcnasib\u0259til\u0259 \u00fcr\u0259kd\u0259n t\u0259brik edir, h\u0259r biriniz\u0259 \u0259n xo\u015f arzular\u0131m\u0131 \u00e7atd\u0131r\u0131ram. Arzu edir\u0259m ki, Az\u0259rbaycan\u0131n u\u011furlu inki\u015faf\u0131 davaml\u0131 olsun, \u00f6lk\u0259mizd\u0259 daim s\u00fclh, sabitlik, \u0259min-amanl\u0131q v\u0259 t\u0259hl\u00fck\u0259sizlik h\u00f6km s\u00fcrs\u00fcn!\u201d &nbsp;","_links":{"self":[{"href":"https:\/\/arantv.az\/index.php?rest_route=\/wp\/v2\/posts\/95003"}],"collection":[{"href":"https:\/\/arantv.az\/index.php?rest_route=\/wp\/v2\/posts"}],"about":[{"href":"https:\/\/arantv.az\/index.php?rest_route=\/wp\/v2\/types\/post"}],"author":[{"embeddable":true,"href":"https:\/\/arantv.az\/index.php?rest_route=\/wp\/v2\/users\/2"}],"replies":[{"embeddable":true,"href":"https:\/\/arantv.az\/index.php?rest_route=%2Fwp%2Fv2%2Fcomments&post=95003"}],"version-history":[{"count":0,"href":"https:\/\/arantv.az\/index.php?rest_route=\/wp\/v2\/posts\/95003\/revisions"}],"wp:featuredmedia":[{"embeddable":true,"href":"https:\/\/arantv.az\/index.php?rest_route=\/wp\/v2\/media\/95004"}],"wp:attachment":[{"href":"https:\/\/arantv.az\/index.php?rest_route=%2Fwp%2Fv2%2Fmedia&parent=95003"}],"wp:term":[{"taxonomy":"category","embeddable":true,"href":"https:\/\/arantv.az\/index.php?rest_route=%2Fwp%2Fv2%2Fcategories&post=95003"},{"taxonomy":"post_tag","embeddable":true,"href":"https:\/\/arantv.az\/index.php?rest_route=%2Fwp%2Fv2%2Ftags&post=95003"}],"curies":[{"name":"wp","href":"https:\/\/api.w.org\/{rel}","templated":true}]}}