{"id":95047,"date":"2019-11-12T09:50:36","date_gmt":"2019-11-12T06:50:36","guid":{"rendered":"http:\/\/arantv.az\/?p=95047"},"modified":"2019-11-12T09:50:36","modified_gmt":"2019-11-12T06:50:36","slug":"icra-hakimiyy%c9%99ti-n%c9%99rimanovda-ucan-yataqxananin-sakinl%c9%99ri-kocurul%c9%99-bil%c9%99r","status":"publish","type":"post","link":"https:\/\/arantv.az\/?p=95047","title":{"rendered":"\u0130cra hakimiyy\u0259ti: &#8220;N\u0259rimanovda u\u00e7an yataqxanan\u0131n sakinl\u0259ri k\u00f6\u00e7\u00fcr\u00fcl\u0259 bil\u0259r&#8221;"},"content":{"rendered":"<blockquote><p><em><strong>Bak\u0131n\u0131n N\u0259rimanov rayonu, Nazim Hac\u0131yev 6 \u00fcnvan\u0131ndak\u0131 yataqxanada ba\u015f ver\u0259n u\u00e7qun zaman\u0131 v\u0259t\u0259nda\u015fa ziyan d\u0259ym\u0259yib.<\/strong><\/em><\/p><\/blockquote>\n<p><strong>ARANTV.AZ<\/strong> x\u0259b\u0259r verir ki, bu bar\u0259d\u0259\u00a0<a href=\"https:\/\/az.trend.az\/\" target=\"_blank\" rel=\"noopener\">Trend<\/a>-\u0259 N\u0259rimanov Rayon \u0130cra Hakimiyy\u0259tinin \u0130nformasiya t\u0259minat\u0131 v\u0259 t\u0259hlil sektorunun m\u00fcdiri \u0130lkin \u018fs\u0259dov m\u0259lumat verib.<\/p>\n<p>Onun s\u00f6zl\u0259rin\u0259 g\u00f6r\u0259, hadis\u0259 yataqxanan\u0131n 4-c\u00fc m\u0259rt\u0259b\u0259sinin dam \u00f6rt\u00fcy\u00fcn\u00fcn bir hiss\u0259sind\u0259 ba\u015f verib: &#8220;\u00c7\u00f6k\u0259n hiss\u0259 C\u0259bray\u0131l rayonundan olan m\u0259cburi k\u00f6\u00e7k\u00fcn \u0130bayev H\u0259bib M\u0259h\u0259mm\u0259d\u0259li o\u011flunun ya\u015fad\u0131\u011f\u0131 47 sayl\u0131 ota\u011f\u0131n sah\u0259sin\u0259 aiddir. Ota\u011f\u0131n 16 kvadratmetrlik tavan\u0131 \u00e7\u00f6k\u00fcb. Hadis\u0259 n\u0259tic\u0259sind\u0259 xo\u015fb\u0259xtlikd\u0259n x\u0259sar\u0259t alan olmay\u0131b. Hadis\u0259 yerin\u0259 Rayon \u0130cra Hakimiyy\u0259tinin, polis idar\u0259sinin r\u0259hb\u0259rliyi v\u0259 F\u00f6vq\u0259lad\u0259 Hallar Nazirliyinin \u0259razi \u00fczr\u0259 \u0259m\u0259kda\u015flar\u0131 g\u0259lib&#8221;.<\/p>\n<p>\u0130.\u018fs\u0259dov bildirib ki, yataqxanada C\u0259bray\u0131l, Z\u0259ngilan v\u0259 La\u00e7\u0131n rayonlar\u0131ndan olan m\u0259cburi k\u00f6\u00e7k\u00fcnl\u0259r m\u0259skunla\u015f\u0131b: &#8220;Bina F\u00f6vq\u0259lad\u0259 Hallar Nazirliyinin q\u0259zal\u0131 binalar siyah\u0131s\u0131ndad\u0131r. Binan\u0131n q\u0259zal\u0131 olmas\u0131 bar\u0259d\u0259 m\u00fcvafiq akt t\u0259rtib olunaraq aidiyy\u0259ti qurumlara t\u0259qdim edilib. Art\u0131q ail\u0259 h\u0259min yataqxanadan k\u00f6\u00e7\u00fcr\u00fcl\u00fcb, binan\u0131n cari t\u0259miri il\u0259 ba\u011fl\u0131 haz\u0131rl\u0131q i\u015fl\u0259ri g\u00f6r\u00fcl\u00fcr. Q\u0131sa vaxtda bina t\u0259mir edil\u0259c\u0259k v\u0259 ya binada m\u0259skunla\u015fan ail\u0259l\u0259rin k\u00f6\u00e7\u00fcr\u00fclm\u0259sin\u0259 ba\u015flanacaq&#8221;.<\/p>\n<p>Qurum r\u0259smisi bildirib ki, binan\u0131n \u00e7\u00f6k\u0259n hiss\u0259si v\u0259t\u0259nda\u015f\u0131n ya\u015fay\u0131\u015f hiss\u0259sin\u0259 daxil deyil: &#8220;H\u0259min hiss\u0259 v\u0259t\u0259nda\u015f\u0131n istifad\u0259sind\u0259 olan yard\u0131m\u00e7\u0131 hiss\u0259dir&#8221;.<\/p>\n","protected":false},"excerpt":{"rendered":"<p>Bak\u0131n\u0131n N\u0259rimanov rayonu, Nazim Hac\u0131yev 6 \u00fcnvan\u0131ndak\u0131 yataqxanada ba\u015f ver\u0259n u\u00e7qun zaman\u0131 v\u0259t\u0259nda\u015fa ziyan d\u0259ym\u0259yib. ARANTV.AZ x\u0259b\u0259r verir ki, bu bar\u0259d\u0259\u00a0Trend-\u0259 N\u0259rimanov Rayon \u0130cra Hakimiyy\u0259tinin \u0130nformasiya t\u0259minat\u0131 v\u0259 t\u0259hlil sektorunun m\u00fcdiri \u0130lkin \u018fs\u0259dov m\u0259lumat verib. Onun s\u00f6zl\u0259rin\u0259 g\u00f6r\u0259, hadis\u0259 yataqxanan\u0131n 4-c\u00fc m\u0259rt\u0259b\u0259sinin dam \u00f6rt\u00fcy\u00fcn\u00fcn bir hiss\u0259sind\u0259 ba\u015f verib: &#8220;\u00c7\u00f6k\u0259n hiss\u0259 C\u0259bray\u0131l rayonundan olan m\u0259cburi k\u00f6\u00e7k\u00fcn \u0130bayev H\u0259bib M\u0259h\u0259mm\u0259d\u0259li o\u011flunun ya\u015fad\u0131\u011f\u0131 47 sayl\u0131 ota\u011f\u0131n sah\u0259sin\u0259 aiddir. Ota\u011f\u0131n 16 kvadratmetrlik tavan\u0131 \u00e7\u00f6k\u00fcb. Hadis\u0259 n\u0259tic\u0259sind\u0259 xo\u015fb\u0259xtlikd\u0259n x\u0259sar\u0259t alan olmay\u0131b. Hadis\u0259 yerin\u0259 Rayon \u0130cra Hakimiyy\u0259tinin, polis idar\u0259sinin r\u0259hb\u0259rliyi v\u0259 F\u00f6vq\u0259lad\u0259 Hallar Nazirliyinin \u0259razi \u00fczr\u0259&hellip;<\/p>\n","protected":false},"author":2,"featured_media":95048,"comment_status":"closed","ping_status":"closed","sticky":false,"template":"","format":"standard","meta":{"om_disable_all_campaigns":false,"_monsterinsights_skip_tracking":false,"_monsterinsights_sitenote_active":false,"_monsterinsights_sitenote_note":"","_monsterinsights_sitenote_category":0},"categories":[1],"tags":[],"aioseo_notices":[],"gutentor_comment":0,"rttpg_featured_image_url":{"full":["https:\/\/arantv.az\/wp-content\/uploads\/2019\/11\/801619.jpg",800,600,false],"landscape":["https:\/\/arantv.az\/wp-content\/uploads\/2019\/11\/801619.jpg",800,600,false],"portraits":["https:\/\/arantv.az\/wp-content\/uploads\/2019\/11\/801619.jpg",800,600,false],"thumbnail":["https:\/\/arantv.az\/wp-content\/uploads\/2019\/11\/801619-150x150.jpg",150,150,true],"medium":["https:\/\/arantv.az\/wp-content\/uploads\/2019\/11\/801619-300x225.jpg",300,225,true],"large":["https:\/\/arantv.az\/wp-content\/uploads\/2019\/11\/801619.jpg",640,480,false],"1536x1536":["https:\/\/arantv.az\/wp-content\/uploads\/2019\/11\/801619.jpg",800,600,false],"2048x2048":["https:\/\/arantv.az\/wp-content\/uploads\/2019\/11\/801619.jpg",800,600,false],"post-thumbnail":["https:\/\/arantv.az\/wp-content\/uploads\/2019\/11\/801619-240x172.jpg",240,172,true],"advps-thumb-one":["https:\/\/arantv.az\/wp-content\/uploads\/2019\/11\/801619.jpg",800,600,false]},"rttpg_author":{"display_name":"V\u00fcsal Rafiqo\u011flu","author_link":"https:\/\/arantv.az\/?author=2"},"rttpg_comment":0,"rttpg_category":"<a href=\"https:\/\/arantv.az\/?cat=1\" rel=\"category\">C\u0259miyy\u0259t<\/a>","rttpg_excerpt":"Bak\u0131n\u0131n N\u0259rimanov rayonu, Nazim Hac\u0131yev 6 \u00fcnvan\u0131ndak\u0131 yataqxanada ba\u015f ver\u0259n u\u00e7qun zaman\u0131 v\u0259t\u0259nda\u015fa ziyan d\u0259ym\u0259yib. ARANTV.AZ x\u0259b\u0259r verir ki, bu bar\u0259d\u0259\u00a0Trend-\u0259 N\u0259rimanov Rayon \u0130cra Hakimiyy\u0259tinin \u0130nformasiya t\u0259minat\u0131 v\u0259 t\u0259hlil sektorunun m\u00fcdiri \u0130lkin \u018fs\u0259dov m\u0259lumat verib. Onun s\u00f6zl\u0259rin\u0259 g\u00f6r\u0259, hadis\u0259 yataqxanan\u0131n 4-c\u00fc m\u0259rt\u0259b\u0259sinin dam \u00f6rt\u00fcy\u00fcn\u00fcn bir hiss\u0259sind\u0259 ba\u015f verib: &#8220;\u00c7\u00f6k\u0259n hiss\u0259 C\u0259bray\u0131l rayonundan olan m\u0259cburi k\u00f6\u00e7k\u00fcn&hellip;","_links":{"self":[{"href":"https:\/\/arantv.az\/index.php?rest_route=\/wp\/v2\/posts\/95047"}],"collection":[{"href":"https:\/\/arantv.az\/index.php?rest_route=\/wp\/v2\/posts"}],"about":[{"href":"https:\/\/arantv.az\/index.php?rest_route=\/wp\/v2\/types\/post"}],"author":[{"embeddable":true,"href":"https:\/\/arantv.az\/index.php?rest_route=\/wp\/v2\/users\/2"}],"replies":[{"embeddable":true,"href":"https:\/\/arantv.az\/index.php?rest_route=%2Fwp%2Fv2%2Fcomments&post=95047"}],"version-history":[{"count":0,"href":"https:\/\/arantv.az\/index.php?rest_route=\/wp\/v2\/posts\/95047\/revisions"}],"wp:featuredmedia":[{"embeddable":true,"href":"https:\/\/arantv.az\/index.php?rest_route=\/wp\/v2\/media\/95048"}],"wp:attachment":[{"href":"https:\/\/arantv.az\/index.php?rest_route=%2Fwp%2Fv2%2Fmedia&parent=95047"}],"wp:term":[{"taxonomy":"category","embeddable":true,"href":"https:\/\/arantv.az\/index.php?rest_route=%2Fwp%2Fv2%2Fcategories&post=95047"},{"taxonomy":"post_tag","embeddable":true,"href":"https:\/\/arantv.az\/index.php?rest_route=%2Fwp%2Fv2%2Ftags&post=95047"}],"curies":[{"name":"wp","href":"https:\/\/api.w.org\/{rel}","templated":true}]}}