{"id":95051,"date":"2019-11-12T09:52:04","date_gmt":"2019-11-12T06:52:04","guid":{"rendered":"http:\/\/arantv.az\/?p=95051"},"modified":"2019-11-12T09:52:04","modified_gmt":"2019-11-12T06:52:04","slug":"ukraynanin-xarici-isl%c9%99r-naziri-az%c9%99rbaycana-g%c9%99l%c9%99c%c9%99k","status":"publish","type":"post","link":"https:\/\/arantv.az\/?p=95051","title":{"rendered":"Ukraynan\u0131n Xarici \u0130\u015fl\u0259r naziri Az\u0259rbaycana g\u0259l\u0259c\u0259k"},"content":{"rendered":"<p>Ukrayna Xarici \u0130\u015fl\u0259r naziri Vadim Pristaykonun Az\u0259rbaycana s\u0259f\u0259ri g\u00f6zl\u0259nilir.<\/p>\n<p><b>ARANTV.AZ<\/b>-\u0131n x\u0259b\u0259rin\u0259 g\u00f6r\u0259,\u00a0bu bar\u0259d\u0259 Az\u0259rbaycan\u0131n Ukraynadak\u0131 s\u0259firi Az\u0259r Xudiyev m\u0259lumat verib.<\/p>\n<div id=\"AdviadNativeVideo0\" class=\"AdviadNativeVideo\"><\/div>\n<p>A.Xudiyev bildirib ki, V.Pristaykonun Bak\u0131ya s\u0259f\u0259ri dekabra n\u0259z\u0259rd\u0259 tutulur:<\/p>\n<p>\u201cXat\u0131rlay\u0131rs\u0131n\u0131zsa, noyabr\u0131n 5-d\u0259 Avropa \u0130ttifaq\u0131n\u0131n \u015e\u0259rq T\u0259r\u0259fda\u015fl\u0131\u011f\u0131n\u0131n 10 illik yubileyi m\u00fcnasib\u0259til\u0259 \u00fczv \u00f6lk\u0259l\u0259rinin Xarici \u0130\u015fl\u0259r nazirl\u0259rinin Stokholmda ke\u00e7iril\u0259n g\u00f6r\u00fc\u015f\u00fc \u00e7\u0259r\u00e7iv\u0259sind\u0259 Xarici \u0130\u015fl\u0259r naziri Elmar M\u0259mm\u0259dyarov Ukrayna Xarici \u0130\u015fl\u0259r naziri Vadim Pristayko il\u0259 g\u00f6r\u00fc\u015f\u00fcb.<\/p>\n<p>Elmar M\u0259mm\u0259dyarov h\u0259mkar\u0131n\u0131 Az\u0259rbaycana s\u0259f\u0259r\u0259 d\u0259v\u0259t edib. Y\u0259qin ki, nazir dekabrda Bak\u0131ya s\u0259f\u0259r ed\u0259c\u0259k. Bu s\u0259f\u0259rl\u0259 z\u0259min yaranacaq ki, Ukrayna Prezidenti Vladimir Zelenskinin d\u0259 Az\u0259rbaycana s\u0259f\u0259ri t\u0259\u015fkil edilsin\u201d.Oxu.Az<\/p>\n","protected":false},"excerpt":{"rendered":"<p>Ukrayna Xarici \u0130\u015fl\u0259r naziri Vadim Pristaykonun Az\u0259rbaycana s\u0259f\u0259ri g\u00f6zl\u0259nilir. ARANTV.AZ-\u0131n x\u0259b\u0259rin\u0259 g\u00f6r\u0259,\u00a0bu bar\u0259d\u0259 Az\u0259rbaycan\u0131n Ukraynadak\u0131 s\u0259firi Az\u0259r Xudiyev m\u0259lumat verib. A.Xudiyev bildirib ki, V.Pristaykonun Bak\u0131ya s\u0259f\u0259ri dekabra n\u0259z\u0259rd\u0259 tutulur: \u201cXat\u0131rlay\u0131rs\u0131n\u0131zsa, noyabr\u0131n 5-d\u0259 Avropa \u0130ttifaq\u0131n\u0131n \u015e\u0259rq T\u0259r\u0259fda\u015fl\u0131\u011f\u0131n\u0131n 10 illik yubileyi m\u00fcnasib\u0259til\u0259 \u00fczv \u00f6lk\u0259l\u0259rinin Xarici \u0130\u015fl\u0259r nazirl\u0259rinin Stokholmda ke\u00e7iril\u0259n g\u00f6r\u00fc\u015f\u00fc \u00e7\u0259r\u00e7iv\u0259sind\u0259 Xarici \u0130\u015fl\u0259r naziri Elmar M\u0259mm\u0259dyarov Ukrayna Xarici \u0130\u015fl\u0259r naziri Vadim Pristayko il\u0259 g\u00f6r\u00fc\u015f\u00fcb. Elmar M\u0259mm\u0259dyarov h\u0259mkar\u0131n\u0131 Az\u0259rbaycana s\u0259f\u0259r\u0259 d\u0259v\u0259t edib. Y\u0259qin ki, nazir dekabrda Bak\u0131ya s\u0259f\u0259r ed\u0259c\u0259k. Bu s\u0259f\u0259rl\u0259 z\u0259min yaranacaq ki, Ukrayna Prezidenti Vladimir Zelenskinin d\u0259 Az\u0259rbaycana s\u0259f\u0259ri t\u0259\u015fkil edilsin\u201d.Oxu.Az<\/p>\n","protected":false},"author":2,"featured_media":95052,"comment_status":"closed","ping_status":"closed","sticky":false,"template":"","format":"standard","meta":{"om_disable_all_campaigns":false,"_monsterinsights_skip_tracking":false,"_monsterinsights_sitenote_active":false,"_monsterinsights_sitenote_note":"","_monsterinsights_sitenote_category":0},"categories":[4],"tags":[],"aioseo_notices":[],"gutentor_comment":0,"rttpg_featured_image_url":{"full":["https:\/\/arantv.az\/wp-content\/uploads\/2019\/11\/1489732480-9486-vadim-pristayko.jpg",620,458,false],"landscape":["https:\/\/arantv.az\/wp-content\/uploads\/2019\/11\/1489732480-9486-vadim-pristayko.jpg",620,458,false],"portraits":["https:\/\/arantv.az\/wp-content\/uploads\/2019\/11\/1489732480-9486-vadim-pristayko.jpg",620,458,false],"thumbnail":["https:\/\/arantv.az\/wp-content\/uploads\/2019\/11\/1489732480-9486-vadim-pristayko-150x150.jpg",150,150,true],"medium":["https:\/\/arantv.az\/wp-content\/uploads\/2019\/11\/1489732480-9486-vadim-pristayko-300x222.jpg",300,222,true],"large":["https:\/\/arantv.az\/wp-content\/uploads\/2019\/11\/1489732480-9486-vadim-pristayko.jpg",620,458,false],"1536x1536":["https:\/\/arantv.az\/wp-content\/uploads\/2019\/11\/1489732480-9486-vadim-pristayko.jpg",620,458,false],"2048x2048":["https:\/\/arantv.az\/wp-content\/uploads\/2019\/11\/1489732480-9486-vadim-pristayko.jpg",620,458,false],"post-thumbnail":["https:\/\/arantv.az\/wp-content\/uploads\/2019\/11\/1489732480-9486-vadim-pristayko-240x172.jpg",240,172,true],"advps-thumb-one":["https:\/\/arantv.az\/wp-content\/uploads\/2019\/11\/1489732480-9486-vadim-pristayko.jpg",620,458,false]},"rttpg_author":{"display_name":"V\u00fcsal Rafiqo\u011flu","author_link":"https:\/\/arantv.az\/?author=2"},"rttpg_comment":0,"rttpg_category":"<a href=\"https:\/\/arantv.az\/?cat=4\" rel=\"category\">Siyas\u0259t<\/a>","rttpg_excerpt":"Ukrayna Xarici \u0130\u015fl\u0259r naziri Vadim Pristaykonun Az\u0259rbaycana s\u0259f\u0259ri g\u00f6zl\u0259nilir. ARANTV.AZ-\u0131n x\u0259b\u0259rin\u0259 g\u00f6r\u0259,\u00a0bu bar\u0259d\u0259 Az\u0259rbaycan\u0131n Ukraynadak\u0131 s\u0259firi Az\u0259r Xudiyev m\u0259lumat verib. A.Xudiyev bildirib ki, V.Pristaykonun Bak\u0131ya s\u0259f\u0259ri dekabra n\u0259z\u0259rd\u0259 tutulur: \u201cXat\u0131rlay\u0131rs\u0131n\u0131zsa, noyabr\u0131n 5-d\u0259 Avropa \u0130ttifaq\u0131n\u0131n \u015e\u0259rq T\u0259r\u0259fda\u015fl\u0131\u011f\u0131n\u0131n 10 illik yubileyi m\u00fcnasib\u0259til\u0259 \u00fczv \u00f6lk\u0259l\u0259rinin Xarici \u0130\u015fl\u0259r nazirl\u0259rinin Stokholmda ke\u00e7iril\u0259n g\u00f6r\u00fc\u015f\u00fc \u00e7\u0259r\u00e7iv\u0259sind\u0259 Xarici \u0130\u015fl\u0259r naziri Elmar M\u0259mm\u0259dyarov Ukrayna&hellip;","_links":{"self":[{"href":"https:\/\/arantv.az\/index.php?rest_route=\/wp\/v2\/posts\/95051"}],"collection":[{"href":"https:\/\/arantv.az\/index.php?rest_route=\/wp\/v2\/posts"}],"about":[{"href":"https:\/\/arantv.az\/index.php?rest_route=\/wp\/v2\/types\/post"}],"author":[{"embeddable":true,"href":"https:\/\/arantv.az\/index.php?rest_route=\/wp\/v2\/users\/2"}],"replies":[{"embeddable":true,"href":"https:\/\/arantv.az\/index.php?rest_route=%2Fwp%2Fv2%2Fcomments&post=95051"}],"version-history":[{"count":0,"href":"https:\/\/arantv.az\/index.php?rest_route=\/wp\/v2\/posts\/95051\/revisions"}],"wp:featuredmedia":[{"embeddable":true,"href":"https:\/\/arantv.az\/index.php?rest_route=\/wp\/v2\/media\/95052"}],"wp:attachment":[{"href":"https:\/\/arantv.az\/index.php?rest_route=%2Fwp%2Fv2%2Fmedia&parent=95051"}],"wp:term":[{"taxonomy":"category","embeddable":true,"href":"https:\/\/arantv.az\/index.php?rest_route=%2Fwp%2Fv2%2Fcategories&post=95051"},{"taxonomy":"post_tag","embeddable":true,"href":"https:\/\/arantv.az\/index.php?rest_route=%2Fwp%2Fv2%2Ftags&post=95051"}],"curies":[{"name":"wp","href":"https:\/\/api.w.org\/{rel}","templated":true}]}}