{"id":95060,"date":"2019-11-12T09:55:53","date_gmt":"2019-11-12T06:55:53","guid":{"rendered":"http:\/\/arantv.az\/?p=95060"},"modified":"2019-11-12T09:55:53","modified_gmt":"2019-11-12T06:55:53","slug":"prezident-anar-%c9%99l%c9%99kb%c9%99rova-gost%c9%99ris-verdi","status":"publish","type":"post","link":"https:\/\/arantv.az\/?p=95060","title":{"rendered":"Prezident Anar \u018fl\u0259kb\u0259rova G\u00d6ST\u018fR\u0130\u015e VERD\u0130"},"content":{"rendered":"<p>X\u0259b\u0259r verdiyimiz kimi, d\u00fcn\u0259n Prezident \u0130lham \u018fliyev v\u0259 Birinci vitse-prezident Mehriban \u018fliyeva X\u0259tai rayonunda a\u011fac\u0259km\u0259 aksiyas\u0131nda i\u015ftirak edibl\u0259r.<\/p>\n<p><b>ARANTV.AZ\u00a0<\/b> bildirir ki, d\u00f6vl\u0259t ba\u015f\u00e7\u0131s\u0131 Heyd\u0259r \u018fliyev Fondunun icra\u00e7\u0131 direktoru Anar \u018fl\u0259kb\u0259rova \u0259razid\u0259 zeytun v\u0259 \u015fam a\u011faclar\u0131 \u0259kilm\u0259si bar\u0259d\u0259 g\u00f6st\u0259ri\u015f verib. Prezidentin A.\u018fl\u0259kb\u0259rovla dialoqunu t\u0259qdim edirik:<\/p>\n<div><\/div>\n<p>Prezident \u0130lham \u018fliyev: Burada zeytun a\u011faclar\u0131 da g\u00f6r\u00fcr\u0259m. Vaxtil\u0259 \u0259kilib?<\/p>\n<p>Anar \u018fl\u0259kb\u0259rov: B\u0259li, vaxtil\u0259 burada \u00e7oxlu zeytun a\u011fac\u0131 olub, m\u0259hsul da y\u0131\u011f\u0131l\u0131b.<\/p>\n<p>Prezident \u0130lham \u018fliyev: \u0130ndi d\u0259 \u0259km\u0259k laz\u0131md\u0131r, \u0259sas\u0259n zeytun v\u0259 \u015fam a\u011faclar\u0131.<\/p>\n<p>Anar \u018fl\u0259kb\u0259rov: Biz burada Eldar \u015fam\u0131na da \u00fcst\u00fcnl\u00fck veririk. \u018fvv\u0259ll\u0259r burada zeytun a\u011faclar\u0131 il\u0259 b\u0259rab\u0259r, Eldar \u015famlar\u0131 da \u00e7ox idi. Ona g\u00f6r\u0259 bu qaydada davam ed\u0259c\u0259yik.Sonxeber.az<\/p>\n","protected":false},"excerpt":{"rendered":"<p>X\u0259b\u0259r verdiyimiz kimi, d\u00fcn\u0259n Prezident \u0130lham \u018fliyev v\u0259 Birinci vitse-prezident Mehriban \u018fliyeva X\u0259tai rayonunda a\u011fac\u0259km\u0259 aksiyas\u0131nda i\u015ftirak edibl\u0259r. ARANTV.AZ\u00a0 bildirir ki, d\u00f6vl\u0259t ba\u015f\u00e7\u0131s\u0131 Heyd\u0259r \u018fliyev Fondunun icra\u00e7\u0131 direktoru Anar \u018fl\u0259kb\u0259rova \u0259razid\u0259 zeytun v\u0259 \u015fam a\u011faclar\u0131 \u0259kilm\u0259si bar\u0259d\u0259 g\u00f6st\u0259ri\u015f verib. Prezidentin A.\u018fl\u0259kb\u0259rovla dialoqunu t\u0259qdim edirik: Prezident \u0130lham \u018fliyev: Burada zeytun a\u011faclar\u0131 da g\u00f6r\u00fcr\u0259m. Vaxtil\u0259 \u0259kilib? Anar \u018fl\u0259kb\u0259rov: B\u0259li, vaxtil\u0259 burada \u00e7oxlu zeytun a\u011fac\u0131 olub, m\u0259hsul da y\u0131\u011f\u0131l\u0131b. Prezident \u0130lham \u018fliyev: \u0130ndi d\u0259 \u0259km\u0259k laz\u0131md\u0131r, \u0259sas\u0259n zeytun v\u0259 \u015fam a\u011faclar\u0131. Anar \u018fl\u0259kb\u0259rov: Biz burada Eldar \u015fam\u0131na da \u00fcst\u00fcnl\u00fck veririk. \u018fvv\u0259ll\u0259r burada zeytun&hellip;<\/p>\n","protected":false},"author":2,"featured_media":95061,"comment_status":"closed","ping_status":"closed","sticky":false,"template":"","format":"standard","meta":{"om_disable_all_campaigns":false,"_monsterinsights_skip_tracking":false,"_monsterinsights_sitenote_active":false,"_monsterinsights_sitenote_note":"","_monsterinsights_sitenote_category":0},"categories":[4],"tags":[],"aioseo_notices":[],"gutentor_comment":0,"rttpg_featured_image_url":{"full":["https:\/\/arantv.az\/wp-content\/uploads\/2019\/11\/157354026015485112745dca51a4af6c4_1.jpg",549,309,false],"landscape":["https:\/\/arantv.az\/wp-content\/uploads\/2019\/11\/157354026015485112745dca51a4af6c4_1.jpg",549,309,false],"portraits":["https:\/\/arantv.az\/wp-content\/uploads\/2019\/11\/157354026015485112745dca51a4af6c4_1.jpg",549,309,false],"thumbnail":["https:\/\/arantv.az\/wp-content\/uploads\/2019\/11\/157354026015485112745dca51a4af6c4_1-150x150.jpg",150,150,true],"medium":["https:\/\/arantv.az\/wp-content\/uploads\/2019\/11\/157354026015485112745dca51a4af6c4_1-300x169.jpg",300,169,true],"large":["https:\/\/arantv.az\/wp-content\/uploads\/2019\/11\/157354026015485112745dca51a4af6c4_1.jpg",549,309,false],"1536x1536":["https:\/\/arantv.az\/wp-content\/uploads\/2019\/11\/157354026015485112745dca51a4af6c4_1.jpg",549,309,false],"2048x2048":["https:\/\/arantv.az\/wp-content\/uploads\/2019\/11\/157354026015485112745dca51a4af6c4_1.jpg",549,309,false],"post-thumbnail":["https:\/\/arantv.az\/wp-content\/uploads\/2019\/11\/157354026015485112745dca51a4af6c4_1-240x172.jpg",240,172,true],"advps-thumb-one":["https:\/\/arantv.az\/wp-content\/uploads\/2019\/11\/157354026015485112745dca51a4af6c4_1.jpg",549,309,false]},"rttpg_author":{"display_name":"V\u00fcsal Rafiqo\u011flu","author_link":"https:\/\/arantv.az\/?author=2"},"rttpg_comment":0,"rttpg_category":"<a href=\"https:\/\/arantv.az\/?cat=4\" rel=\"category\">Siyas\u0259t<\/a>","rttpg_excerpt":"X\u0259b\u0259r verdiyimiz kimi, d\u00fcn\u0259n Prezident \u0130lham \u018fliyev v\u0259 Birinci vitse-prezident Mehriban \u018fliyeva X\u0259tai rayonunda a\u011fac\u0259km\u0259 aksiyas\u0131nda i\u015ftirak edibl\u0259r. ARANTV.AZ\u00a0 bildirir ki, d\u00f6vl\u0259t ba\u015f\u00e7\u0131s\u0131 Heyd\u0259r \u018fliyev Fondunun icra\u00e7\u0131 direktoru Anar \u018fl\u0259kb\u0259rova \u0259razid\u0259 zeytun v\u0259 \u015fam a\u011faclar\u0131 \u0259kilm\u0259si bar\u0259d\u0259 g\u00f6st\u0259ri\u015f verib. Prezidentin A.\u018fl\u0259kb\u0259rovla dialoqunu t\u0259qdim edirik: Prezident \u0130lham \u018fliyev: Burada zeytun a\u011faclar\u0131 da g\u00f6r\u00fcr\u0259m. Vaxtil\u0259 \u0259kilib? Anar&hellip;","_links":{"self":[{"href":"https:\/\/arantv.az\/index.php?rest_route=\/wp\/v2\/posts\/95060"}],"collection":[{"href":"https:\/\/arantv.az\/index.php?rest_route=\/wp\/v2\/posts"}],"about":[{"href":"https:\/\/arantv.az\/index.php?rest_route=\/wp\/v2\/types\/post"}],"author":[{"embeddable":true,"href":"https:\/\/arantv.az\/index.php?rest_route=\/wp\/v2\/users\/2"}],"replies":[{"embeddable":true,"href":"https:\/\/arantv.az\/index.php?rest_route=%2Fwp%2Fv2%2Fcomments&post=95060"}],"version-history":[{"count":0,"href":"https:\/\/arantv.az\/index.php?rest_route=\/wp\/v2\/posts\/95060\/revisions"}],"wp:featuredmedia":[{"embeddable":true,"href":"https:\/\/arantv.az\/index.php?rest_route=\/wp\/v2\/media\/95061"}],"wp:attachment":[{"href":"https:\/\/arantv.az\/index.php?rest_route=%2Fwp%2Fv2%2Fmedia&parent=95060"}],"wp:term":[{"taxonomy":"category","embeddable":true,"href":"https:\/\/arantv.az\/index.php?rest_route=%2Fwp%2Fv2%2Fcategories&post=95060"},{"taxonomy":"post_tag","embeddable":true,"href":"https:\/\/arantv.az\/index.php?rest_route=%2Fwp%2Fv2%2Ftags&post=95060"}],"curies":[{"name":"wp","href":"https:\/\/api.w.org\/{rel}","templated":true}]}}