{"id":95076,"date":"2019-11-12T10:19:27","date_gmt":"2019-11-12T07:19:27","guid":{"rendered":"http:\/\/arantv.az\/?p=95076"},"modified":"2019-11-12T10:19:27","modified_gmt":"2019-11-12T07:19:27","slug":"texniki-problem%c9%99-gor%c9%99-millimizin-futbolcusu-uelsl%c9%99-oyunu-buraxacaq","status":"publish","type":"post","link":"https:\/\/arantv.az\/?p=95076","title":{"rendered":"Texniki problem\u0259 g\u00f6r\u0259 millimizin futbol\u00e7usu Uelsl\u0259 oyunu buraxacaq"},"content":{"rendered":"<p>\u0130spaniyan\u0131n \u201cAlbasete\u201d klubundan Az\u0259rbaycan milli komandas\u0131na d\u0259v\u0259t olunmu\u015f Eddi \u0130srafilov Avro-2020-nin se\u00e7m\u0259 m\u0259rh\u0259l\u0259si \u00e7\u0259r\u00e7iv\u0259sind\u0259 noyabr\u0131n 16-da \u201cBakcell Arena\u201dda ke\u00e7iril\u0259c\u0259k Az\u0259rbaycan \u2013 Uels oyununda i\u015ftirak ed\u0259 bilm\u0259y\u0259c\u0259k.<\/p>\n<p><b>ARANTV.AZ\u00a0<\/b>x\u0259b\u0259r verir ki, onun \u0259v\u0259zin\u0259 millinin hey\u0259tin\u0259 \u201cZir\u0259\u201d klubundan Elvin Camalov \u00e7a\u011f\u0131r\u0131l\u0131b.<\/p>\n<p>\u0130srafilovun milliy\u0259 d\u0259v\u0259t olunmas\u0131 bar\u0259d\u0259 prosedura uy\u011fun qaydada \u201cAlbasete\u201d klubuna g\u00f6nd\u0259rilmi\u015f m\u00fcraci\u0259t m\u0259ktubu il\u0259 ba\u011fl\u0131 texniki problem yarand\u0131\u011f\u0131 \u00fc\u00e7\u00fcn klub futbol\u00e7unun noyabr\u0131n 17-d\u0259n etibar\u0259n Az\u0259rbaycan milli komandas\u0131n\u0131n d\u00fc\u015f\u0259rg\u0259sin\u0259 qo\u015fula bil\u0259c\u0259yini bildirib.<\/p>\n<p>M\u0259s\u0259l\u0259 il\u0259 ba\u011fl\u0131 AFFA t\u0259r\u0259find\u0259n FIFA-ya m\u00fcvafiq qaydada m\u0259lumat verilib. Eddi \u0130srafilov millimizin noyabr\u0131n 19-da s\u0259f\u0259rd\u0259 Slovakiya y\u0131\u011fmas\u0131na qar\u015f\u0131 ke\u00e7ir\u0259c\u0259yi oyun \u00fc\u00e7\u00fcn t\u0259\u015fkil olunacaq t\u0259lim-m\u0259\u015fq toplan\u0131\u015f\u0131nda i\u015ftirak ed\u0259c\u0259k.Oxu.Az<\/p>\n","protected":false},"excerpt":{"rendered":"<p>\u0130spaniyan\u0131n \u201cAlbasete\u201d klubundan Az\u0259rbaycan milli komandas\u0131na d\u0259v\u0259t olunmu\u015f Eddi \u0130srafilov Avro-2020-nin se\u00e7m\u0259 m\u0259rh\u0259l\u0259si \u00e7\u0259r\u00e7iv\u0259sind\u0259 noyabr\u0131n 16-da \u201cBakcell Arena\u201dda ke\u00e7iril\u0259c\u0259k Az\u0259rbaycan \u2013 Uels oyununda i\u015ftirak ed\u0259 bilm\u0259y\u0259c\u0259k. ARANTV.AZ\u00a0x\u0259b\u0259r verir ki, onun \u0259v\u0259zin\u0259 millinin hey\u0259tin\u0259 \u201cZir\u0259\u201d klubundan Elvin Camalov \u00e7a\u011f\u0131r\u0131l\u0131b. \u0130srafilovun milliy\u0259 d\u0259v\u0259t olunmas\u0131 bar\u0259d\u0259 prosedura uy\u011fun qaydada \u201cAlbasete\u201d klubuna g\u00f6nd\u0259rilmi\u015f m\u00fcraci\u0259t m\u0259ktubu il\u0259 ba\u011fl\u0131 texniki problem yarand\u0131\u011f\u0131 \u00fc\u00e7\u00fcn klub futbol\u00e7unun noyabr\u0131n 17-d\u0259n etibar\u0259n Az\u0259rbaycan milli komandas\u0131n\u0131n d\u00fc\u015f\u0259rg\u0259sin\u0259 qo\u015fula bil\u0259c\u0259yini bildirib. M\u0259s\u0259l\u0259 il\u0259 ba\u011fl\u0131 AFFA t\u0259r\u0259find\u0259n FIFA-ya m\u00fcvafiq qaydada m\u0259lumat verilib. Eddi \u0130srafilov millimizin noyabr\u0131n 19-da s\u0259f\u0259rd\u0259 Slovakiya y\u0131\u011fmas\u0131na qar\u015f\u0131 ke\u00e7ir\u0259c\u0259yi oyun&hellip;<\/p>\n","protected":false},"author":2,"featured_media":95077,"comment_status":"closed","ping_status":"closed","sticky":false,"template":"","format":"standard","meta":{"om_disable_all_campaigns":false,"_monsterinsights_skip_tracking":false,"_monsterinsights_sitenote_active":false,"_monsterinsights_sitenote_note":"","_monsterinsights_sitenote_category":0},"categories":[6],"tags":[],"aioseo_notices":[],"gutentor_comment":0,"rttpg_featured_image_url":{"full":["https:\/\/arantv.az\/wp-content\/uploads\/2019\/11\/d4941a4b-9629-4f27-abc8-177d72fb6f67_640.jpg",569,427,false],"landscape":["https:\/\/arantv.az\/wp-content\/uploads\/2019\/11\/d4941a4b-9629-4f27-abc8-177d72fb6f67_640.jpg",569,427,false],"portraits":["https:\/\/arantv.az\/wp-content\/uploads\/2019\/11\/d4941a4b-9629-4f27-abc8-177d72fb6f67_640.jpg",569,427,false],"thumbnail":["https:\/\/arantv.az\/wp-content\/uploads\/2019\/11\/d4941a4b-9629-4f27-abc8-177d72fb6f67_640-150x150.jpg",150,150,true],"medium":["https:\/\/arantv.az\/wp-content\/uploads\/2019\/11\/d4941a4b-9629-4f27-abc8-177d72fb6f67_640-300x225.jpg",300,225,true],"large":["https:\/\/arantv.az\/wp-content\/uploads\/2019\/11\/d4941a4b-9629-4f27-abc8-177d72fb6f67_640.jpg",569,427,false],"1536x1536":["https:\/\/arantv.az\/wp-content\/uploads\/2019\/11\/d4941a4b-9629-4f27-abc8-177d72fb6f67_640.jpg",569,427,false],"2048x2048":["https:\/\/arantv.az\/wp-content\/uploads\/2019\/11\/d4941a4b-9629-4f27-abc8-177d72fb6f67_640.jpg",569,427,false],"post-thumbnail":["https:\/\/arantv.az\/wp-content\/uploads\/2019\/11\/d4941a4b-9629-4f27-abc8-177d72fb6f67_640-240x172.jpg",240,172,true],"advps-thumb-one":["https:\/\/arantv.az\/wp-content\/uploads\/2019\/11\/d4941a4b-9629-4f27-abc8-177d72fb6f67_640.jpg",569,427,false]},"rttpg_author":{"display_name":"V\u00fcsal Rafiqo\u011flu","author_link":"https:\/\/arantv.az\/?author=2"},"rttpg_comment":0,"rttpg_category":"<a href=\"https:\/\/arantv.az\/?cat=6\" rel=\"category\">\u0130dman<\/a>","rttpg_excerpt":"\u0130spaniyan\u0131n \u201cAlbasete\u201d klubundan Az\u0259rbaycan milli komandas\u0131na d\u0259v\u0259t olunmu\u015f Eddi \u0130srafilov Avro-2020-nin se\u00e7m\u0259 m\u0259rh\u0259l\u0259si \u00e7\u0259r\u00e7iv\u0259sind\u0259 noyabr\u0131n 16-da \u201cBakcell Arena\u201dda ke\u00e7iril\u0259c\u0259k Az\u0259rbaycan \u2013 Uels oyununda i\u015ftirak ed\u0259 bilm\u0259y\u0259c\u0259k. ARANTV.AZ\u00a0x\u0259b\u0259r verir ki, onun \u0259v\u0259zin\u0259 millinin hey\u0259tin\u0259 \u201cZir\u0259\u201d klubundan Elvin Camalov \u00e7a\u011f\u0131r\u0131l\u0131b. \u0130srafilovun milliy\u0259 d\u0259v\u0259t olunmas\u0131 bar\u0259d\u0259 prosedura uy\u011fun qaydada \u201cAlbasete\u201d klubuna g\u00f6nd\u0259rilmi\u015f m\u00fcraci\u0259t m\u0259ktubu il\u0259 ba\u011fl\u0131 texniki problem&hellip;","_links":{"self":[{"href":"https:\/\/arantv.az\/index.php?rest_route=\/wp\/v2\/posts\/95076"}],"collection":[{"href":"https:\/\/arantv.az\/index.php?rest_route=\/wp\/v2\/posts"}],"about":[{"href":"https:\/\/arantv.az\/index.php?rest_route=\/wp\/v2\/types\/post"}],"author":[{"embeddable":true,"href":"https:\/\/arantv.az\/index.php?rest_route=\/wp\/v2\/users\/2"}],"replies":[{"embeddable":true,"href":"https:\/\/arantv.az\/index.php?rest_route=%2Fwp%2Fv2%2Fcomments&post=95076"}],"version-history":[{"count":0,"href":"https:\/\/arantv.az\/index.php?rest_route=\/wp\/v2\/posts\/95076\/revisions"}],"wp:featuredmedia":[{"embeddable":true,"href":"https:\/\/arantv.az\/index.php?rest_route=\/wp\/v2\/media\/95077"}],"wp:attachment":[{"href":"https:\/\/arantv.az\/index.php?rest_route=%2Fwp%2Fv2%2Fmedia&parent=95076"}],"wp:term":[{"taxonomy":"category","embeddable":true,"href":"https:\/\/arantv.az\/index.php?rest_route=%2Fwp%2Fv2%2Fcategories&post=95076"},{"taxonomy":"post_tag","embeddable":true,"href":"https:\/\/arantv.az\/index.php?rest_route=%2Fwp%2Fv2%2Ftags&post=95076"}],"curies":[{"name":"wp","href":"https:\/\/api.w.org\/{rel}","templated":true}]}}