{"id":95084,"date":"2019-11-12T10:23:44","date_gmt":"2019-11-12T07:23:44","guid":{"rendered":"http:\/\/arantv.az\/?p=95084"},"modified":"2019-11-12T10:23:44","modified_gmt":"2019-11-12T07:23:44","slug":"ucarda-36-yasli-kisi-kuc%c9%99d%c9%99-q%c9%99tl%c9%99-yetirildi","status":"publish","type":"post","link":"https:\/\/arantv.az\/?p=95084","title":{"rendered":"Ucarda 36 ya\u015fl\u0131 ki\u015fi k\u00fc\u00e7\u0259d\u0259 q\u0259tl\u0259 yetirildi"},"content":{"rendered":"<p><strong>Ucar rayonunda q\u0259tl hadis\u0259si ba\u015f verib.<\/strong><\/p>\n<p><strong>ARANTV.AZ<\/strong>\u00a0<a href=\"https:\/\/az.trend.az\/\" target=\"_blank\" rel=\"noopener\">Trend<\/a>-\u0259 istinad\u0259n x\u0259b\u0259r verir ki, hadis\u0259 rayonun 20 yanvar k\u00fc\u00e7\u0259sind\u0259 qeyd\u0259 al\u0131n\u0131b.<\/p>\n<p>Rayon sakini S\u0259f\u0259rov Nazim \u018fbil o\u011flu h\u0259myerlisi, 1983-c\u00fc il t\u0259v\u0259ll\u00fcdl\u00fc C\u0259bray\u0131lov Abbas Malik o\u011flu il\u0259 m\u00fcbahis\u0259 edib.<\/p>\n<p>M\u00fcbahis\u0259 davaya \u00e7evrilib v\u0259 n\u0259tic\u0259d\u0259 N.S\u0259f\u0259rov \u00fcz\u0259rind\u0259 g\u0259zdirdiyi b\u0131\u00e7aqla A.C\u0259bray\u0131lovu b\u0131\u00e7aqlay\u0131b.<\/p>\n<p>Yaral\u0131 x\u0259st\u0259xanaya \u00e7atd\u0131r\u0131lsa da, onun h\u0259yat\u0131n\u0131 xilas etm\u0259k m\u00fcmk\u00fcn olmay\u0131b.<\/p>\n<p>Faktla ba\u011fl\u0131 cinay\u0259t i\u015fi ba\u015flan\u0131b v\u0259 hadis\u0259ni t\u00f6r\u0259tm\u0259kd\u0259 \u015f\u00fcbh\u0259li bilin\u0259n N.S\u0259f\u0259rov saxlan\u0131l\u0131b.<\/p>\n","protected":false},"excerpt":{"rendered":"<p>Ucar rayonunda q\u0259tl hadis\u0259si ba\u015f verib. ARANTV.AZ\u00a0Trend-\u0259 istinad\u0259n x\u0259b\u0259r verir ki, hadis\u0259 rayonun 20 yanvar k\u00fc\u00e7\u0259sind\u0259 qeyd\u0259 al\u0131n\u0131b. Rayon sakini S\u0259f\u0259rov Nazim \u018fbil o\u011flu h\u0259myerlisi, 1983-c\u00fc il t\u0259v\u0259ll\u00fcdl\u00fc C\u0259bray\u0131lov Abbas Malik o\u011flu il\u0259 m\u00fcbahis\u0259 edib. M\u00fcbahis\u0259 davaya \u00e7evrilib v\u0259 n\u0259tic\u0259d\u0259 N.S\u0259f\u0259rov \u00fcz\u0259rind\u0259 g\u0259zdirdiyi b\u0131\u00e7aqla A.C\u0259bray\u0131lovu b\u0131\u00e7aqlay\u0131b. Yaral\u0131 x\u0259st\u0259xanaya \u00e7atd\u0131r\u0131lsa da, onun h\u0259yat\u0131n\u0131 xilas etm\u0259k m\u00fcmk\u00fcn olmay\u0131b. Faktla ba\u011fl\u0131 cinay\u0259t i\u015fi ba\u015flan\u0131b v\u0259 hadis\u0259ni t\u00f6r\u0259tm\u0259kd\u0259 \u015f\u00fcbh\u0259li bilin\u0259n N.S\u0259f\u0259rov saxlan\u0131l\u0131b.<\/p>\n","protected":false},"author":2,"featured_media":95085,"comment_status":"closed","ping_status":"closed","sticky":false,"template":"","format":"standard","meta":{"om_disable_all_campaigns":false,"_monsterinsights_skip_tracking":false,"_monsterinsights_sitenote_active":false,"_monsterinsights_sitenote_note":"","_monsterinsights_sitenote_category":0},"categories":[3],"tags":[],"aioseo_notices":[],"gutentor_comment":0,"rttpg_featured_image_url":{"full":["https:\/\/arantv.az\/wp-content\/uploads\/2019\/11\/meyid_014444777.jpg",482,361,false],"landscape":["https:\/\/arantv.az\/wp-content\/uploads\/2019\/11\/meyid_014444777.jpg",482,361,false],"portraits":["https:\/\/arantv.az\/wp-content\/uploads\/2019\/11\/meyid_014444777.jpg",482,361,false],"thumbnail":["https:\/\/arantv.az\/wp-content\/uploads\/2019\/11\/meyid_014444777-150x150.jpg",150,150,true],"medium":["https:\/\/arantv.az\/wp-content\/uploads\/2019\/11\/meyid_014444777-300x225.jpg",300,225,true],"large":["https:\/\/arantv.az\/wp-content\/uploads\/2019\/11\/meyid_014444777.jpg",482,361,false],"1536x1536":["https:\/\/arantv.az\/wp-content\/uploads\/2019\/11\/meyid_014444777.jpg",482,361,false],"2048x2048":["https:\/\/arantv.az\/wp-content\/uploads\/2019\/11\/meyid_014444777.jpg",482,361,false],"post-thumbnail":["https:\/\/arantv.az\/wp-content\/uploads\/2019\/11\/meyid_014444777-240x172.jpg",240,172,true],"advps-thumb-one":["https:\/\/arantv.az\/wp-content\/uploads\/2019\/11\/meyid_014444777.jpg",482,361,false]},"rttpg_author":{"display_name":"V\u00fcsal Rafiqo\u011flu","author_link":"https:\/\/arantv.az\/?author=2"},"rttpg_comment":0,"rttpg_category":"<a href=\"https:\/\/arantv.az\/?cat=3\" rel=\"category\">Kriminal<\/a>","rttpg_excerpt":"Ucar rayonunda q\u0259tl hadis\u0259si ba\u015f verib. ARANTV.AZ\u00a0Trend-\u0259 istinad\u0259n x\u0259b\u0259r verir ki, hadis\u0259 rayonun 20 yanvar k\u00fc\u00e7\u0259sind\u0259 qeyd\u0259 al\u0131n\u0131b. Rayon sakini S\u0259f\u0259rov Nazim \u018fbil o\u011flu h\u0259myerlisi, 1983-c\u00fc il t\u0259v\u0259ll\u00fcdl\u00fc C\u0259bray\u0131lov Abbas Malik o\u011flu il\u0259 m\u00fcbahis\u0259 edib. M\u00fcbahis\u0259 davaya \u00e7evrilib v\u0259 n\u0259tic\u0259d\u0259 N.S\u0259f\u0259rov \u00fcz\u0259rind\u0259 g\u0259zdirdiyi b\u0131\u00e7aqla A.C\u0259bray\u0131lovu b\u0131\u00e7aqlay\u0131b. Yaral\u0131 x\u0259st\u0259xanaya \u00e7atd\u0131r\u0131lsa da, onun h\u0259yat\u0131n\u0131 xilas etm\u0259k m\u00fcmk\u00fcn&hellip;","_links":{"self":[{"href":"https:\/\/arantv.az\/index.php?rest_route=\/wp\/v2\/posts\/95084"}],"collection":[{"href":"https:\/\/arantv.az\/index.php?rest_route=\/wp\/v2\/posts"}],"about":[{"href":"https:\/\/arantv.az\/index.php?rest_route=\/wp\/v2\/types\/post"}],"author":[{"embeddable":true,"href":"https:\/\/arantv.az\/index.php?rest_route=\/wp\/v2\/users\/2"}],"replies":[{"embeddable":true,"href":"https:\/\/arantv.az\/index.php?rest_route=%2Fwp%2Fv2%2Fcomments&post=95084"}],"version-history":[{"count":0,"href":"https:\/\/arantv.az\/index.php?rest_route=\/wp\/v2\/posts\/95084\/revisions"}],"wp:featuredmedia":[{"embeddable":true,"href":"https:\/\/arantv.az\/index.php?rest_route=\/wp\/v2\/media\/95085"}],"wp:attachment":[{"href":"https:\/\/arantv.az\/index.php?rest_route=%2Fwp%2Fv2%2Fmedia&parent=95084"}],"wp:term":[{"taxonomy":"category","embeddable":true,"href":"https:\/\/arantv.az\/index.php?rest_route=%2Fwp%2Fv2%2Fcategories&post=95084"},{"taxonomy":"post_tag","embeddable":true,"href":"https:\/\/arantv.az\/index.php?rest_route=%2Fwp%2Fv2%2Ftags&post=95084"}],"curies":[{"name":"wp","href":"https:\/\/api.w.org\/{rel}","templated":true}]}}