{"id":95167,"date":"2019-11-12T11:14:02","date_gmt":"2019-11-12T08:14:02","guid":{"rendered":"http:\/\/arantv.az\/?p=95167"},"modified":"2019-11-12T11:14:02","modified_gmt":"2019-11-12T08:14:02","slug":"f%c9%99rid-s%c9%99fiyev-lavrovun-dedikl%c9%99ri-minsk-qrupu-h%c9%99ms%c9%99drl%c9%99rinin-son-b%c9%99yanatinin-ruhuna-uygun-g%c9%99lmir","status":"publish","type":"post","link":"https:\/\/arantv.az\/?p=95167","title":{"rendered":"F\u0259rid \u015e\u0259fiyev: Lavrovun dedikl\u0259ri Minsk qrupu h\u0259ms\u0259drl\u0259rinin son b\u0259yanat\u0131n\u0131n ruhuna uy\u011fun g\u0259lmir"},"content":{"rendered":"<p>Beyn\u0259lxalq M\u00fcnasib\u0259tl\u0259rin T\u0259hlili M\u0259rk\u0259zinin s\u0259dri F\u0259rid \u015e\u0259fiyev Rusiya Xarici \u0130\u015fl\u0259r naziri Sergey Lavrovun Yerevandak\u0131 a\u00e7\u0131qlamas\u0131n\u0131 \u015f\u0259rh edib.<\/p>\n<p><b>ARANTV.AZ<\/b>-\u0131n m\u0259lumat\u0131na g\u00f6r\u0259, F. \u015e\u0259fiyevin s\u00f6zl\u0259rin\u0259 g\u00f6r\u0259, Sergey Lavrovun Yerevandak\u0131 a\u00e7\u0131qlamalar\u0131 il\u0259 \u0259laq\u0259dar Erm\u0259nistan-Az\u0259rbaycan m\u00fcnaqi\u015f\u0259sinin h\u0259lli il\u0259 ba\u011fl\u0131 baza s\u0259n\u0259dl\u0259rin\u0259, x\u00fcsusil\u0259 Avropa T\u0259hl\u00fck\u0259sizlik v\u0259 \u018fm\u0259kda\u015fl\u0131q M\u00fc\u015favir\u0259sinin (haz\u0131rk\u0131\u00a0AT\u018fT) 1992-ci il mart\u0131n 24-d\u0259 Helsinkid\u0259 q\u0259bul etdiyi q\u0259rara t\u0259krar n\u0259z\u0259r yetirm\u0259k laz\u0131md\u0131r:<\/p>\n<p>\u201cOrada m\u00fc\u0259yy\u0259n edilir ki, m\u00fcnaqi\u015f\u0259nin s\u00fclh yolu il\u0259 h\u0259lli istiqam\u0259tind\u0259 dan\u0131\u015f\u0131qlar\u0131n apar\u0131lmas\u0131 \u00fc\u00e7\u00fcn foruma \u00e7evril\u0259c\u0259k Minsk Konfrans\u0131n\u0131n i\u015ftirak\u00e7\u0131lar\u0131 Az\u0259rbaycan Erm\u0259nistan, Belarus, Almaniya, \u0130taliya, Rusiya, AB\u015e, T\u00fcrkiy\u0259, Fransa, \u00c7exiya, Slovakiya v\u0259 \u0130sve\u00e7dir.<\/p>\n<p>Vacib m\u0259qam olaraq daha sonra qeyd edilir ki, konfrans i\u015ftirak\u00e7\u0131lar\u0131 olan \u00f6lk\u0259l\u0259rl\u0259 m\u0259sl\u0259h\u0259tl\u0259\u015fm\u0259l\u0259r apard\u0131qdan sonra konfrans s\u0259dri t\u0259r\u0259find\u0259n Da\u011fl\u0131q Qaraba\u011f\u0131n se\u00e7ilmi\u015f v\u0259 dig\u0259r n\u00fcmay\u0259nd\u0259l\u0259ri maraql\u0131 t\u0259r\u0259f kimi konfransa d\u0259v\u0259t olunacaq.<\/p>\n<p>M\u00fcnaqi\u015f\u0259d\u0259 t\u0259r\u0259f \u00f6lk\u0259l\u0259r Erm\u0259nistan v\u0259 Az\u0259rbaycand\u0131r. O ki qald\u0131\u00a0Da\u011fl\u0131q Qaraba\u011f\u0131n se\u00e7ilmi\u015f v\u0259 dig\u0259r n\u00fcmay\u0259nd\u0259l\u0259rin\u0259, bu halda onlar regionun az\u0259rbaycanl\u0131 v\u0259 erm\u0259ni icmas\u0131d\u0131r. Onlar ir\u0259lil\u0259yi\u015f olaca\u011f\u0131 t\u0259qdird\u0259 dan\u0131\u015f\u0131qlar prosesin\u0259 c\u0259lb oluna bil\u0259rl\u0259r. Lakin t\u0259\u0259ss\u00fcf ki, haz\u0131rda bu ir\u0259lil\u0259yi\u015f m\u00fc\u015fahid\u0259 edilmir. Bel\u0259likl\u0259, qondarma \u201cDa\u011fl\u0131q Qaraba\u011f xalq\u0131\u201dndan s\u00f6hb\u0259t getmir. Y\u0259ni q\u0259bul edilmi\u015f beyn\u0259lxalq h\u00fcquq s\u0259n\u0259dl\u0259rd\u0259 bu ifad\u0259 m\u00f6vcud deyil\u201d.<\/p>\n<p>S\u0259dr bildirib ki, BMT T\u0259hl\u00fck\u0259sizlik \u015euras\u0131n\u0131n 1993-c\u00fc ild\u0259n q\u0259bul etdiyi v\u0259 h\u00fcquqi \u00f6hd\u0259lik da\u015f\u0131yan d\u00f6rd\u00a0q\u0259tnam\u0259sin\u0259 \u0259sas\u0259n, Da\u011fl\u0131q Qaraba\u011f Az\u0259rbaycan\u0131n ayr\u0131lmaz hiss\u0259sidir:<\/p>\n<p>\u201c2015-ci ild\u0259 Avropa \u0130nsan H\u00fcquqlar\u0131 M\u0259hk\u0259m\u0259si \u201c\u00c7\u0131raqovlar Erm\u0259nistan h\u00f6kum\u0259tin\u0259 qar\u015f\u0131\u201d i\u015fi \u00e7\u0259r\u00e7iv\u0259sind\u0259 q\u0259bul olunmu\u015f q\u0259rarda qeyd olunur ki, Erm\u0259nistan Da\u011fl\u0131q Qaraba\u011f v\u0259 \u0259traf rayonlar \u00fcz\u0259rin\u0259 n\u0259zar\u0259ti h\u0259yata ke\u00e7irir.<\/p>\n<p>Az\u0259rbaycan Prezidenti \u0130lham \u018fliyevin d\u0259f\u0259l\u0259rl\u0259 qeyd etdiyi kimi, m\u00fcnaqi\u015f\u0259nin h\u0259lli, o c\u00fcml\u0259d\u0259n, \u00f6z m\u00fcq\u0259dd\u0259rat\u0131n\u0131 t\u0259yin etm\u0259 h\u00fcququnun icras\u0131 yaln\u0131z Az\u0259rbaycan\u0131n \u0259razi b\u00fct\u00f6vl\u00fcy\u00fc \u00e7\u0259r\u00e7iv\u0259sind\u0259 h\u0259yata ke\u00e7irilm\u0259lidir.<\/p>\n<p>Rusiya Xarici \u0130\u015fl\u0259r naziri Sergey Lavrov t\u0259r\u0259find\u0259n s\u0259sl\u0259ndiril\u0259n, erm\u0259ni t\u0259r\u0259finin u\u011fursuz c\u0259hdl\u0259ri v\u0259 x\u00fcsusil\u0259 Erm\u0259nistan Ba\u015f naziri Nikol Pa\u015finyan\u0131n bu il mart\u0131nda dan\u0131\u015f\u0131qlar format\u0131n\u0131 d\u0259yi\u015fm\u0259kl\u0259 ba\u011fl\u0131 a\u00e7\u0131qlamalar\u0131 il\u0259 uzla\u015fan fikirl\u0259ri vasit\u0259\u00e7ilik missiyas\u0131n\u0131n v\u0259 Rusiya da daxil olmaqla, AT\u018fT-in Minsk qrupu h\u0259ms\u0259drl\u0259rinin son b\u0259yanat\u0131n\u0131n ruhuna uy\u011fun g\u0259lmir\u201d.Oxu.Az<\/p>\n","protected":false},"excerpt":{"rendered":"<p>Beyn\u0259lxalq M\u00fcnasib\u0259tl\u0259rin T\u0259hlili M\u0259rk\u0259zinin s\u0259dri F\u0259rid \u015e\u0259fiyev Rusiya Xarici \u0130\u015fl\u0259r naziri Sergey Lavrovun Yerevandak\u0131 a\u00e7\u0131qlamas\u0131n\u0131 \u015f\u0259rh edib. ARANTV.AZ-\u0131n m\u0259lumat\u0131na g\u00f6r\u0259, F. \u015e\u0259fiyevin s\u00f6zl\u0259rin\u0259 g\u00f6r\u0259, Sergey Lavrovun Yerevandak\u0131 a\u00e7\u0131qlamalar\u0131 il\u0259 \u0259laq\u0259dar Erm\u0259nistan-Az\u0259rbaycan m\u00fcnaqi\u015f\u0259sinin h\u0259lli il\u0259 ba\u011fl\u0131 baza s\u0259n\u0259dl\u0259rin\u0259, x\u00fcsusil\u0259 Avropa T\u0259hl\u00fck\u0259sizlik v\u0259 \u018fm\u0259kda\u015fl\u0131q M\u00fc\u015favir\u0259sinin (haz\u0131rk\u0131\u00a0AT\u018fT) 1992-ci il mart\u0131n 24-d\u0259 Helsinkid\u0259 q\u0259bul etdiyi q\u0259rara t\u0259krar n\u0259z\u0259r yetirm\u0259k laz\u0131md\u0131r: \u201cOrada m\u00fc\u0259yy\u0259n edilir ki, m\u00fcnaqi\u015f\u0259nin s\u00fclh yolu il\u0259 h\u0259lli istiqam\u0259tind\u0259 dan\u0131\u015f\u0131qlar\u0131n apar\u0131lmas\u0131 \u00fc\u00e7\u00fcn foruma \u00e7evril\u0259c\u0259k Minsk Konfrans\u0131n\u0131n i\u015ftirak\u00e7\u0131lar\u0131 Az\u0259rbaycan Erm\u0259nistan, Belarus, Almaniya, \u0130taliya, Rusiya, AB\u015e, T\u00fcrkiy\u0259, Fransa, \u00c7exiya, Slovakiya v\u0259 \u0130sve\u00e7dir. Vacib m\u0259qam olaraq&hellip;<\/p>\n","protected":false},"author":2,"featured_media":95168,"comment_status":"closed","ping_status":"closed","sticky":false,"template":"","format":"standard","meta":{"om_disable_all_campaigns":false,"_monsterinsights_skip_tracking":false,"_monsterinsights_sitenote_active":false,"_monsterinsights_sitenote_note":"","_monsterinsights_sitenote_category":0},"categories":[4],"tags":[],"aioseo_notices":[],"gutentor_comment":0,"rttpg_featured_image_url":{"full":["https:\/\/arantv.az\/wp-content\/uploads\/2019\/11\/feriddd.jpg",620,413,false],"landscape":["https:\/\/arantv.az\/wp-content\/uploads\/2019\/11\/feriddd.jpg",620,413,false],"portraits":["https:\/\/arantv.az\/wp-content\/uploads\/2019\/11\/feriddd.jpg",620,413,false],"thumbnail":["https:\/\/arantv.az\/wp-content\/uploads\/2019\/11\/feriddd-150x150.jpg",150,150,true],"medium":["https:\/\/arantv.az\/wp-content\/uploads\/2019\/11\/feriddd-300x200.jpg",300,200,true],"large":["https:\/\/arantv.az\/wp-content\/uploads\/2019\/11\/feriddd.jpg",620,413,false],"1536x1536":["https:\/\/arantv.az\/wp-content\/uploads\/2019\/11\/feriddd.jpg",620,413,false],"2048x2048":["https:\/\/arantv.az\/wp-content\/uploads\/2019\/11\/feriddd.jpg",620,413,false],"post-thumbnail":["https:\/\/arantv.az\/wp-content\/uploads\/2019\/11\/feriddd-240x172.jpg",240,172,true],"advps-thumb-one":["https:\/\/arantv.az\/wp-content\/uploads\/2019\/11\/feriddd.jpg",620,413,false]},"rttpg_author":{"display_name":"V\u00fcsal Rafiqo\u011flu","author_link":"https:\/\/arantv.az\/?author=2"},"rttpg_comment":0,"rttpg_category":"<a href=\"https:\/\/arantv.az\/?cat=4\" rel=\"category\">Siyas\u0259t<\/a>","rttpg_excerpt":"Beyn\u0259lxalq M\u00fcnasib\u0259tl\u0259rin T\u0259hlili M\u0259rk\u0259zinin s\u0259dri F\u0259rid \u015e\u0259fiyev Rusiya Xarici \u0130\u015fl\u0259r naziri Sergey Lavrovun Yerevandak\u0131 a\u00e7\u0131qlamas\u0131n\u0131 \u015f\u0259rh edib. ARANTV.AZ-\u0131n m\u0259lumat\u0131na g\u00f6r\u0259, F. \u015e\u0259fiyevin s\u00f6zl\u0259rin\u0259 g\u00f6r\u0259, Sergey Lavrovun Yerevandak\u0131 a\u00e7\u0131qlamalar\u0131 il\u0259 \u0259laq\u0259dar Erm\u0259nistan-Az\u0259rbaycan m\u00fcnaqi\u015f\u0259sinin h\u0259lli il\u0259 ba\u011fl\u0131 baza s\u0259n\u0259dl\u0259rin\u0259, x\u00fcsusil\u0259 Avropa T\u0259hl\u00fck\u0259sizlik v\u0259 \u018fm\u0259kda\u015fl\u0131q M\u00fc\u015favir\u0259sinin (haz\u0131rk\u0131\u00a0AT\u018fT) 1992-ci il mart\u0131n 24-d\u0259 Helsinkid\u0259 q\u0259bul etdiyi q\u0259rara t\u0259krar n\u0259z\u0259r yetirm\u0259k&hellip;","_links":{"self":[{"href":"https:\/\/arantv.az\/index.php?rest_route=\/wp\/v2\/posts\/95167"}],"collection":[{"href":"https:\/\/arantv.az\/index.php?rest_route=\/wp\/v2\/posts"}],"about":[{"href":"https:\/\/arantv.az\/index.php?rest_route=\/wp\/v2\/types\/post"}],"author":[{"embeddable":true,"href":"https:\/\/arantv.az\/index.php?rest_route=\/wp\/v2\/users\/2"}],"replies":[{"embeddable":true,"href":"https:\/\/arantv.az\/index.php?rest_route=%2Fwp%2Fv2%2Fcomments&post=95167"}],"version-history":[{"count":0,"href":"https:\/\/arantv.az\/index.php?rest_route=\/wp\/v2\/posts\/95167\/revisions"}],"wp:featuredmedia":[{"embeddable":true,"href":"https:\/\/arantv.az\/index.php?rest_route=\/wp\/v2\/media\/95168"}],"wp:attachment":[{"href":"https:\/\/arantv.az\/index.php?rest_route=%2Fwp%2Fv2%2Fmedia&parent=95167"}],"wp:term":[{"taxonomy":"category","embeddable":true,"href":"https:\/\/arantv.az\/index.php?rest_route=%2Fwp%2Fv2%2Fcategories&post=95167"},{"taxonomy":"post_tag","embeddable":true,"href":"https:\/\/arantv.az\/index.php?rest_route=%2Fwp%2Fv2%2Ftags&post=95167"}],"curies":[{"name":"wp","href":"https:\/\/api.w.org\/{rel}","templated":true}]}}