{"id":95171,"date":"2019-11-12T11:14:54","date_gmt":"2019-11-12T08:14:54","guid":{"rendered":"http:\/\/arantv.az\/?p=95171"},"modified":"2019-11-12T11:14:54","modified_gmt":"2019-11-12T08:14:54","slug":"bas-nazir-milli-m%c9%99clisd%c9%99","status":"publish","type":"post","link":"https:\/\/arantv.az\/?p=95171","title":{"rendered":"Ba\u015f nazir Milli M\u0259clisd\u0259"},"content":{"rendered":"<p>Milli M\u0259clisin bu g\u00fcn ke\u00e7iril\u0259n iclas\u0131nda 2020-ci ilin d\u00f6vl\u0259t b\u00fcdc\u0259 layih\u0259sinin m\u00fczakir\u0259sin\u0259 start verilib.<\/p>\n<p><b>ARANTV.AZ<\/b>-\u0131n m\u0259lumat\u0131na g\u00f6r\u0259, parlament s\u0259dri Oqtay \u018fs\u0259dov iclas\u0131 a\u00e7\u0131b.<\/p>\n<p>O, Konstitusiya G\u00fcn\u00fc m\u00fcnasib\u0259til\u0259 deputatlar\u0131 t\u0259brik edib.<\/p>\n<p>Qeyd ed\u0259k ki, iclasda Ba\u015f nazir \u018fli \u018fs\u0259dov da i\u015ftirak edir.\u00a0Oxu.Az<\/p>\n","protected":false},"excerpt":{"rendered":"<p>Milli M\u0259clisin bu g\u00fcn ke\u00e7iril\u0259n iclas\u0131nda 2020-ci ilin d\u00f6vl\u0259t b\u00fcdc\u0259 layih\u0259sinin m\u00fczakir\u0259sin\u0259 start verilib. ARANTV.AZ-\u0131n m\u0259lumat\u0131na g\u00f6r\u0259, parlament s\u0259dri Oqtay \u018fs\u0259dov iclas\u0131 a\u00e7\u0131b. O, Konstitusiya G\u00fcn\u00fc m\u00fcnasib\u0259til\u0259 deputatlar\u0131 t\u0259brik edib. Qeyd ed\u0259k ki, iclasda Ba\u015f nazir \u018fli \u018fs\u0259dov da i\u015ftirak edir.\u00a0Oxu.Az<\/p>\n","protected":false},"author":2,"featured_media":95172,"comment_status":"closed","ping_status":"closed","sticky":false,"template":"","format":"standard","meta":{"om_disable_all_campaigns":false,"_monsterinsights_skip_tracking":false,"_monsterinsights_sitenote_active":false,"_monsterinsights_sitenote_note":"","_monsterinsights_sitenote_category":0},"categories":[4],"tags":[],"aioseo_notices":[],"gutentor_comment":0,"rttpg_featured_image_url":{"full":["https:\/\/arantv.az\/wp-content\/uploads\/2019\/11\/thumbs_b_c_67c8ea052f4ca1a1339848cb8aca6933.jpg",620,371,false],"landscape":["https:\/\/arantv.az\/wp-content\/uploads\/2019\/11\/thumbs_b_c_67c8ea052f4ca1a1339848cb8aca6933.jpg",620,371,false],"portraits":["https:\/\/arantv.az\/wp-content\/uploads\/2019\/11\/thumbs_b_c_67c8ea052f4ca1a1339848cb8aca6933.jpg",620,371,false],"thumbnail":["https:\/\/arantv.az\/wp-content\/uploads\/2019\/11\/thumbs_b_c_67c8ea052f4ca1a1339848cb8aca6933-150x150.jpg",150,150,true],"medium":["https:\/\/arantv.az\/wp-content\/uploads\/2019\/11\/thumbs_b_c_67c8ea052f4ca1a1339848cb8aca6933-300x180.jpg",300,180,true],"large":["https:\/\/arantv.az\/wp-content\/uploads\/2019\/11\/thumbs_b_c_67c8ea052f4ca1a1339848cb8aca6933.jpg",620,371,false],"1536x1536":["https:\/\/arantv.az\/wp-content\/uploads\/2019\/11\/thumbs_b_c_67c8ea052f4ca1a1339848cb8aca6933.jpg",620,371,false],"2048x2048":["https:\/\/arantv.az\/wp-content\/uploads\/2019\/11\/thumbs_b_c_67c8ea052f4ca1a1339848cb8aca6933.jpg",620,371,false],"post-thumbnail":["https:\/\/arantv.az\/wp-content\/uploads\/2019\/11\/thumbs_b_c_67c8ea052f4ca1a1339848cb8aca6933-240x172.jpg",240,172,true],"advps-thumb-one":["https:\/\/arantv.az\/wp-content\/uploads\/2019\/11\/thumbs_b_c_67c8ea052f4ca1a1339848cb8aca6933.jpg",620,371,false]},"rttpg_author":{"display_name":"V\u00fcsal Rafiqo\u011flu","author_link":"https:\/\/arantv.az\/?author=2"},"rttpg_comment":0,"rttpg_category":"<a href=\"https:\/\/arantv.az\/?cat=4\" rel=\"category\">Siyas\u0259t<\/a>","rttpg_excerpt":"Milli M\u0259clisin bu g\u00fcn ke\u00e7iril\u0259n iclas\u0131nda 2020-ci ilin d\u00f6vl\u0259t b\u00fcdc\u0259 layih\u0259sinin m\u00fczakir\u0259sin\u0259 start verilib. ARANTV.AZ-\u0131n m\u0259lumat\u0131na g\u00f6r\u0259, parlament s\u0259dri Oqtay \u018fs\u0259dov iclas\u0131 a\u00e7\u0131b. O, Konstitusiya G\u00fcn\u00fc m\u00fcnasib\u0259til\u0259 deputatlar\u0131 t\u0259brik edib. Qeyd ed\u0259k ki, iclasda Ba\u015f nazir \u018fli \u018fs\u0259dov da i\u015ftirak edir.\u00a0Oxu.Az","_links":{"self":[{"href":"https:\/\/arantv.az\/index.php?rest_route=\/wp\/v2\/posts\/95171"}],"collection":[{"href":"https:\/\/arantv.az\/index.php?rest_route=\/wp\/v2\/posts"}],"about":[{"href":"https:\/\/arantv.az\/index.php?rest_route=\/wp\/v2\/types\/post"}],"author":[{"embeddable":true,"href":"https:\/\/arantv.az\/index.php?rest_route=\/wp\/v2\/users\/2"}],"replies":[{"embeddable":true,"href":"https:\/\/arantv.az\/index.php?rest_route=%2Fwp%2Fv2%2Fcomments&post=95171"}],"version-history":[{"count":0,"href":"https:\/\/arantv.az\/index.php?rest_route=\/wp\/v2\/posts\/95171\/revisions"}],"wp:featuredmedia":[{"embeddable":true,"href":"https:\/\/arantv.az\/index.php?rest_route=\/wp\/v2\/media\/95172"}],"wp:attachment":[{"href":"https:\/\/arantv.az\/index.php?rest_route=%2Fwp%2Fv2%2Fmedia&parent=95171"}],"wp:term":[{"taxonomy":"category","embeddable":true,"href":"https:\/\/arantv.az\/index.php?rest_route=%2Fwp%2Fv2%2Fcategories&post=95171"},{"taxonomy":"post_tag","embeddable":true,"href":"https:\/\/arantv.az\/index.php?rest_route=%2Fwp%2Fv2%2Ftags&post=95171"}],"curies":[{"name":"wp","href":"https:\/\/api.w.org\/{rel}","templated":true}]}}