{"id":95175,"date":"2019-11-12T11:16:04","date_gmt":"2019-11-12T08:16:04","guid":{"rendered":"http:\/\/arantv.az\/?p=95175"},"modified":"2019-11-12T11:16:04","modified_gmt":"2019-11-12T08:16:04","slug":"az%c9%99rbaycan-aspa-nin-komit%c9%99-iclaslarinda-t%c9%99msil-olunacaq","status":"publish","type":"post","link":"https:\/\/arantv.az\/?p=95175","title":{"rendered":"Az\u0259rbaycan A\u015ePA-n\u0131n komit\u0259 iclaslar\u0131nda t\u0259msil olunacaq"},"content":{"rendered":"<p>Milli M\u0259clisin Beyn\u0259lxalq m\u00fcnasib\u0259tl\u0259r v\u0259 parlamentl\u0259raras\u0131 \u0259laq\u0259l\u0259r komit\u0259sinin s\u0259dri S\u0259m\u0259d Seyidov Avropa \u015euras\u0131 Parlament Assambleyas\u0131n\u0131n Siyasi i\u015fl\u0259r v\u0259 demokratiya, H\u00fcquqi m\u0259s\u0259l\u0259l\u0259r v\u0259 insan h\u00fcquqlar\u0131 komit\u0259l\u0259rinin iclaslar\u0131nda i\u015ftirak etm\u0259k \u00fc\u00e7\u00fcn noyabr\u0131n 13-d\u0259 Almaniyan\u0131n paytaxt\u0131 Berlin \u015f\u0259h\u0259rin\u0259 s\u0259f\u0259r\u0259 ged\u0259c\u0259k.<\/p>\n<p><strong>ARANTV.AZ\u00a0<\/strong>\u00a0<a href=\"https:\/\/az.trend.az\/\" target=\"_blank\" rel=\"noopener\">Trend<\/a>-\u0259 istinad\u0259n x\u0259b\u0259r verir ki, toplant\u0131da quruma \u00fczv \u00f6lk\u0259l\u0259r aras\u0131nda m\u00fcxt\u0259lif sah\u0259l\u0259rd\u0259 \u0259m\u0259kda\u015fl\u0131\u011f\u0131n inki\u015faf etdirilm\u0259si v\u0259 diq\u0259r aktual m\u0259s\u0259l\u0259l\u0259r m\u00fczakir\u0259 olunacaq.<\/p>\n<p>Deputat\u0131m\u0131z qat\u0131ld\u0131\u011f\u0131 t\u0259dbirl\u0259rd\u0259 m\u00fczakir\u0259 olunacaq m\u0259s\u0259l\u0259l\u0259r bar\u0259d\u0259 \u00f6z fikirl\u0259rini bildir\u0259c\u0259k.<\/p>\n<p>S\u0259f\u0259r noyabr\u0131n 16-da ba\u015fa \u00e7atacaq.<\/p>\n","protected":false},"excerpt":{"rendered":"<p>Milli M\u0259clisin Beyn\u0259lxalq m\u00fcnasib\u0259tl\u0259r v\u0259 parlamentl\u0259raras\u0131 \u0259laq\u0259l\u0259r komit\u0259sinin s\u0259dri S\u0259m\u0259d Seyidov Avropa \u015euras\u0131 Parlament Assambleyas\u0131n\u0131n Siyasi i\u015fl\u0259r v\u0259 demokratiya, H\u00fcquqi m\u0259s\u0259l\u0259l\u0259r v\u0259 insan h\u00fcquqlar\u0131 komit\u0259l\u0259rinin iclaslar\u0131nda i\u015ftirak etm\u0259k \u00fc\u00e7\u00fcn noyabr\u0131n 13-d\u0259 Almaniyan\u0131n paytaxt\u0131 Berlin \u015f\u0259h\u0259rin\u0259 s\u0259f\u0259r\u0259 ged\u0259c\u0259k. ARANTV.AZ\u00a0\u00a0Trend-\u0259 istinad\u0259n x\u0259b\u0259r verir ki, toplant\u0131da quruma \u00fczv \u00f6lk\u0259l\u0259r aras\u0131nda m\u00fcxt\u0259lif sah\u0259l\u0259rd\u0259 \u0259m\u0259kda\u015fl\u0131\u011f\u0131n inki\u015faf etdirilm\u0259si v\u0259 diq\u0259r aktual m\u0259s\u0259l\u0259l\u0259r m\u00fczakir\u0259 olunacaq. Deputat\u0131m\u0131z qat\u0131ld\u0131\u011f\u0131 t\u0259dbirl\u0259rd\u0259 m\u00fczakir\u0259 olunacaq m\u0259s\u0259l\u0259l\u0259r bar\u0259d\u0259 \u00f6z fikirl\u0259rini bildir\u0259c\u0259k. S\u0259f\u0259r noyabr\u0131n 16-da ba\u015fa \u00e7atacaq.<\/p>\n","protected":false},"author":2,"featured_media":95176,"comment_status":"closed","ping_status":"closed","sticky":false,"template":"","format":"standard","meta":{"om_disable_all_campaigns":false,"_monsterinsights_skip_tracking":false,"_monsterinsights_sitenote_active":false,"_monsterinsights_sitenote_note":"","_monsterinsights_sitenote_category":0},"categories":[4],"tags":[],"aioseo_notices":[],"gutentor_comment":0,"rttpg_featured_image_url":{"full":["https:\/\/arantv.az\/wp-content\/uploads\/2019\/11\/aspa_2dj_2577_257676.jpg",800,600,false],"landscape":["https:\/\/arantv.az\/wp-content\/uploads\/2019\/11\/aspa_2dj_2577_257676.jpg",800,600,false],"portraits":["https:\/\/arantv.az\/wp-content\/uploads\/2019\/11\/aspa_2dj_2577_257676.jpg",800,600,false],"thumbnail":["https:\/\/arantv.az\/wp-content\/uploads\/2019\/11\/aspa_2dj_2577_257676-150x150.jpg",150,150,true],"medium":["https:\/\/arantv.az\/wp-content\/uploads\/2019\/11\/aspa_2dj_2577_257676-300x225.jpg",300,225,true],"large":["https:\/\/arantv.az\/wp-content\/uploads\/2019\/11\/aspa_2dj_2577_257676.jpg",640,480,false],"1536x1536":["https:\/\/arantv.az\/wp-content\/uploads\/2019\/11\/aspa_2dj_2577_257676.jpg",800,600,false],"2048x2048":["https:\/\/arantv.az\/wp-content\/uploads\/2019\/11\/aspa_2dj_2577_257676.jpg",800,600,false],"post-thumbnail":["https:\/\/arantv.az\/wp-content\/uploads\/2019\/11\/aspa_2dj_2577_257676-240x172.jpg",240,172,true],"advps-thumb-one":["https:\/\/arantv.az\/wp-content\/uploads\/2019\/11\/aspa_2dj_2577_257676.jpg",800,600,false]},"rttpg_author":{"display_name":"V\u00fcsal Rafiqo\u011flu","author_link":"https:\/\/arantv.az\/?author=2"},"rttpg_comment":0,"rttpg_category":"<a href=\"https:\/\/arantv.az\/?cat=4\" rel=\"category\">Siyas\u0259t<\/a>","rttpg_excerpt":"Milli M\u0259clisin Beyn\u0259lxalq m\u00fcnasib\u0259tl\u0259r v\u0259 parlamentl\u0259raras\u0131 \u0259laq\u0259l\u0259r komit\u0259sinin s\u0259dri S\u0259m\u0259d Seyidov Avropa \u015euras\u0131 Parlament Assambleyas\u0131n\u0131n Siyasi i\u015fl\u0259r v\u0259 demokratiya, H\u00fcquqi m\u0259s\u0259l\u0259l\u0259r v\u0259 insan h\u00fcquqlar\u0131 komit\u0259l\u0259rinin iclaslar\u0131nda i\u015ftirak etm\u0259k \u00fc\u00e7\u00fcn noyabr\u0131n 13-d\u0259 Almaniyan\u0131n paytaxt\u0131 Berlin \u015f\u0259h\u0259rin\u0259 s\u0259f\u0259r\u0259 ged\u0259c\u0259k. ARANTV.AZ\u00a0\u00a0Trend-\u0259 istinad\u0259n x\u0259b\u0259r verir ki, toplant\u0131da quruma \u00fczv \u00f6lk\u0259l\u0259r aras\u0131nda m\u00fcxt\u0259lif sah\u0259l\u0259rd\u0259 \u0259m\u0259kda\u015fl\u0131\u011f\u0131n inki\u015faf etdirilm\u0259si v\u0259 diq\u0259r aktual&hellip;","_links":{"self":[{"href":"https:\/\/arantv.az\/index.php?rest_route=\/wp\/v2\/posts\/95175"}],"collection":[{"href":"https:\/\/arantv.az\/index.php?rest_route=\/wp\/v2\/posts"}],"about":[{"href":"https:\/\/arantv.az\/index.php?rest_route=\/wp\/v2\/types\/post"}],"author":[{"embeddable":true,"href":"https:\/\/arantv.az\/index.php?rest_route=\/wp\/v2\/users\/2"}],"replies":[{"embeddable":true,"href":"https:\/\/arantv.az\/index.php?rest_route=%2Fwp%2Fv2%2Fcomments&post=95175"}],"version-history":[{"count":0,"href":"https:\/\/arantv.az\/index.php?rest_route=\/wp\/v2\/posts\/95175\/revisions"}],"wp:featuredmedia":[{"embeddable":true,"href":"https:\/\/arantv.az\/index.php?rest_route=\/wp\/v2\/media\/95176"}],"wp:attachment":[{"href":"https:\/\/arantv.az\/index.php?rest_route=%2Fwp%2Fv2%2Fmedia&parent=95175"}],"wp:term":[{"taxonomy":"category","embeddable":true,"href":"https:\/\/arantv.az\/index.php?rest_route=%2Fwp%2Fv2%2Fcategories&post=95175"},{"taxonomy":"post_tag","embeddable":true,"href":"https:\/\/arantv.az\/index.php?rest_route=%2Fwp%2Fv2%2Ftags&post=95175"}],"curies":[{"name":"wp","href":"https:\/\/api.w.org\/{rel}","templated":true}]}}