{"id":95188,"date":"2019-11-12T11:26:27","date_gmt":"2019-11-12T08:26:27","guid":{"rendered":"http:\/\/arantv.az\/?p=95188"},"modified":"2019-11-12T11:26:27","modified_gmt":"2019-11-12T08:26:27","slug":"az%c9%99rbaycanda-qeyri-adi-firildaq-sosial-yardim-almaq-ucun-5-usaq-atasi","status":"publish","type":"post","link":"https:\/\/arantv.az\/?p=95188","title":{"rendered":"Az\u0259rbaycanda qeyri-adi f\u0131r\u0131ldaq &#8211; Sosial yard\u0131m almaq \u00fc\u00e7\u00fcn 5 u\u015faq atas\u0131\u2026."},"content":{"rendered":"<p>Az\u0259rbaycanda 5 u\u015faq atas\u0131 sosial yard\u0131m almaq \u00fc\u00e7\u00fcn icra hakimiyy\u0259tinin ona verdiyi 6 sot torpa\u011f\u0131 qarda\u015f\u0131n\u0131n ad\u0131na ke\u00e7irib.<\/p>\n<p><b>ARANTV.AZ\u00a0<\/b>\u00a0x\u0259b\u0259r verir ki, X\u0259z\u0259r televiziyas\u0131nda yay\u0131mlanan v\u0259 Xo\u015fq\u0259d\u0259m Hiday\u0259tq\u0131z\u0131n\u0131n apar\u0131c\u0131l\u0131q etdiyi &#8220;S\u0259ni axtar\u0131ram&#8221; verili\u015find\u0259 m\u0259lumat verilib.<\/p>\n<div><\/div>\n<p>5 u\u015fa\u011f\u0131 il\u0259 verli\u015f\u0259 m\u00fcraci\u0259t ed\u0259n 27 ya\u015fl\u0131 \u0130nay\u0259t Quliyevin yalan\u0131 ortaya \u00e7\u0131x\u0131b.<\/p>\n<p>Verili\u015f\u0259 ba\u011flanan B\u0259rd\u0259 Rayon \u0130cra Hakimiyy\u0259tinin ba\u015f\u00e7\u0131s\u0131 Vidadi \u0130sayev bildirib ki, Hiday\u0259t Quliyev\u0259 6 sot torpaq verilib: &#8220;O, atas\u0131 v\u0259 qarda\u015f\u0131 il\u0259 birlikd\u0259 ya\u015fay\u0131rd\u0131. Yola ged\u0259 bilm\u0259diyin\u0259 g\u00f6r\u0259 Hiday\u0259t Quliyevi evd\u0259n \u00e7\u0131x\u0131r\u0131b. O, 2 sot torpa\u011f\u0131 olan ev al\u0131b. Bir il \u0259rzind\u0259 Hiday\u0259t Quliyev biz\u0259 m\u00fcraci\u0259t etm\u0259yib&#8221;.Sonxeber.az<\/p>\n","protected":false},"excerpt":{"rendered":"<p>Az\u0259rbaycanda 5 u\u015faq atas\u0131 sosial yard\u0131m almaq \u00fc\u00e7\u00fcn icra hakimiyy\u0259tinin ona verdiyi 6 sot torpa\u011f\u0131 qarda\u015f\u0131n\u0131n ad\u0131na ke\u00e7irib. ARANTV.AZ\u00a0\u00a0x\u0259b\u0259r verir ki, X\u0259z\u0259r televiziyas\u0131nda yay\u0131mlanan v\u0259 Xo\u015fq\u0259d\u0259m Hiday\u0259tq\u0131z\u0131n\u0131n apar\u0131c\u0131l\u0131q etdiyi &#8220;S\u0259ni axtar\u0131ram&#8221; verili\u015find\u0259 m\u0259lumat verilib. 5 u\u015fa\u011f\u0131 il\u0259 verli\u015f\u0259 m\u00fcraci\u0259t ed\u0259n 27 ya\u015fl\u0131 \u0130nay\u0259t Quliyevin yalan\u0131 ortaya \u00e7\u0131x\u0131b. Verili\u015f\u0259 ba\u011flanan B\u0259rd\u0259 Rayon \u0130cra Hakimiyy\u0259tinin ba\u015f\u00e7\u0131s\u0131 Vidadi \u0130sayev bildirib ki, Hiday\u0259t Quliyev\u0259 6 sot torpaq verilib: &#8220;O, atas\u0131 v\u0259 qarda\u015f\u0131 il\u0259 birlikd\u0259 ya\u015fay\u0131rd\u0131. Yola ged\u0259 bilm\u0259diyin\u0259 g\u00f6r\u0259 Hiday\u0259t Quliyevi evd\u0259n \u00e7\u0131x\u0131r\u0131b. O, 2 sot torpa\u011f\u0131 olan ev al\u0131b. Bir il \u0259rzind\u0259 Hiday\u0259t&hellip;<\/p>\n","protected":false},"author":2,"featured_media":95189,"comment_status":"closed","ping_status":"closed","sticky":false,"template":"","format":"standard","meta":{"om_disable_all_campaigns":false,"_monsterinsights_skip_tracking":false,"_monsterinsights_sitenote_active":false,"_monsterinsights_sitenote_note":"","_monsterinsights_sitenote_category":0},"categories":[1],"tags":[],"aioseo_notices":[],"gutentor_comment":0,"rttpg_featured_image_url":{"full":["https:\/\/arantv.az\/wp-content\/uploads\/2019\/11\/157354566423.png",519,296,false],"landscape":["https:\/\/arantv.az\/wp-content\/uploads\/2019\/11\/157354566423.png",519,296,false],"portraits":["https:\/\/arantv.az\/wp-content\/uploads\/2019\/11\/157354566423.png",519,296,false],"thumbnail":["https:\/\/arantv.az\/wp-content\/uploads\/2019\/11\/157354566423-150x150.png",150,150,true],"medium":["https:\/\/arantv.az\/wp-content\/uploads\/2019\/11\/157354566423-300x171.png",300,171,true],"large":["https:\/\/arantv.az\/wp-content\/uploads\/2019\/11\/157354566423.png",519,296,false],"1536x1536":["https:\/\/arantv.az\/wp-content\/uploads\/2019\/11\/157354566423.png",519,296,false],"2048x2048":["https:\/\/arantv.az\/wp-content\/uploads\/2019\/11\/157354566423.png",519,296,false],"post-thumbnail":["https:\/\/arantv.az\/wp-content\/uploads\/2019\/11\/157354566423-240x172.png",240,172,true],"advps-thumb-one":["https:\/\/arantv.az\/wp-content\/uploads\/2019\/11\/157354566423.png",519,296,false]},"rttpg_author":{"display_name":"V\u00fcsal Rafiqo\u011flu","author_link":"https:\/\/arantv.az\/?author=2"},"rttpg_comment":0,"rttpg_category":"<a href=\"https:\/\/arantv.az\/?cat=1\" rel=\"category\">C\u0259miyy\u0259t<\/a>","rttpg_excerpt":"Az\u0259rbaycanda 5 u\u015faq atas\u0131 sosial yard\u0131m almaq \u00fc\u00e7\u00fcn icra hakimiyy\u0259tinin ona verdiyi 6 sot torpa\u011f\u0131 qarda\u015f\u0131n\u0131n ad\u0131na ke\u00e7irib. ARANTV.AZ\u00a0\u00a0x\u0259b\u0259r verir ki, X\u0259z\u0259r televiziyas\u0131nda yay\u0131mlanan v\u0259 Xo\u015fq\u0259d\u0259m Hiday\u0259tq\u0131z\u0131n\u0131n apar\u0131c\u0131l\u0131q etdiyi &#8220;S\u0259ni axtar\u0131ram&#8221; verili\u015find\u0259 m\u0259lumat verilib. 5 u\u015fa\u011f\u0131 il\u0259 verli\u015f\u0259 m\u00fcraci\u0259t ed\u0259n 27 ya\u015fl\u0131 \u0130nay\u0259t Quliyevin yalan\u0131 ortaya \u00e7\u0131x\u0131b. Verili\u015f\u0259 ba\u011flanan B\u0259rd\u0259 Rayon \u0130cra Hakimiyy\u0259tinin ba\u015f\u00e7\u0131s\u0131 Vidadi&hellip;","_links":{"self":[{"href":"https:\/\/arantv.az\/index.php?rest_route=\/wp\/v2\/posts\/95188"}],"collection":[{"href":"https:\/\/arantv.az\/index.php?rest_route=\/wp\/v2\/posts"}],"about":[{"href":"https:\/\/arantv.az\/index.php?rest_route=\/wp\/v2\/types\/post"}],"author":[{"embeddable":true,"href":"https:\/\/arantv.az\/index.php?rest_route=\/wp\/v2\/users\/2"}],"replies":[{"embeddable":true,"href":"https:\/\/arantv.az\/index.php?rest_route=%2Fwp%2Fv2%2Fcomments&post=95188"}],"version-history":[{"count":0,"href":"https:\/\/arantv.az\/index.php?rest_route=\/wp\/v2\/posts\/95188\/revisions"}],"wp:featuredmedia":[{"embeddable":true,"href":"https:\/\/arantv.az\/index.php?rest_route=\/wp\/v2\/media\/95189"}],"wp:attachment":[{"href":"https:\/\/arantv.az\/index.php?rest_route=%2Fwp%2Fv2%2Fmedia&parent=95188"}],"wp:term":[{"taxonomy":"category","embeddable":true,"href":"https:\/\/arantv.az\/index.php?rest_route=%2Fwp%2Fv2%2Fcategories&post=95188"},{"taxonomy":"post_tag","embeddable":true,"href":"https:\/\/arantv.az\/index.php?rest_route=%2Fwp%2Fv2%2Ftags&post=95188"}],"curies":[{"name":"wp","href":"https:\/\/api.w.org\/{rel}","templated":true}]}}