{"id":95263,"date":"2019-11-12T13:11:21","date_gmt":"2019-11-12T10:11:21","guid":{"rendered":"http:\/\/arantv.az\/?p=95263"},"modified":"2019-11-12T13:11:21","modified_gmt":"2019-11-12T10:11:21","slug":"deputat-m%c9%99murlarin-g%c9%99lir-deklarasiyasi-il%c9%99-bagli-bas-nazird%c9%99n-xahis-etdi","status":"publish","type":"post","link":"https:\/\/arantv.az\/?p=95263","title":{"rendered":"Deputat m\u0259murlar\u0131n g\u0259lir deklarasiyas\u0131 il\u0259 ba\u011fl\u0131 Ba\u015f nazird\u0259n xahi\u015f etdi"},"content":{"rendered":"<p>Az\u0259rbaycan\u0131n 2020-ci ilin d\u00f6vl\u0259t b\u00fcdc\u0259si, makroiqtisadi g\u00f6st\u0259ricil\u0259r n\u0259z\u0259r\u0259 al\u0131nmaqla, m\u00fcsb\u0259tdir.<\/p>\n<p><b>ARANTV.AZ<\/b>-\u0131n m\u0259lumat\u0131na g\u00f6r\u0259, bunu Milli M\u0259clisin iclas\u0131nda deputat Vahid \u018fhm\u0259dov deyib.<\/p>\n<p>Deputat bildirib ki, b\u00fcdc\u0259 g\u0259lirl\u0259rind\u0259 torpaq, \u0259mlak, yol vergil\u0259rinin \u0259sasl\u0131 olmad\u0131\u011f\u0131 g\u00f6st\u0259rilib.<\/p>\n<div id=\"AdviadNativeVideo0\" class=\"AdviadNativeVideo\"><\/div>\n<p>O bidirib ki, yeddi\u00a0il m\u00fcdd\u0259tin\u0259 h\u0259min s\u0259naye parklar\u0131 vergid\u0259n azad edilib:<\/p>\n<p>\u201cAmma bax\u0131r\u0131q ki, \u0130qtisadiyyat naziri daha \u00fc\u00e7\u00a0il h\u0259min s\u0259naye parklar\u0131n\u0131 vergid\u0259n azad etm\u0259k ist\u0259yir. Hesab edir\u0259m ki, bu yeddi\u00a0il kifay\u0259tdir ki, h\u0259min s\u0259naye parklar\u0131 i\u015fl\u0259sinl\u0259r v\u0259 d\u00f6vl\u0259t b\u00fcdc\u0259sin\u0259 vergi \u00f6d\u0259sinl\u0259r\u201d.<\/p>\n<p>Deputat qeyd edib ki, b\u0259zi m\u00fc\u0259ssis\u0259l\u0259rin g\u0259lirl\u0259ri il\u0259 ba\u011fl\u0131 ara\u015fd\u0131rmalar apar\u0131lmal\u0131d\u0131r.<\/p>\n<p>V.\u018fhm\u0259dov bildirib ki, b\u00fcdc\u0259 x\u0259rcl\u0259rin\u0259 n\u0259zar\u0259t g\u00fccl\u0259ndirilm\u0259lidir.<\/p>\n<p>Deputat m\u0259murlar\u0131n g\u0259lir deklarasiyas\u0131 verm\u0259sinin vacibliyin\u0259 d\u0259 toxunub.<\/p>\n<p>\u201cAmma 10 ildir ki, m\u00fcvafiq normativ s\u0259n\u0259dl\u0259r haz\u0131rlanm\u0131r\u201d, &#8211; dey\u0259 V.\u018fhm\u0259dov \u0259lav\u0259 edib.<\/p>\n<p>\u201cM\u0259n Ba\u015f nazird\u0259n xahi\u015f edir\u0259m ki, o s\u0259n\u0259d haz\u0131rlans\u0131n v\u0259 g\u0259l\u0259n ilin yanvar\u0131ndan q\u00fcvv\u0259y\u0259 minsin\u201d.Oxu.Az<\/p>\n","protected":false},"excerpt":{"rendered":"<p>Az\u0259rbaycan\u0131n 2020-ci ilin d\u00f6vl\u0259t b\u00fcdc\u0259si, makroiqtisadi g\u00f6st\u0259ricil\u0259r n\u0259z\u0259r\u0259 al\u0131nmaqla, m\u00fcsb\u0259tdir. ARANTV.AZ-\u0131n m\u0259lumat\u0131na g\u00f6r\u0259, bunu Milli M\u0259clisin iclas\u0131nda deputat Vahid \u018fhm\u0259dov deyib. Deputat bildirib ki, b\u00fcdc\u0259 g\u0259lirl\u0259rind\u0259 torpaq, \u0259mlak, yol vergil\u0259rinin \u0259sasl\u0131 olmad\u0131\u011f\u0131 g\u00f6st\u0259rilib. O bidirib ki, yeddi\u00a0il m\u00fcdd\u0259tin\u0259 h\u0259min s\u0259naye parklar\u0131 vergid\u0259n azad edilib: \u201cAmma bax\u0131r\u0131q ki, \u0130qtisadiyyat naziri daha \u00fc\u00e7\u00a0il h\u0259min s\u0259naye parklar\u0131n\u0131 vergid\u0259n azad etm\u0259k ist\u0259yir. Hesab edir\u0259m ki, bu yeddi\u00a0il kifay\u0259tdir ki, h\u0259min s\u0259naye parklar\u0131 i\u015fl\u0259sinl\u0259r v\u0259 d\u00f6vl\u0259t b\u00fcdc\u0259sin\u0259 vergi \u00f6d\u0259sinl\u0259r\u201d. Deputat qeyd edib ki, b\u0259zi m\u00fc\u0259ssis\u0259l\u0259rin g\u0259lirl\u0259ri il\u0259 ba\u011fl\u0131 ara\u015fd\u0131rmalar apar\u0131lmal\u0131d\u0131r. V.\u018fhm\u0259dov bildirib ki, b\u00fcdc\u0259 x\u0259rcl\u0259rin\u0259&hellip;<\/p>\n","protected":false},"author":2,"featured_media":95264,"comment_status":"closed","ping_status":"closed","sticky":false,"template":"","format":"standard","meta":{"om_disable_all_campaigns":false,"_monsterinsights_skip_tracking":false,"_monsterinsights_sitenote_active":false,"_monsterinsights_sitenote_note":"","_monsterinsights_sitenote_category":0},"categories":[1],"tags":[],"aioseo_notices":[],"gutentor_comment":0,"rttpg_featured_image_url":{"full":["https:\/\/arantv.az\/wp-content\/uploads\/2019\/11\/Vahid-AHmedov.jpg",620,413,false],"landscape":["https:\/\/arantv.az\/wp-content\/uploads\/2019\/11\/Vahid-AHmedov.jpg",620,413,false],"portraits":["https:\/\/arantv.az\/wp-content\/uploads\/2019\/11\/Vahid-AHmedov.jpg",620,413,false],"thumbnail":["https:\/\/arantv.az\/wp-content\/uploads\/2019\/11\/Vahid-AHmedov-150x150.jpg",150,150,true],"medium":["https:\/\/arantv.az\/wp-content\/uploads\/2019\/11\/Vahid-AHmedov-300x200.jpg",300,200,true],"large":["https:\/\/arantv.az\/wp-content\/uploads\/2019\/11\/Vahid-AHmedov.jpg",620,413,false],"1536x1536":["https:\/\/arantv.az\/wp-content\/uploads\/2019\/11\/Vahid-AHmedov.jpg",620,413,false],"2048x2048":["https:\/\/arantv.az\/wp-content\/uploads\/2019\/11\/Vahid-AHmedov.jpg",620,413,false],"post-thumbnail":["https:\/\/arantv.az\/wp-content\/uploads\/2019\/11\/Vahid-AHmedov-240x172.jpg",240,172,true],"advps-thumb-one":["https:\/\/arantv.az\/wp-content\/uploads\/2019\/11\/Vahid-AHmedov.jpg",620,413,false]},"rttpg_author":{"display_name":"V\u00fcsal Rafiqo\u011flu","author_link":"https:\/\/arantv.az\/?author=2"},"rttpg_comment":0,"rttpg_category":"<a href=\"https:\/\/arantv.az\/?cat=1\" rel=\"category\">C\u0259miyy\u0259t<\/a>","rttpg_excerpt":"Az\u0259rbaycan\u0131n 2020-ci ilin d\u00f6vl\u0259t b\u00fcdc\u0259si, makroiqtisadi g\u00f6st\u0259ricil\u0259r n\u0259z\u0259r\u0259 al\u0131nmaqla, m\u00fcsb\u0259tdir. ARANTV.AZ-\u0131n m\u0259lumat\u0131na g\u00f6r\u0259, bunu Milli M\u0259clisin iclas\u0131nda deputat Vahid \u018fhm\u0259dov deyib. Deputat bildirib ki, b\u00fcdc\u0259 g\u0259lirl\u0259rind\u0259 torpaq, \u0259mlak, yol vergil\u0259rinin \u0259sasl\u0131 olmad\u0131\u011f\u0131 g\u00f6st\u0259rilib. O bidirib ki, yeddi\u00a0il m\u00fcdd\u0259tin\u0259 h\u0259min s\u0259naye parklar\u0131 vergid\u0259n azad edilib: \u201cAmma bax\u0131r\u0131q ki, \u0130qtisadiyyat naziri daha \u00fc\u00e7\u00a0il h\u0259min s\u0259naye parklar\u0131n\u0131 vergid\u0259n&hellip;","_links":{"self":[{"href":"https:\/\/arantv.az\/index.php?rest_route=\/wp\/v2\/posts\/95263"}],"collection":[{"href":"https:\/\/arantv.az\/index.php?rest_route=\/wp\/v2\/posts"}],"about":[{"href":"https:\/\/arantv.az\/index.php?rest_route=\/wp\/v2\/types\/post"}],"author":[{"embeddable":true,"href":"https:\/\/arantv.az\/index.php?rest_route=\/wp\/v2\/users\/2"}],"replies":[{"embeddable":true,"href":"https:\/\/arantv.az\/index.php?rest_route=%2Fwp%2Fv2%2Fcomments&post=95263"}],"version-history":[{"count":0,"href":"https:\/\/arantv.az\/index.php?rest_route=\/wp\/v2\/posts\/95263\/revisions"}],"wp:featuredmedia":[{"embeddable":true,"href":"https:\/\/arantv.az\/index.php?rest_route=\/wp\/v2\/media\/95264"}],"wp:attachment":[{"href":"https:\/\/arantv.az\/index.php?rest_route=%2Fwp%2Fv2%2Fmedia&parent=95263"}],"wp:term":[{"taxonomy":"category","embeddable":true,"href":"https:\/\/arantv.az\/index.php?rest_route=%2Fwp%2Fv2%2Fcategories&post=95263"},{"taxonomy":"post_tag","embeddable":true,"href":"https:\/\/arantv.az\/index.php?rest_route=%2Fwp%2Fv2%2Ftags&post=95263"}],"curies":[{"name":"wp","href":"https:\/\/api.w.org\/{rel}","templated":true}]}}