{"id":95271,"date":"2019-11-12T13:19:01","date_gmt":"2019-11-12T10:19:01","guid":{"rendered":"http:\/\/arantv.az\/?p=95271"},"modified":"2019-11-12T13:19:01","modified_gmt":"2019-11-12T10:19:01","slug":"dumana-gor%c9%99-yukl%c9%99-dolu-zili-son-anda-gordu-qala-yolunda-q%c9%99za","status":"publish","type":"post","link":"https:\/\/arantv.az\/?p=95271","title":{"rendered":"Dumana g\u00f6r\u0259, y\u00fckl\u0259 dolu &#8220;Zil&#8221;i son anda g\u00f6rd\u00fc &#8211; Qala yolunda q\u0259za"},"content":{"rendered":"<p><strong>\u00d6t\u0259n gec\u0259 X\u0259z\u0259r rayonunda a\u011f\u0131r yol-n\u0259qliyyat hadis\u0259si ba\u015f verib.<\/strong><\/p>\n<p><strong>ARANTV.AZ<\/strong>\u00a0<a href=\"https:\/\/az.trend.az\/\" target=\"_blank\" rel=\"noopener\">Trend<\/a>-\u0259 istinad\u0259n x\u0259b\u0259r verir ki, q\u0259za Qala yolunda qeyd\u0259 al\u0131n\u0131b. Bel\u0259 ki, minik avtomobili y\u00fckl\u0259 dolu olan &#8220;Zil 131&#8221; markal\u0131 y\u00fck ma\u015f\u0131n\u0131 il\u0259 toqqu\u015fub.<\/p>\n<p>Ba\u015f yol il\u0259 h\u0259r\u0259k\u0259td\u0259 olan minik avtomobili k\u00f6m\u0259k\u00e7i yoldan \u0259sas yola \u00e7\u0131xan y\u00fck ma\u015f\u0131n\u0131n\u0131 dumanl\u0131 hava s\u0259b\u0259bind\u0259n g\u00f6r\u0259 bilm\u0259yib. N\u0259tic\u0259d\u0259 q\u0259za qa\u00e7\u0131lmaz olub.<\/p>\n<p>X\u0259sar\u0259t alan olmasa da, h\u0259r iki n\u0259qliyyat vasit\u0259sin\u0259 ziyan d\u0259yib.<\/p>\n","protected":false},"excerpt":{"rendered":"<p>\u00d6t\u0259n gec\u0259 X\u0259z\u0259r rayonunda a\u011f\u0131r yol-n\u0259qliyyat hadis\u0259si ba\u015f verib. ARANTV.AZ\u00a0Trend-\u0259 istinad\u0259n x\u0259b\u0259r verir ki, q\u0259za Qala yolunda qeyd\u0259 al\u0131n\u0131b. Bel\u0259 ki, minik avtomobili y\u00fckl\u0259 dolu olan &#8220;Zil 131&#8221; markal\u0131 y\u00fck ma\u015f\u0131n\u0131 il\u0259 toqqu\u015fub. Ba\u015f yol il\u0259 h\u0259r\u0259k\u0259td\u0259 olan minik avtomobili k\u00f6m\u0259k\u00e7i yoldan \u0259sas yola \u00e7\u0131xan y\u00fck ma\u015f\u0131n\u0131n\u0131 dumanl\u0131 hava s\u0259b\u0259bind\u0259n g\u00f6r\u0259 bilm\u0259yib. N\u0259tic\u0259d\u0259 q\u0259za qa\u00e7\u0131lmaz olub. X\u0259sar\u0259t alan olmasa da, h\u0259r iki n\u0259qliyyat vasit\u0259sin\u0259 ziyan d\u0259yib.<\/p>\n","protected":false},"author":2,"featured_media":95272,"comment_status":"closed","ping_status":"closed","sticky":false,"template":"","format":"standard","meta":{"om_disable_all_campaigns":false,"_monsterinsights_skip_tracking":false,"_monsterinsights_sitenote_active":false,"_monsterinsights_sitenote_note":"","_monsterinsights_sitenote_category":0},"categories":[1],"tags":[],"aioseo_notices":[],"gutentor_comment":0,"rttpg_featured_image_url":{"full":["https:\/\/arantv.az\/wp-content\/uploads\/2019\/11\/801670.jpg",800,600,false],"landscape":["https:\/\/arantv.az\/wp-content\/uploads\/2019\/11\/801670.jpg",800,600,false],"portraits":["https:\/\/arantv.az\/wp-content\/uploads\/2019\/11\/801670.jpg",800,600,false],"thumbnail":["https:\/\/arantv.az\/wp-content\/uploads\/2019\/11\/801670-150x150.jpg",150,150,true],"medium":["https:\/\/arantv.az\/wp-content\/uploads\/2019\/11\/801670-300x225.jpg",300,225,true],"large":["https:\/\/arantv.az\/wp-content\/uploads\/2019\/11\/801670.jpg",640,480,false],"1536x1536":["https:\/\/arantv.az\/wp-content\/uploads\/2019\/11\/801670.jpg",800,600,false],"2048x2048":["https:\/\/arantv.az\/wp-content\/uploads\/2019\/11\/801670.jpg",800,600,false],"post-thumbnail":["https:\/\/arantv.az\/wp-content\/uploads\/2019\/11\/801670-240x172.jpg",240,172,true],"advps-thumb-one":["https:\/\/arantv.az\/wp-content\/uploads\/2019\/11\/801670.jpg",800,600,false]},"rttpg_author":{"display_name":"V\u00fcsal Rafiqo\u011flu","author_link":"https:\/\/arantv.az\/?author=2"},"rttpg_comment":0,"rttpg_category":"<a href=\"https:\/\/arantv.az\/?cat=1\" rel=\"category\">C\u0259miyy\u0259t<\/a>","rttpg_excerpt":"\u00d6t\u0259n gec\u0259 X\u0259z\u0259r rayonunda a\u011f\u0131r yol-n\u0259qliyyat hadis\u0259si ba\u015f verib. ARANTV.AZ\u00a0Trend-\u0259 istinad\u0259n x\u0259b\u0259r verir ki, q\u0259za Qala yolunda qeyd\u0259 al\u0131n\u0131b. Bel\u0259 ki, minik avtomobili y\u00fckl\u0259 dolu olan &#8220;Zil 131&#8221; markal\u0131 y\u00fck ma\u015f\u0131n\u0131 il\u0259 toqqu\u015fub. Ba\u015f yol il\u0259 h\u0259r\u0259k\u0259td\u0259 olan minik avtomobili k\u00f6m\u0259k\u00e7i yoldan \u0259sas yola \u00e7\u0131xan y\u00fck ma\u015f\u0131n\u0131n\u0131 dumanl\u0131 hava s\u0259b\u0259bind\u0259n g\u00f6r\u0259 bilm\u0259yib. N\u0259tic\u0259d\u0259 q\u0259za qa\u00e7\u0131lmaz&hellip;","_links":{"self":[{"href":"https:\/\/arantv.az\/index.php?rest_route=\/wp\/v2\/posts\/95271"}],"collection":[{"href":"https:\/\/arantv.az\/index.php?rest_route=\/wp\/v2\/posts"}],"about":[{"href":"https:\/\/arantv.az\/index.php?rest_route=\/wp\/v2\/types\/post"}],"author":[{"embeddable":true,"href":"https:\/\/arantv.az\/index.php?rest_route=\/wp\/v2\/users\/2"}],"replies":[{"embeddable":true,"href":"https:\/\/arantv.az\/index.php?rest_route=%2Fwp%2Fv2%2Fcomments&post=95271"}],"version-history":[{"count":0,"href":"https:\/\/arantv.az\/index.php?rest_route=\/wp\/v2\/posts\/95271\/revisions"}],"wp:featuredmedia":[{"embeddable":true,"href":"https:\/\/arantv.az\/index.php?rest_route=\/wp\/v2\/media\/95272"}],"wp:attachment":[{"href":"https:\/\/arantv.az\/index.php?rest_route=%2Fwp%2Fv2%2Fmedia&parent=95271"}],"wp:term":[{"taxonomy":"category","embeddable":true,"href":"https:\/\/arantv.az\/index.php?rest_route=%2Fwp%2Fv2%2Fcategories&post=95271"},{"taxonomy":"post_tag","embeddable":true,"href":"https:\/\/arantv.az\/index.php?rest_route=%2Fwp%2Fv2%2Ftags&post=95271"}],"curies":[{"name":"wp","href":"https:\/\/api.w.org\/{rel}","templated":true}]}}