{"id":95280,"date":"2019-11-12T13:21:48","date_gmt":"2019-11-12T10:21:48","guid":{"rendered":"http:\/\/arantv.az\/?p=95280"},"modified":"2019-11-12T13:21:48","modified_gmt":"2019-11-12T10:21:48","slug":"%c9%99rdogan-n%c9%99-rusiya-n%c9%99-d%c9%99-abs-terrorculari-suriyadan-cixara-bilib","status":"publish","type":"post","link":"https:\/\/arantv.az\/?p=95280","title":{"rendered":"\u018frdo\u011fan: \u201cN\u0259 Rusiya, n\u0259 d\u0259 AB\u015e terror\u00e7ular\u0131 Suriyadan \u00e7\u0131xara bilib\u201d"},"content":{"rendered":"<blockquote><p><em><strong>Terror t\u0259\u015fkilatlar\u0131 Suriyan\u0131n \u015fimal\u0131ndan \u00e7\u0259kilm\u0259yib, terror\u00e7ular h\u0259l\u0259 d\u0259 b\u00f6lg\u0259d\u0259dir.<\/strong><\/em><\/p><\/blockquote>\n<p><strong>ARANTV.AZ<\/strong>\u00a0 APA-ya istinad\u0259n x\u0259b\u0259r verir ki, bu bar\u0259d\u0259 T\u00fcrkiy\u0259 Prezidenti R\u0259c\u0259b Tayyib \u018frdo\u011fan AB\u015e-a s\u0259f\u0259rind\u0259n \u00f6nc\u0259 hava liman\u0131nda ke\u00e7irdiyi m\u0259tbuat konfrans\u0131nda bildirib.<\/p>\n<p>Onun s\u00f6zl\u0259rin\u0259 g\u00f6r\u0259, m\u00fc\u0259yy\u0259n edilmi\u015f m\u00fcdd\u0259t \u0259rzind\u0259 n\u0259 Rusiya, n\u0259 d\u0259 AB\u015e terror t\u0259\u015fkilatlar\u0131n\u0131 Suriyan\u0131n \u015fimal\u0131ndan \u00e7\u0131xara bilib: &#8220;Bunu AB\u015e Prezidenti Donald Trampla m\u00fczakir\u0259 ed\u0259c\u0259yik. AB\u015e-dan qay\u0131td\u0131qdan sonra is\u0259 Rusiya Prezidenti Vladimir Putinl\u0259 bu bar\u0259d\u0259 dan\u0131\u015f\u0131\u011f\u0131m\u0131z olacaq&#8221;.<\/p>\n<div>\n<div id=\"AdviadNativeVideo0\" class=\"AdviadNativeVideo\"><\/div>\n<\/div>\n<p>T\u00fcrkiy\u0259 Prezidenti Avropa \u0130ttifaq\u0131na (A\u0130) da m\u00fcraci\u0259t edib. O qeyd edib ki, A\u0130 T\u00fcrkiy\u0259y\u0259 verdiyi s\u00f6z\u00fc tutmay\u0131b: &#8220;Dan\u0131\u015f\u0131qlar h\u0259r an ba\u015fa \u00e7ata bil\u0259r. \u018fvv\u0259l d\u0259 dedim, indi d\u0259 deyir\u0259m. Qap\u0131lar\u0131 a\u00e7a bil\u0259rik&#8221;.<\/p>\n","protected":false},"excerpt":{"rendered":"<p>Terror t\u0259\u015fkilatlar\u0131 Suriyan\u0131n \u015fimal\u0131ndan \u00e7\u0259kilm\u0259yib, terror\u00e7ular h\u0259l\u0259 d\u0259 b\u00f6lg\u0259d\u0259dir. ARANTV.AZ\u00a0 APA-ya istinad\u0259n x\u0259b\u0259r verir ki, bu bar\u0259d\u0259 T\u00fcrkiy\u0259 Prezidenti R\u0259c\u0259b Tayyib \u018frdo\u011fan AB\u015e-a s\u0259f\u0259rind\u0259n \u00f6nc\u0259 hava liman\u0131nda ke\u00e7irdiyi m\u0259tbuat konfrans\u0131nda bildirib. Onun s\u00f6zl\u0259rin\u0259 g\u00f6r\u0259, m\u00fc\u0259yy\u0259n edilmi\u015f m\u00fcdd\u0259t \u0259rzind\u0259 n\u0259 Rusiya, n\u0259 d\u0259 AB\u015e terror t\u0259\u015fkilatlar\u0131n\u0131 Suriyan\u0131n \u015fimal\u0131ndan \u00e7\u0131xara bilib: &#8220;Bunu AB\u015e Prezidenti Donald Trampla m\u00fczakir\u0259 ed\u0259c\u0259yik. AB\u015e-dan qay\u0131td\u0131qdan sonra is\u0259 Rusiya Prezidenti Vladimir Putinl\u0259 bu bar\u0259d\u0259 dan\u0131\u015f\u0131\u011f\u0131m\u0131z olacaq&#8221;. T\u00fcrkiy\u0259 Prezidenti Avropa \u0130ttifaq\u0131na (A\u0130) da m\u00fcraci\u0259t edib. O qeyd edib ki, A\u0130 T\u00fcrkiy\u0259y\u0259 verdiyi s\u00f6z\u00fc tutmay\u0131b: &#8220;Dan\u0131\u015f\u0131qlar h\u0259r an ba\u015fa \u00e7ata&hellip;<\/p>\n","protected":false},"author":2,"featured_media":95281,"comment_status":"closed","ping_status":"closed","sticky":false,"template":"","format":"standard","meta":{"om_disable_all_campaigns":false,"_monsterinsights_skip_tracking":false,"_monsterinsights_sitenote_active":false,"_monsterinsights_sitenote_note":"","_monsterinsights_sitenote_category":0},"categories":[7],"tags":[],"aioseo_notices":[],"gutentor_comment":0,"rttpg_featured_image_url":{"full":["https:\/\/arantv.az\/wp-content\/uploads\/2019\/11\/alis_veris_maqazin_0016-1.jpg",800,600,false],"landscape":["https:\/\/arantv.az\/wp-content\/uploads\/2019\/11\/alis_veris_maqazin_0016-1.jpg",800,600,false],"portraits":["https:\/\/arantv.az\/wp-content\/uploads\/2019\/11\/alis_veris_maqazin_0016-1.jpg",800,600,false],"thumbnail":["https:\/\/arantv.az\/wp-content\/uploads\/2019\/11\/alis_veris_maqazin_0016-1-150x150.jpg",150,150,true],"medium":["https:\/\/arantv.az\/wp-content\/uploads\/2019\/11\/alis_veris_maqazin_0016-1-300x225.jpg",300,225,true],"large":["https:\/\/arantv.az\/wp-content\/uploads\/2019\/11\/alis_veris_maqazin_0016-1.jpg",640,480,false],"1536x1536":["https:\/\/arantv.az\/wp-content\/uploads\/2019\/11\/alis_veris_maqazin_0016-1.jpg",800,600,false],"2048x2048":["https:\/\/arantv.az\/wp-content\/uploads\/2019\/11\/alis_veris_maqazin_0016-1.jpg",800,600,false],"post-thumbnail":["https:\/\/arantv.az\/wp-content\/uploads\/2019\/11\/alis_veris_maqazin_0016-1-240x172.jpg",240,172,true],"advps-thumb-one":["https:\/\/arantv.az\/wp-content\/uploads\/2019\/11\/alis_veris_maqazin_0016-1.jpg",800,600,false]},"rttpg_author":{"display_name":"V\u00fcsal Rafiqo\u011flu","author_link":"https:\/\/arantv.az\/?author=2"},"rttpg_comment":0,"rttpg_category":"<a href=\"https:\/\/arantv.az\/?cat=7\" rel=\"category\">D\u00fcnya<\/a>","rttpg_excerpt":"Terror t\u0259\u015fkilatlar\u0131 Suriyan\u0131n \u015fimal\u0131ndan \u00e7\u0259kilm\u0259yib, terror\u00e7ular h\u0259l\u0259 d\u0259 b\u00f6lg\u0259d\u0259dir. ARANTV.AZ\u00a0 APA-ya istinad\u0259n x\u0259b\u0259r verir ki, bu bar\u0259d\u0259 T\u00fcrkiy\u0259 Prezidenti R\u0259c\u0259b Tayyib \u018frdo\u011fan AB\u015e-a s\u0259f\u0259rind\u0259n \u00f6nc\u0259 hava liman\u0131nda ke\u00e7irdiyi m\u0259tbuat konfrans\u0131nda bildirib. Onun s\u00f6zl\u0259rin\u0259 g\u00f6r\u0259, m\u00fc\u0259yy\u0259n edilmi\u015f m\u00fcdd\u0259t \u0259rzind\u0259 n\u0259 Rusiya, n\u0259 d\u0259 AB\u015e terror t\u0259\u015fkilatlar\u0131n\u0131 Suriyan\u0131n \u015fimal\u0131ndan \u00e7\u0131xara bilib: &#8220;Bunu AB\u015e Prezidenti Donald Trampla m\u00fczakir\u0259&hellip;","_links":{"self":[{"href":"https:\/\/arantv.az\/index.php?rest_route=\/wp\/v2\/posts\/95280"}],"collection":[{"href":"https:\/\/arantv.az\/index.php?rest_route=\/wp\/v2\/posts"}],"about":[{"href":"https:\/\/arantv.az\/index.php?rest_route=\/wp\/v2\/types\/post"}],"author":[{"embeddable":true,"href":"https:\/\/arantv.az\/index.php?rest_route=\/wp\/v2\/users\/2"}],"replies":[{"embeddable":true,"href":"https:\/\/arantv.az\/index.php?rest_route=%2Fwp%2Fv2%2Fcomments&post=95280"}],"version-history":[{"count":0,"href":"https:\/\/arantv.az\/index.php?rest_route=\/wp\/v2\/posts\/95280\/revisions"}],"wp:featuredmedia":[{"embeddable":true,"href":"https:\/\/arantv.az\/index.php?rest_route=\/wp\/v2\/media\/95281"}],"wp:attachment":[{"href":"https:\/\/arantv.az\/index.php?rest_route=%2Fwp%2Fv2%2Fmedia&parent=95280"}],"wp:term":[{"taxonomy":"category","embeddable":true,"href":"https:\/\/arantv.az\/index.php?rest_route=%2Fwp%2Fv2%2Fcategories&post=95280"},{"taxonomy":"post_tag","embeddable":true,"href":"https:\/\/arantv.az\/index.php?rest_route=%2Fwp%2Fv2%2Ftags&post=95280"}],"curies":[{"name":"wp","href":"https:\/\/api.w.org\/{rel}","templated":true}]}}