{"id":95285,"date":"2019-11-12T13:22:38","date_gmt":"2019-11-12T10:22:38","guid":{"rendered":"http:\/\/arantv.az\/?p=95285"},"modified":"2019-11-12T13:22:38","modified_gmt":"2019-11-12T10:22:38","slug":"msk-s%c9%99dri-el%c9%99-etm%c9%99liyik-ki-seckil%c9%99rd%c9%99-pozuntular-olmasin","status":"publish","type":"post","link":"https:\/\/arantv.az\/?p=95285","title":{"rendered":"MSK s\u0259dri: &#8220;El\u0259 etm\u0259liyik ki, se\u00e7kil\u0259rd\u0259 pozuntular olmas\u0131n&#8221;"},"content":{"rendered":"<blockquote><p><em><strong>Se\u00e7kil\u0259rd\u0259 imzalar\u0131n v\u0259t\u0259nda\u015f t\u0259r\u0259find\u0259n at\u0131lmamas\u0131, imzan\u0131n v\u0259t\u0259nda\u015f\u0131n \u00f6z\u00fcn\u0259 m\u0259xsus olmamas\u0131 bar\u0259d\u0259 olan iddialarla ba\u011fl\u0131 q\u0259rar m\u0259hk\u0259m\u0259 t\u0259r\u0259find\u0259n verilm\u0259lidir.<\/strong><\/em><\/p><\/blockquote>\n<p><strong>ARANTV.AZ<\/strong>\u00a0\u00a0<a href=\"https:\/\/az.trend.az\/\" target=\"_blank\" rel=\"noopener\">Trend<\/a>-\u0259 istinad\u0259n x\u0259b\u0259r verir ki, bunu &#8220;Se\u00e7ki h\u00fcquqlar\u0131n\u0131n pozulmas\u0131na dair \u015fikay\u0259tl\u0259rin m\u0259hk\u0259m\u0259 qaydas\u0131nda h\u0259lli&#8221; m\u00f6vzusunda seminar-m\u00fc\u015favir\u0259d\u0259 M\u0259rk\u0259zi Se\u00e7ki Komissiyas\u0131n\u0131n (MSK) s\u0259dri M\u0259zahir P\u0259nahov deyib.<\/p>\n<p>O qeyd edib ki, se\u00e7ki h\u00fcquqlar\u0131 il\u0259 ba\u011fl\u0131 i\u015fl\u0259r\u0259 m\u0259hk\u0259m\u0259l\u0259rd\u0259 bax\u0131lmas\u0131 hallar\u0131 b\u00fct\u00fcn sivil \u00f6lk\u0259l\u0259rd\u0259 var v\u0259 biz d\u0259 \u00f6lk\u0259mizd\u0259 bel\u0259 hallar\u0131n olmas\u0131na g\u00f6r\u0259 narahat olmamal\u0131y\u0131q: &#8220;Az\u0259rbaycan Avropa \u00f6lk\u0259l\u0259ri ail\u0259sinin \u00fczv\u00fcd\u00fcr. Bu ail\u0259nin d\u0259 \u00fcmumi t\u0259l\u0259bl\u0259ri v\u0259 qaydalar\u0131 var. Bu qaydalar is\u0259 \u00e7ox sivildir. Az\u0259rbaycan daxilind\u0259 se\u00e7ki prosesl\u0259ri el\u0259 h\u0259yata ke\u00e7irilm\u0259lidir ki, \u00f6lk\u0259 v\u0259t\u0259nda\u015f\u0131n\u0131n Avropa M\u0259hk\u0259m\u0259sin\u0259 \u00e7\u0131xmaq h\u00fcququ pozulmas\u0131n. El\u0259 etm\u0259liyik ki, se\u00e7kil\u0259rd\u0259 pozuntular olmas\u0131n v\u0259 bunlar bizim d\u00f6vl\u0259t\u00e7ilik ideyalar\u0131m\u0131za k\u00f6lg\u0259 salmas\u0131n. \u00dcmumi m\u0259nz\u0259r\u0259d\u0259n bax\u0131larsa, Az\u0259rbaycanda bu istiqam\u0259td\u0259 g\u00f6r\u00fcl\u0259n i\u015fl\u0259rin h\u0259r biri \u00f6z layiqli yerind\u0259dir&#8221;.<\/p>\n<p>M.P\u0259nahov \u0259lav\u0259 edib ki, b\u00fct\u00fcn sah\u0259l\u0259rd\u0259 oldu\u011fu kimi se\u00e7ki sah\u0259sinin d\u0259 n\u0259 q\u0259d\u0259r inki\u015faf etdiyi g\u00f6z qaba\u011f\u0131ndad\u0131r.<\/p>\n","protected":false},"excerpt":{"rendered":"<p>Se\u00e7kil\u0259rd\u0259 imzalar\u0131n v\u0259t\u0259nda\u015f t\u0259r\u0259find\u0259n at\u0131lmamas\u0131, imzan\u0131n v\u0259t\u0259nda\u015f\u0131n \u00f6z\u00fcn\u0259 m\u0259xsus olmamas\u0131 bar\u0259d\u0259 olan iddialarla ba\u011fl\u0131 q\u0259rar m\u0259hk\u0259m\u0259 t\u0259r\u0259find\u0259n verilm\u0259lidir. ARANTV.AZ\u00a0\u00a0Trend-\u0259 istinad\u0259n x\u0259b\u0259r verir ki, bunu &#8220;Se\u00e7ki h\u00fcquqlar\u0131n\u0131n pozulmas\u0131na dair \u015fikay\u0259tl\u0259rin m\u0259hk\u0259m\u0259 qaydas\u0131nda h\u0259lli&#8221; m\u00f6vzusunda seminar-m\u00fc\u015favir\u0259d\u0259 M\u0259rk\u0259zi Se\u00e7ki Komissiyas\u0131n\u0131n (MSK) s\u0259dri M\u0259zahir P\u0259nahov deyib. O qeyd edib ki, se\u00e7ki h\u00fcquqlar\u0131 il\u0259 ba\u011fl\u0131 i\u015fl\u0259r\u0259 m\u0259hk\u0259m\u0259l\u0259rd\u0259 bax\u0131lmas\u0131 hallar\u0131 b\u00fct\u00fcn sivil \u00f6lk\u0259l\u0259rd\u0259 var v\u0259 biz d\u0259 \u00f6lk\u0259mizd\u0259 bel\u0259 hallar\u0131n olmas\u0131na g\u00f6r\u0259 narahat olmamal\u0131y\u0131q: &#8220;Az\u0259rbaycan Avropa \u00f6lk\u0259l\u0259ri ail\u0259sinin \u00fczv\u00fcd\u00fcr. Bu ail\u0259nin d\u0259 \u00fcmumi t\u0259l\u0259bl\u0259ri v\u0259 qaydalar\u0131 var. Bu qaydalar is\u0259 \u00e7ox sivildir. Az\u0259rbaycan daxilind\u0259 se\u00e7ki prosesl\u0259ri&hellip;<\/p>\n","protected":false},"author":2,"featured_media":95286,"comment_status":"closed","ping_status":"closed","sticky":false,"template":"","format":"standard","meta":{"om_disable_all_campaigns":false,"_monsterinsights_skip_tracking":false,"_monsterinsights_sitenote_active":false,"_monsterinsights_sitenote_note":"","_monsterinsights_sitenote_category":0},"categories":[1],"tags":[],"aioseo_notices":[],"gutentor_comment":0,"rttpg_featured_image_url":{"full":["https:\/\/arantv.az\/wp-content\/uploads\/2019\/11\/msk_bina_002-3.jpg",800,600,false],"landscape":["https:\/\/arantv.az\/wp-content\/uploads\/2019\/11\/msk_bina_002-3.jpg",800,600,false],"portraits":["https:\/\/arantv.az\/wp-content\/uploads\/2019\/11\/msk_bina_002-3.jpg",800,600,false],"thumbnail":["https:\/\/arantv.az\/wp-content\/uploads\/2019\/11\/msk_bina_002-3-150x150.jpg",150,150,true],"medium":["https:\/\/arantv.az\/wp-content\/uploads\/2019\/11\/msk_bina_002-3-300x225.jpg",300,225,true],"large":["https:\/\/arantv.az\/wp-content\/uploads\/2019\/11\/msk_bina_002-3.jpg",640,480,false],"1536x1536":["https:\/\/arantv.az\/wp-content\/uploads\/2019\/11\/msk_bina_002-3.jpg",800,600,false],"2048x2048":["https:\/\/arantv.az\/wp-content\/uploads\/2019\/11\/msk_bina_002-3.jpg",800,600,false],"post-thumbnail":["https:\/\/arantv.az\/wp-content\/uploads\/2019\/11\/msk_bina_002-3-240x172.jpg",240,172,true],"advps-thumb-one":["https:\/\/arantv.az\/wp-content\/uploads\/2019\/11\/msk_bina_002-3.jpg",800,600,false]},"rttpg_author":{"display_name":"V\u00fcsal Rafiqo\u011flu","author_link":"https:\/\/arantv.az\/?author=2"},"rttpg_comment":0,"rttpg_category":"<a href=\"https:\/\/arantv.az\/?cat=1\" rel=\"category\">C\u0259miyy\u0259t<\/a>","rttpg_excerpt":"Se\u00e7kil\u0259rd\u0259 imzalar\u0131n v\u0259t\u0259nda\u015f t\u0259r\u0259find\u0259n at\u0131lmamas\u0131, imzan\u0131n v\u0259t\u0259nda\u015f\u0131n \u00f6z\u00fcn\u0259 m\u0259xsus olmamas\u0131 bar\u0259d\u0259 olan iddialarla ba\u011fl\u0131 q\u0259rar m\u0259hk\u0259m\u0259 t\u0259r\u0259find\u0259n verilm\u0259lidir. ARANTV.AZ\u00a0\u00a0Trend-\u0259 istinad\u0259n x\u0259b\u0259r verir ki, bunu &#8220;Se\u00e7ki h\u00fcquqlar\u0131n\u0131n pozulmas\u0131na dair \u015fikay\u0259tl\u0259rin m\u0259hk\u0259m\u0259 qaydas\u0131nda h\u0259lli&#8221; m\u00f6vzusunda seminar-m\u00fc\u015favir\u0259d\u0259 M\u0259rk\u0259zi Se\u00e7ki Komissiyas\u0131n\u0131n (MSK) s\u0259dri M\u0259zahir P\u0259nahov deyib. O qeyd edib ki, se\u00e7ki h\u00fcquqlar\u0131 il\u0259 ba\u011fl\u0131 i\u015fl\u0259r\u0259 m\u0259hk\u0259m\u0259l\u0259rd\u0259 bax\u0131lmas\u0131 hallar\u0131 b\u00fct\u00fcn&hellip;","_links":{"self":[{"href":"https:\/\/arantv.az\/index.php?rest_route=\/wp\/v2\/posts\/95285"}],"collection":[{"href":"https:\/\/arantv.az\/index.php?rest_route=\/wp\/v2\/posts"}],"about":[{"href":"https:\/\/arantv.az\/index.php?rest_route=\/wp\/v2\/types\/post"}],"author":[{"embeddable":true,"href":"https:\/\/arantv.az\/index.php?rest_route=\/wp\/v2\/users\/2"}],"replies":[{"embeddable":true,"href":"https:\/\/arantv.az\/index.php?rest_route=%2Fwp%2Fv2%2Fcomments&post=95285"}],"version-history":[{"count":0,"href":"https:\/\/arantv.az\/index.php?rest_route=\/wp\/v2\/posts\/95285\/revisions"}],"wp:featuredmedia":[{"embeddable":true,"href":"https:\/\/arantv.az\/index.php?rest_route=\/wp\/v2\/media\/95286"}],"wp:attachment":[{"href":"https:\/\/arantv.az\/index.php?rest_route=%2Fwp%2Fv2%2Fmedia&parent=95285"}],"wp:term":[{"taxonomy":"category","embeddable":true,"href":"https:\/\/arantv.az\/index.php?rest_route=%2Fwp%2Fv2%2Fcategories&post=95285"},{"taxonomy":"post_tag","embeddable":true,"href":"https:\/\/arantv.az\/index.php?rest_route=%2Fwp%2Fv2%2Ftags&post=95285"}],"curies":[{"name":"wp","href":"https:\/\/api.w.org\/{rel}","templated":true}]}}