{"id":95293,"date":"2019-11-12T13:24:18","date_gmt":"2019-11-12T10:24:18","guid":{"rendered":"http:\/\/arantv.az\/?p=95293"},"modified":"2019-11-12T13:24:18","modified_gmt":"2019-11-12T10:24:18","slug":"perunun-az%c9%99rbaycandaki-s%c9%99firliyi-baglanir","status":"publish","type":"post","link":"https:\/\/arantv.az\/?p=95293","title":{"rendered":"Perunun Az\u0259rbaycandak\u0131 s\u0259firliyi ba\u011flan\u0131r"},"content":{"rendered":"<p>Perunun Az\u0259rbaycandak\u0131 s\u0259firliyi ba\u011flan\u0131r.<\/p>\n<p>Bu bar\u0259d\u0259 s\u0259firliyin \u201cFacebook\u201d s\u0259hif\u0259sind\u0259 m\u0259lumat verilib.<\/p>\n<div id=\"AdviadNativeVideo0\" class=\"AdviadNativeVideo\"><\/div>\n<p>M\u0259lumatda deyilir:<\/p>\n<p>\u201cS\u0259firliyin ba\u011flanmas\u0131 il\u0259 \u0259laq\u0259dar inzibati prosedurlar ba\u015flan\u0131b v\u0259 konsulluq \u015f\u00f6b\u0259si yaln\u0131z dekabr\u0131n 15-d\u0259k xidm\u0259tl\u0259r t\u0259klif ed\u0259c\u0259k.<\/p>\n<p>Bu tarixd\u0259n sonra b\u00fct\u00fcn m\u00fcraci\u0259tl\u0259r Ankaradak\u0131 s\u0259firliy\u0259 edilm\u0259lidir. Peru s\u0259firliyi 2020-ci il mart\u0131n 1-d\u0259 f\u0259aliyy\u0259tini tamamil\u0259 dayand\u0131racaq\u201d.<\/p>\n","protected":false},"excerpt":{"rendered":"<p>Perunun Az\u0259rbaycandak\u0131 s\u0259firliyi ba\u011flan\u0131r. Bu bar\u0259d\u0259 s\u0259firliyin \u201cFacebook\u201d s\u0259hif\u0259sind\u0259 m\u0259lumat verilib. M\u0259lumatda deyilir: \u201cS\u0259firliyin ba\u011flanmas\u0131 il\u0259 \u0259laq\u0259dar inzibati prosedurlar ba\u015flan\u0131b v\u0259 konsulluq \u015f\u00f6b\u0259si yaln\u0131z dekabr\u0131n 15-d\u0259k xidm\u0259tl\u0259r t\u0259klif ed\u0259c\u0259k. Bu tarixd\u0259n sonra b\u00fct\u00fcn m\u00fcraci\u0259tl\u0259r Ankaradak\u0131 s\u0259firliy\u0259 edilm\u0259lidir. Peru s\u0259firliyi 2020-ci il mart\u0131n 1-d\u0259 f\u0259aliyy\u0259tini tamamil\u0259 dayand\u0131racaq\u201d.<\/p>\n","protected":false},"author":2,"featured_media":95294,"comment_status":"closed","ping_status":"closed","sticky":false,"template":"","format":"standard","meta":{"om_disable_all_campaigns":false,"_monsterinsights_skip_tracking":false,"_monsterinsights_sitenote_active":false,"_monsterinsights_sitenote_note":"","_monsterinsights_sitenote_category":0},"categories":[4],"tags":[],"aioseo_notices":[],"gutentor_comment":0,"rttpg_featured_image_url":{"full":["https:\/\/arantv.az\/wp-content\/uploads\/2019\/11\/flag_of_peru_191214.jpg",620,465,false],"landscape":["https:\/\/arantv.az\/wp-content\/uploads\/2019\/11\/flag_of_peru_191214.jpg",620,465,false],"portraits":["https:\/\/arantv.az\/wp-content\/uploads\/2019\/11\/flag_of_peru_191214.jpg",620,465,false],"thumbnail":["https:\/\/arantv.az\/wp-content\/uploads\/2019\/11\/flag_of_peru_191214-150x150.jpg",150,150,true],"medium":["https:\/\/arantv.az\/wp-content\/uploads\/2019\/11\/flag_of_peru_191214-300x225.jpg",300,225,true],"large":["https:\/\/arantv.az\/wp-content\/uploads\/2019\/11\/flag_of_peru_191214.jpg",620,465,false],"1536x1536":["https:\/\/arantv.az\/wp-content\/uploads\/2019\/11\/flag_of_peru_191214.jpg",620,465,false],"2048x2048":["https:\/\/arantv.az\/wp-content\/uploads\/2019\/11\/flag_of_peru_191214.jpg",620,465,false],"post-thumbnail":["https:\/\/arantv.az\/wp-content\/uploads\/2019\/11\/flag_of_peru_191214-240x172.jpg",240,172,true],"advps-thumb-one":["https:\/\/arantv.az\/wp-content\/uploads\/2019\/11\/flag_of_peru_191214.jpg",620,465,false]},"rttpg_author":{"display_name":"V\u00fcsal Rafiqo\u011flu","author_link":"https:\/\/arantv.az\/?author=2"},"rttpg_comment":0,"rttpg_category":"<a href=\"https:\/\/arantv.az\/?cat=4\" rel=\"category\">Siyas\u0259t<\/a>","rttpg_excerpt":"Perunun Az\u0259rbaycandak\u0131 s\u0259firliyi ba\u011flan\u0131r. Bu bar\u0259d\u0259 s\u0259firliyin \u201cFacebook\u201d s\u0259hif\u0259sind\u0259 m\u0259lumat verilib. M\u0259lumatda deyilir: \u201cS\u0259firliyin ba\u011flanmas\u0131 il\u0259 \u0259laq\u0259dar inzibati prosedurlar ba\u015flan\u0131b v\u0259 konsulluq \u015f\u00f6b\u0259si yaln\u0131z dekabr\u0131n 15-d\u0259k xidm\u0259tl\u0259r t\u0259klif ed\u0259c\u0259k. Bu tarixd\u0259n sonra b\u00fct\u00fcn m\u00fcraci\u0259tl\u0259r Ankaradak\u0131 s\u0259firliy\u0259 edilm\u0259lidir. Peru s\u0259firliyi 2020-ci il mart\u0131n 1-d\u0259 f\u0259aliyy\u0259tini tamamil\u0259 dayand\u0131racaq\u201d.","_links":{"self":[{"href":"https:\/\/arantv.az\/index.php?rest_route=\/wp\/v2\/posts\/95293"}],"collection":[{"href":"https:\/\/arantv.az\/index.php?rest_route=\/wp\/v2\/posts"}],"about":[{"href":"https:\/\/arantv.az\/index.php?rest_route=\/wp\/v2\/types\/post"}],"author":[{"embeddable":true,"href":"https:\/\/arantv.az\/index.php?rest_route=\/wp\/v2\/users\/2"}],"replies":[{"embeddable":true,"href":"https:\/\/arantv.az\/index.php?rest_route=%2Fwp%2Fv2%2Fcomments&post=95293"}],"version-history":[{"count":0,"href":"https:\/\/arantv.az\/index.php?rest_route=\/wp\/v2\/posts\/95293\/revisions"}],"wp:featuredmedia":[{"embeddable":true,"href":"https:\/\/arantv.az\/index.php?rest_route=\/wp\/v2\/media\/95294"}],"wp:attachment":[{"href":"https:\/\/arantv.az\/index.php?rest_route=%2Fwp%2Fv2%2Fmedia&parent=95293"}],"wp:term":[{"taxonomy":"category","embeddable":true,"href":"https:\/\/arantv.az\/index.php?rest_route=%2Fwp%2Fv2%2Fcategories&post=95293"},{"taxonomy":"post_tag","embeddable":true,"href":"https:\/\/arantv.az\/index.php?rest_route=%2Fwp%2Fv2%2Ftags&post=95293"}],"curies":[{"name":"wp","href":"https:\/\/api.w.org\/{rel}","templated":true}]}}