{"id":95297,"date":"2019-11-12T13:26:33","date_gmt":"2019-11-12T10:26:33","guid":{"rendered":"http:\/\/arantv.az\/?p=95297"},"modified":"2019-11-12T13:26:33","modified_gmt":"2019-11-12T10:26:33","slug":"butun-ugurlarimizin-huquqi-kokl%c9%99ri-1995-ci-ild%c9%99-q%c9%99bul-edil%c9%99n-konstitusiya-oldu-r%c9%99yl%c9%99r","status":"publish","type":"post","link":"https:\/\/arantv.az\/?p=95297","title":{"rendered":"&#8220;B\u00fct\u00fcn u\u011furlar\u0131m\u0131z\u0131n h\u00fcquqi k\u00f6kl\u0259ri 1995-ci ild\u0259 q\u0259bul edil\u0259n Konstitusiya oldu&#8221; &#8211; R\u018fYL\u018fR"},"content":{"rendered":"<p>12 noyabr Az\u0259rbaycanda Konstitusiya G\u00fcn\u00fc kimi qeyd olunur.<\/p>\n<p>V\u0259t\u0259nda\u015flar\u0131n haqq v\u0259 h\u00fcquqlar\u0131n\u0131 z\u0259man\u0259t alt\u0131na alan Konstitusiya, \u00f6lk\u0259d\u0259 sabitlik v\u0259 rifah\u0131 t\u0259min ed\u0259n \u00f6n\u0259mli s\u0259n\u0259ddir.<\/p>\n<p>Konstitusiyalar, y\u00fcz ill\u0259r boyu v\u0259t\u0259nda\u015f-d\u00f6vl\u0259t m\u00fcnasib\u0259tl\u0259rinin m\u00fc\u0259yy\u0259n \u00e7\u0259r\u00e7iv\u0259y\u0259 sal\u0131nmas\u0131 m\u0259qs\u0259di il\u0259 ortaya \u00e7\u0131x\u0131b. Tarix\u0259n bir s\u0131ra d\u00f6vl\u0259tl\u0259rd\u0259 istifad\u0259 edil\u0259n m\u00fcxt\u0259lif siyasi idar\u0259etm\u0259 sisteml\u0259ri, xalq v\u0259 d\u00f6vl\u0259t aras\u0131nda fikir ayr\u0131l\u0131qlar\u0131na g\u0259tirib \u00e7\u0131xar\u0131b. Tarix s\u00fcbut edib ki, h\u00fcququn \u00fcst\u00fcnl\u00fcy\u00fc v\u0259 ya konstitusion sistemin b\u0259rq\u0259rar olmad\u0131\u011f\u0131 d\u00f6vl\u0259tl\u0259rd\u0259, insanlar\u0131n t\u0259bii h\u00fcquqlar\u0131n\u0131n istismar edilm\u0259si ba\u015f verir. Konstitusiyan\u0131n olmamas\u0131 siyasi xaosa, d\u00f6vl\u0259tl\u0259rin \u00e7\u00f6k\u00fc\u015f\u00fcn\u0259 g\u0259tirib \u00e7\u0131xar\u0131r. M\u0259hz buna g\u00f6r\u0259, konstitusiyan\u0131n yarad\u0131lmas\u0131n\u0131n \u0259sas m\u0259qs\u0259di, h\u00fcquq d\u00f6vl\u0259tinin yarad\u0131lmas\u0131d\u0131r.<\/p>\n<p>H\u0259r bir \u00f6lk\u0259d\u0259 Konstitusiya (constitutio \u2014qurulu\u015f) \u2014 D\u00f6vl\u0259tin \u0259razisind\u0259 \u0259n y\u00fcks\u0259k h\u00fcquqi q\u00fcvv\u0259y\u0259 malik x\u00fcsusi h\u00fcquqi s\u0259n\u0259d, ali qanundur.<\/p>\n<p>Az\u0259rbaycan Respublikas\u0131n\u0131n Konstitusiyasi \u00fcmummilli lider Heyd\u0259r \u018fliyevin hakimiyy\u0259ti d\u00f6vr\u00fcnd\u0259, xalq\u0131n irad\u0259sinin ifad\u0259si, Sovet rejiminind\u0259n qurtulu\u015fun n\u0259tic\u0259si kimi 1995-ci ild\u0259 12 noyabr referendumunda q\u0259bul edilib.<\/p>\n<p>Konstitusiya g\u00fcn\u00fc il\u0259 ba\u011fl\u0131 &#8220;Report&#8221;a dan\u0131\u015fan Ana V\u0259t\u0259n Partiyas\u0131n\u0131n s\u0259dri, Mill M\u0259clisin deputat\u0131 F\u0259zail A\u011famal\u0131 bildirib ki, Konstitusiya g\u00fcn\u00fc h\u0259r bir d\u00f6vl\u0259tin tarixind\u0259 \u0259lam\u0259tdar bir hadis\u0259 kimi xarakteriz\u0259 olunur.<\/p>\n<p>Ana V\u0259t\u0259n Partiyas\u0131n\u0131n s\u0259dri, Mill M\u0259clisin deputat\u0131 F\u0259zail A\u011famal\u0131:<\/p>\n<p>&#8220;Az\u0259rbaycan h\u00fcquqi, demokratik \u00f6lk\u0259dir, \u0259lb\u0259tt\u0259, bizim b\u00fct\u00fcn u\u011furlar\u0131m\u0131z\u0131n h\u00fcquqi k\u00f6kl\u0259ri 1995-ci ild\u0259 q\u0259bul edil\u0259n M\u00fcst\u0259qil Az\u0259rbaycan\u0131n Konstitusiyas\u0131 oldu&#8221;.<\/p>\n<p>&#8220;M\u00fcst\u0259qil Az\u0259rbaycan\u0131n Konstitusiyas\u0131 ulu \u00f6nd\u0259rimiz Heyd\u0259r \u018fliyevin \u015fah \u0259s\u0259rl\u0259rind\u0259n biridir. \u018flb\u0259tt\u0259 ki, m\u00fcst\u0259qillik \u0259ld\u0259 ed\u0259nd\u0259n sonra Az\u0259rbaycan \u00f6z\u00fcn\u00fcn Konstitusiyas\u0131n\u0131 q\u0259bul etm\u0259li idi, bu bax\u0131mdan ulu \u00f6nd\u0259rimiz hakimiyy\u0259t\u0259 g\u0259ldikd\u0259n v\u0259 xalq\u0131n y\u00fcks\u0259k etimad\u0131 il\u0259 Prezident se\u00e7ildikd\u0259n sonra ilk diqq\u0259t etdiyi sah\u0259l\u0259rd\u0259n biri yeni Konstitusiyan\u0131n i\u015fl\u0259nib-haz\u0131rlanmas\u0131 v\u0259 q\u0259bul edilm\u0259si idi. \u00c7\u00fcnki bu olmadan d\u00f6vl\u0259ti idar\u0259 etm\u0259k m\u00fcmk\u00fcn deyildi. Baxmayaraq ki, Az\u0259rbaycanda 1991-ci il oktyabr\u0131n 18-d\u0259 m\u00fcst\u0259qilik haqq\u0131nda Konstitusiya akt\u0131 var idi, lakin bu, kifay\u0259t deyildi. Ulu \u00f6nd\u0259rimiz M\u00fcst\u0259qil Az\u0259rbaycan\u0131n Konstitusiya Akt\u0131n\u0131 haz\u0131rlamaq \u00fc\u00e7\u00fcn komissiya yaratd\u0131, \u00f6z\u00fc d\u0259 bu komissiyaya r\u0259hb\u0259rlik etdi. Az\u0259rbaycan\u0131n g\u00f6rk\u0259mli h\u00fcquq\u015f\u00fcnaslar\u0131 bu i\u015f\u0259 c\u0259lb olundu, inki\u015faf etmi\u015f \u00f6lk\u0259l\u0259rin konstitusiyalar\u0131 ciddi \u015f\u0259kild\u0259 \u00f6yr\u0259nildi, t\u0259cr\u00fcb\u0259l\u0259ri n\u0259z\u0259r\u0259 al\u0131nd\u0131. Q\u0131sa zamanda m\u00fcst\u0259qil d\u00f6vl\u0259timizin Konstitusiya Akt\u0131 i\u015fl\u0259nib-haz\u0131rland\u0131, \u00fcmumxalq s\u0259sverm\u0259sin\u0259 \u00e7\u0131xar\u0131laraq, q\u0259bul edildi. Bu Konstitusiyada Az\u0259rbaycan d\u00f6vl\u0259tinin \u0259saslar\u0131, Az\u0259rbaycanda hakimiyy\u0259t b\u00f6lg\u00fcs\u00fc, onun qollar\u0131, d\u00f6vl\u0259t qurumlar\u0131n\u0131n s\u0259lahiyy\u0259tl\u0259ri, h\u00fcquq v\u0259 v\u0259zif\u0259l\u0259ri m\u00fc\u0259yy\u0259nl\u0259\u015fdi. X\u00fcsusil\u0259 d\u0259 Az\u0259rbaycanda insan h\u00fcquq v\u0259 azadl\u0131qlar\u0131 ayr\u0131ca bir f\u0259sild\u0259 i\u015fl\u0259nib haz\u0131rland\u0131. M\u0259n dey\u0259rdim ki, bu, Konstitusiyam\u0131z\u0131n \u0259n \u00f6n\u0259mli f\u0259sill\u0259rind\u0259n biridir. B\u00fct\u00f6vl\u00fckd\u0259 Az\u0259rbaycan d\u00f6vl\u0259tinin v\u0259 c\u0259miyy\u0259tinin t\u0259l\u0259bl\u0259rini \u00f6z\u00fcnd\u0259 ehtiva ed\u0259n, g\u0259l\u0259c\u0259kd\u0259 iqtisadi, sosial, h\u00fcquqi, siyasi islahatlar\u0131n apar\u0131lmas\u0131na z\u0259min yarada bil\u0259c\u0259k konstitusiyam\u0131z q\u0259bul olundu. Bu konstitusiyam\u0131z q\u0259bul edildikd\u0259n sonra ulu \u00f6nd\u0259rimizin r\u0259hb\u0259rliyi alt\u0131nda ciddi islahatlara v\u0259 d\u00f6vl\u0259t quruculu\u011fu prosesin\u0259 ba\u015flan\u0131ld\u0131. Bu g\u00fcn C\u0259nubi Qafqaz\u0131n lider d\u00f6vl\u0259tin\u0259 \u00e7evril\u0259n, d\u00fcnya miqyas\u0131nda n\u00fcfuz sahibi olan Az\u0259rbaycan d\u00f6vl\u0259ti m\u0259hz ulu \u00f6nd\u0259rimizin haz\u0131rlay\u0131b, q\u0259bul etdirdiyi konstitusiyam\u0131zdan \u0259saslanaraq bug\u00fcnki s\u0259viyy\u0259y\u0259 \u00e7at\u0131b. Az\u0259rbaycan h\u00fcquqi, demokratik \u00f6lk\u0259dir, \u0259lb\u0259tt\u0259, bizim b\u00fct\u00fcn u\u011furlar\u0131m\u0131z\u0131n h\u00fcquqi k\u00f6kl\u0259ri 1995-ci ild\u0259 q\u0259bul edil\u0259n m\u00fcst\u0259qil Az\u0259rbaycan\u0131n Konstitusiyas\u0131 oldu&#8221;.<\/p>\n<p>F.A\u011famal\u0131 deyib ki, Konstitusiya q\u0259bul edildikd\u0259n sonra c\u0259miyy\u0259t inki\u015faf edib:<\/p>\n<p>&#8220;Yeni \u00e7a\u011f\u0131r\u0131\u015flar v\u0259 zaman\u0131n t\u0259l\u0259bl\u0259rin\u0259 uy\u011fun olaraq bir qayda olaraq Konstitusiya d\u0259yi\u015fiklikl\u0259ri h\u0259yata ke\u00e7irilir. Bu bax\u0131mdan d\u0259yi\u015fiklikl\u0259r konstitusiyam\u0131z\u0131 daha da t\u0259kmill\u0259\u015fdirib, m\u00fcvafiq t\u0259l\u0259bl\u0259r\u0259 v\u0259 \u00e7a\u011f\u0131r\u0131\u015flara cavab ver\u0259 bil\u0259n m\u00fcdd\u0259alarla z\u0259nginl\u0259\u015fdirilib. M\u0259n dey\u0259rdim ki, bu d\u0259yi\u015fikikl\u0259rin i\u00e7\u0259rind\u0259 x\u00fcsusi olaraq Az\u0259rbaycanda prezident se\u00e7kil\u0259rin\u0259 qoyulan m\u0259hdudiyy\u0259tin aradan qald\u0131r\u0131lmas\u0131 Az\u0259rbaycan xalq\u0131n\u0131n irad\u0259sin\u0259 s\u00f6yk\u0259n\u0259n v\u0259 d\u00f6vl\u0259t\u00e7iliyimiz bax\u0131m\u0131ndan m\u00fch\u00fcm \u0259h\u0259miyy\u0259t k\u0259sb ed\u0259n d\u0259yi\u015fiklikdir. O d\u0259yi\u015fiklikd\u0259n sonra Az\u0259rbaycan xalq\u0131 m\u00fcasir d\u00f6vrd\u0259, d\u00fcnya miqyas\u0131nda \u00f6z\u00fcn\u00fc lider, d\u00f6vl\u0259t xadimi kimi t\u0259qdim ed\u0259n \u0130lham \u018fliyev yenid\u0259n Az\u0259rbaycan xalq\u0131n\u0131n etimad\u0131n\u0131 qazanabil\u0259c\u0259k imkanlar\u0131n\u0131 yaratd\u0131 v\u0259 bu imkanlar son d\u0259r\u0259c\u0259 ciddi \u0259h\u0259miyy\u0259t k\u0259sb edir. B\u00fct\u00fcn d\u0259yi\u015fiklikl\u0259r Az\u0259rbaycan\u0131n inki\u015faf\u0131na t\u00f6hf\u0259 verir&#8221;.<\/p>\n<p>B\u00f6y\u00fck Qurulu\u015f Partiyas\u0131n\u0131n s\u0259dri, deputat Fazil Mustafa:<\/p>\n<p>&#8220;Bu, m\u00fcst\u0259qillik d\u00f6vr\u00fcm\u00fcz\u00fcn Konstitusiyas\u0131d\u0131r, ona g\u00f6r\u0259 d\u0259 b\u00f6y\u00fck d\u0259y\u0259r veririk&#8221;.<\/p>\n<p>B\u00f6y\u00fck Qurulu\u015f Partiyas\u0131n\u0131n s\u0259dri, deputat Fazil Mustafa bildirib ki, Konstitusiya d\u00f6vl\u0259tin t\u0259m\u0259lidir.<\/p>\n<p>&#8220;\u00c7\u00fcnki insanlar\u0131n h\u00fcquq v\u0259 azadl\u0131qlar\u0131n\u0131 t\u0259sbit ed\u0259n, siyasi qurulu\u015fu t\u0259yin ed\u0259n bir ali s\u0259n\u0259ddir. Ona g\u00f6r\u0259 d\u0259 bu g\u00fcn\u00fcn Az\u0259rbaycan c\u0259miyy\u0259tind\u0259 f\u0259rqli \u015f\u0259kild\u0259 qeyd olunma\u011f\u0131n\u0131 ist\u0259yir\u0259m. \u0130nsanlar\u0131n Konstitusiyaya say\u011f\u0131s\u0131, m\u0259murlar\u0131n Konstitusiyaya \u0259m\u0259l etm\u0259si v\u0259 konstitusiyal\u0131 h\u0259yat t\u0259rzi \u00fcz\u0259rind\u0259 b\u00fct\u00fcn sistemimizin qurulmas\u0131 ham\u0131m\u0131z\u0131n faydas\u0131nad\u0131r. Bizim bu Konstitusiyam\u0131z m\u00fcst\u0259qillik d\u00f6vr\u00fcm\u00fcz\u00fcn Konstitusiyas\u0131d\u0131r, ona g\u00f6r\u0259 d\u0259 buna b\u00f6y\u00fck d\u0259y\u0259r veririk, \u00f6z\u0259l olaraq qeyd edirik&#8221;.<\/p>\n","protected":false},"excerpt":{"rendered":"<p>12 noyabr Az\u0259rbaycanda Konstitusiya G\u00fcn\u00fc kimi qeyd olunur. V\u0259t\u0259nda\u015flar\u0131n haqq v\u0259 h\u00fcquqlar\u0131n\u0131 z\u0259man\u0259t alt\u0131na alan Konstitusiya, \u00f6lk\u0259d\u0259 sabitlik v\u0259 rifah\u0131 t\u0259min ed\u0259n \u00f6n\u0259mli s\u0259n\u0259ddir. Konstitusiyalar, y\u00fcz ill\u0259r boyu v\u0259t\u0259nda\u015f-d\u00f6vl\u0259t m\u00fcnasib\u0259tl\u0259rinin m\u00fc\u0259yy\u0259n \u00e7\u0259r\u00e7iv\u0259y\u0259 sal\u0131nmas\u0131 m\u0259qs\u0259di il\u0259 ortaya \u00e7\u0131x\u0131b. Tarix\u0259n bir s\u0131ra d\u00f6vl\u0259tl\u0259rd\u0259 istifad\u0259 edil\u0259n m\u00fcxt\u0259lif siyasi idar\u0259etm\u0259 sisteml\u0259ri, xalq v\u0259 d\u00f6vl\u0259t aras\u0131nda fikir ayr\u0131l\u0131qlar\u0131na g\u0259tirib \u00e7\u0131xar\u0131b. Tarix s\u00fcbut edib ki, h\u00fcququn \u00fcst\u00fcnl\u00fcy\u00fc v\u0259 ya konstitusion sistemin b\u0259rq\u0259rar olmad\u0131\u011f\u0131 d\u00f6vl\u0259tl\u0259rd\u0259, insanlar\u0131n t\u0259bii h\u00fcquqlar\u0131n\u0131n istismar edilm\u0259si ba\u015f verir. Konstitusiyan\u0131n olmamas\u0131 siyasi xaosa, d\u00f6vl\u0259tl\u0259rin \u00e7\u00f6k\u00fc\u015f\u00fcn\u0259 g\u0259tirib \u00e7\u0131xar\u0131r. M\u0259hz buna g\u00f6r\u0259, konstitusiyan\u0131n yarad\u0131lmas\u0131n\u0131n \u0259sas m\u0259qs\u0259di,&hellip;<\/p>\n","protected":false},"author":2,"featured_media":95298,"comment_status":"closed","ping_status":"closed","sticky":false,"template":"","format":"standard","meta":{"om_disable_all_campaigns":false,"_monsterinsights_skip_tracking":false,"_monsterinsights_sitenote_active":false,"_monsterinsights_sitenote_note":"","_monsterinsights_sitenote_category":0},"categories":[1],"tags":[],"aioseo_notices":[],"gutentor_comment":0,"rttpg_featured_image_url":{"full":["https:\/\/arantv.az\/wp-content\/uploads\/2019\/11\/7c47d7a75ca759e37a49ed02ec25d35e.jpg",650,433,false],"landscape":["https:\/\/arantv.az\/wp-content\/uploads\/2019\/11\/7c47d7a75ca759e37a49ed02ec25d35e.jpg",650,433,false],"portraits":["https:\/\/arantv.az\/wp-content\/uploads\/2019\/11\/7c47d7a75ca759e37a49ed02ec25d35e.jpg",650,433,false],"thumbnail":["https:\/\/arantv.az\/wp-content\/uploads\/2019\/11\/7c47d7a75ca759e37a49ed02ec25d35e-150x150.jpg",150,150,true],"medium":["https:\/\/arantv.az\/wp-content\/uploads\/2019\/11\/7c47d7a75ca759e37a49ed02ec25d35e-300x200.jpg",300,200,true],"large":["https:\/\/arantv.az\/wp-content\/uploads\/2019\/11\/7c47d7a75ca759e37a49ed02ec25d35e.jpg",640,426,false],"1536x1536":["https:\/\/arantv.az\/wp-content\/uploads\/2019\/11\/7c47d7a75ca759e37a49ed02ec25d35e.jpg",650,433,false],"2048x2048":["https:\/\/arantv.az\/wp-content\/uploads\/2019\/11\/7c47d7a75ca759e37a49ed02ec25d35e.jpg",650,433,false],"post-thumbnail":["https:\/\/arantv.az\/wp-content\/uploads\/2019\/11\/7c47d7a75ca759e37a49ed02ec25d35e-240x172.jpg",240,172,true],"advps-thumb-one":["https:\/\/arantv.az\/wp-content\/uploads\/2019\/11\/7c47d7a75ca759e37a49ed02ec25d35e.jpg",650,433,false]},"rttpg_author":{"display_name":"V\u00fcsal Rafiqo\u011flu","author_link":"https:\/\/arantv.az\/?author=2"},"rttpg_comment":0,"rttpg_category":"<a href=\"https:\/\/arantv.az\/?cat=1\" rel=\"category\">C\u0259miyy\u0259t<\/a>","rttpg_excerpt":"12 noyabr Az\u0259rbaycanda Konstitusiya G\u00fcn\u00fc kimi qeyd olunur. V\u0259t\u0259nda\u015flar\u0131n haqq v\u0259 h\u00fcquqlar\u0131n\u0131 z\u0259man\u0259t alt\u0131na alan Konstitusiya, \u00f6lk\u0259d\u0259 sabitlik v\u0259 rifah\u0131 t\u0259min ed\u0259n \u00f6n\u0259mli s\u0259n\u0259ddir. Konstitusiyalar, y\u00fcz ill\u0259r boyu v\u0259t\u0259nda\u015f-d\u00f6vl\u0259t m\u00fcnasib\u0259tl\u0259rinin m\u00fc\u0259yy\u0259n \u00e7\u0259r\u00e7iv\u0259y\u0259 sal\u0131nmas\u0131 m\u0259qs\u0259di il\u0259 ortaya \u00e7\u0131x\u0131b. Tarix\u0259n bir s\u0131ra d\u00f6vl\u0259tl\u0259rd\u0259 istifad\u0259 edil\u0259n m\u00fcxt\u0259lif siyasi idar\u0259etm\u0259 sisteml\u0259ri, xalq v\u0259 d\u00f6vl\u0259t aras\u0131nda fikir ayr\u0131l\u0131qlar\u0131na g\u0259tirib \u00e7\u0131xar\u0131b.&hellip;","_links":{"self":[{"href":"https:\/\/arantv.az\/index.php?rest_route=\/wp\/v2\/posts\/95297"}],"collection":[{"href":"https:\/\/arantv.az\/index.php?rest_route=\/wp\/v2\/posts"}],"about":[{"href":"https:\/\/arantv.az\/index.php?rest_route=\/wp\/v2\/types\/post"}],"author":[{"embeddable":true,"href":"https:\/\/arantv.az\/index.php?rest_route=\/wp\/v2\/users\/2"}],"replies":[{"embeddable":true,"href":"https:\/\/arantv.az\/index.php?rest_route=%2Fwp%2Fv2%2Fcomments&post=95297"}],"version-history":[{"count":0,"href":"https:\/\/arantv.az\/index.php?rest_route=\/wp\/v2\/posts\/95297\/revisions"}],"wp:featuredmedia":[{"embeddable":true,"href":"https:\/\/arantv.az\/index.php?rest_route=\/wp\/v2\/media\/95298"}],"wp:attachment":[{"href":"https:\/\/arantv.az\/index.php?rest_route=%2Fwp%2Fv2%2Fmedia&parent=95297"}],"wp:term":[{"taxonomy":"category","embeddable":true,"href":"https:\/\/arantv.az\/index.php?rest_route=%2Fwp%2Fv2%2Fcategories&post=95297"},{"taxonomy":"post_tag","embeddable":true,"href":"https:\/\/arantv.az\/index.php?rest_route=%2Fwp%2Fv2%2Ftags&post=95297"}],"curies":[{"name":"wp","href":"https:\/\/api.w.org\/{rel}","templated":true}]}}