{"id":95301,"date":"2019-11-12T13:27:55","date_gmt":"2019-11-12T10:27:55","guid":{"rendered":"http:\/\/arantv.az\/?p=95301"},"modified":"2019-11-12T13:27:55","modified_gmt":"2019-11-12T10:27:55","slug":"komit%c9%99-s%c9%99drind%c9%99n-coxusaqli-ail%c9%99l%c9%99rl%c9%99-bagli-t%c9%99klif","status":"publish","type":"post","link":"https:\/\/arantv.az\/?p=95301","title":{"rendered":"Komit\u0259 s\u0259drind\u0259n \u00e7oxu\u015faql\u0131 ail\u0259l\u0259rl\u0259 ba\u011fl\u0131 &#8211; T\u018fKL\u0130F"},"content":{"rendered":"<p>\u00c7oxu\u015faql\u0131 ail\u0259l\u0259r\u0259 veril\u0259n m\u00fcavin\u0259t sistemin\u0259 yenid\u0259n bax\u0131ls\u0131n v\u0259 m\u00fcmk\u00fcn oldu\u011fu t\u0259qdird\u0259 bir az daha da art\u0131r\u0131ls\u0131n.<\/p>\n<p><b>ARANTV.AZ\u00a0<\/b>x\u0259b\u0259r verir ki, bunu Milli M\u0259clisin Ail\u0259, qad\u0131n v\u0259 u\u015faq m\u0259s\u0259l\u0259l\u0259ri komit\u0259sinin s\u0259dri Aqiy\u0259 Nax\u00e7\u0131vanl\u0131 parlamentin bu g\u00fcn ke\u00e7iril\u0259n iclas\u0131nda b\u00fcdc\u0259 m\u00fczakir\u0259l\u0259ri zaman\u0131 deyib.<\/p>\n<p>Deputat g\u00fcz\u0259\u015ftli ipoteka kreditl\u0259rinin verilm\u0259si \u015f\u0259rtl\u0259rinin \u00e7oxu\u015faql\u0131 ail\u0259l\u0259r\u0259 v\u0259 m\u00fc\u0259llim ail\u0259l\u0259rin\u0259 \u015famil olunmas\u0131n\u0131 da t\u0259klif edib.<\/p>\n<div id=\"AdviadNativeVideo0\" class=\"AdviadNativeVideo\"><\/div>\n<p>O bildirib ki, u\u015faqlar\u0131n asud\u0259 vaxtlar\u0131n\u0131n s\u0259m\u0259r\u0259li t\u0259\u015fkil edilm\u0259si \u00fc\u00e7\u00fcn d\u00f6vl\u0259t s\u0259viyy\u0259sind\u0259 istirah\u0259t m\u0259k\u0259zl\u0259rinin yarad\u0131lmas\u0131 \u00fc\u00e7\u00fcn v\u0259sait ayr\u0131lmas\u0131na b\u00f6y\u00fck ehtiyac var:<\/p>\n<p>\u201cSosial t\u0259minat\u0131 z\u0259if olan, o c\u00fcml\u0259d\u0259n, imtiyazl\u0131 ail\u0259l\u0259r, u\u015faqlar bu d\u00fc\u015f\u0259rg\u0259l\u0259rd\u0259 yararlana bil\u0259rl\u0259r. Bunun \u00fc\u00e7\u00fcn b\u00fcdc\u0259d\u0259n b\u00f6y\u00fck v\u0259saitin ayr\u0131lmas\u0131 t\u0259l\u0259b olunmur\u201d.Oxu.Az<\/p>\n","protected":false},"excerpt":{"rendered":"<p>\u00c7oxu\u015faql\u0131 ail\u0259l\u0259r\u0259 veril\u0259n m\u00fcavin\u0259t sistemin\u0259 yenid\u0259n bax\u0131ls\u0131n v\u0259 m\u00fcmk\u00fcn oldu\u011fu t\u0259qdird\u0259 bir az daha da art\u0131r\u0131ls\u0131n. ARANTV.AZ\u00a0x\u0259b\u0259r verir ki, bunu Milli M\u0259clisin Ail\u0259, qad\u0131n v\u0259 u\u015faq m\u0259s\u0259l\u0259l\u0259ri komit\u0259sinin s\u0259dri Aqiy\u0259 Nax\u00e7\u0131vanl\u0131 parlamentin bu g\u00fcn ke\u00e7iril\u0259n iclas\u0131nda b\u00fcdc\u0259 m\u00fczakir\u0259l\u0259ri zaman\u0131 deyib. Deputat g\u00fcz\u0259\u015ftli ipoteka kreditl\u0259rinin verilm\u0259si \u015f\u0259rtl\u0259rinin \u00e7oxu\u015faql\u0131 ail\u0259l\u0259r\u0259 v\u0259 m\u00fc\u0259llim ail\u0259l\u0259rin\u0259 \u015famil olunmas\u0131n\u0131 da t\u0259klif edib. O bildirib ki, u\u015faqlar\u0131n asud\u0259 vaxtlar\u0131n\u0131n s\u0259m\u0259r\u0259li t\u0259\u015fkil edilm\u0259si \u00fc\u00e7\u00fcn d\u00f6vl\u0259t s\u0259viyy\u0259sind\u0259 istirah\u0259t m\u0259k\u0259zl\u0259rinin yarad\u0131lmas\u0131 \u00fc\u00e7\u00fcn v\u0259sait ayr\u0131lmas\u0131na b\u00f6y\u00fck ehtiyac var: \u201cSosial t\u0259minat\u0131 z\u0259if olan, o c\u00fcml\u0259d\u0259n, imtiyazl\u0131 ail\u0259l\u0259r, u\u015faqlar bu d\u00fc\u015f\u0259rg\u0259l\u0259rd\u0259 yararlana bil\u0259rl\u0259r.&hellip;<\/p>\n","protected":false},"author":2,"featured_media":95302,"comment_status":"closed","ping_status":"closed","sticky":false,"template":"","format":"standard","meta":{"om_disable_all_campaigns":false,"_monsterinsights_skip_tracking":false,"_monsterinsights_sitenote_active":false,"_monsterinsights_sitenote_note":"","_monsterinsights_sitenote_category":0},"categories":[1],"tags":[],"aioseo_notices":[],"gutentor_comment":0,"rttpg_featured_image_url":{"full":["https:\/\/arantv.az\/wp-content\/uploads\/2019\/11\/dikkat-eksikligi-ve-hiperaktivite-bozuklugu_16_9_1528178948_16_9_1535096168.jpg",620,348,false],"landscape":["https:\/\/arantv.az\/wp-content\/uploads\/2019\/11\/dikkat-eksikligi-ve-hiperaktivite-bozuklugu_16_9_1528178948_16_9_1535096168.jpg",620,348,false],"portraits":["https:\/\/arantv.az\/wp-content\/uploads\/2019\/11\/dikkat-eksikligi-ve-hiperaktivite-bozuklugu_16_9_1528178948_16_9_1535096168.jpg",620,348,false],"thumbnail":["https:\/\/arantv.az\/wp-content\/uploads\/2019\/11\/dikkat-eksikligi-ve-hiperaktivite-bozuklugu_16_9_1528178948_16_9_1535096168-150x150.jpg",150,150,true],"medium":["https:\/\/arantv.az\/wp-content\/uploads\/2019\/11\/dikkat-eksikligi-ve-hiperaktivite-bozuklugu_16_9_1528178948_16_9_1535096168-300x168.jpg",300,168,true],"large":["https:\/\/arantv.az\/wp-content\/uploads\/2019\/11\/dikkat-eksikligi-ve-hiperaktivite-bozuklugu_16_9_1528178948_16_9_1535096168.jpg",620,348,false],"1536x1536":["https:\/\/arantv.az\/wp-content\/uploads\/2019\/11\/dikkat-eksikligi-ve-hiperaktivite-bozuklugu_16_9_1528178948_16_9_1535096168.jpg",620,348,false],"2048x2048":["https:\/\/arantv.az\/wp-content\/uploads\/2019\/11\/dikkat-eksikligi-ve-hiperaktivite-bozuklugu_16_9_1528178948_16_9_1535096168.jpg",620,348,false],"post-thumbnail":["https:\/\/arantv.az\/wp-content\/uploads\/2019\/11\/dikkat-eksikligi-ve-hiperaktivite-bozuklugu_16_9_1528178948_16_9_1535096168-240x172.jpg",240,172,true],"advps-thumb-one":["https:\/\/arantv.az\/wp-content\/uploads\/2019\/11\/dikkat-eksikligi-ve-hiperaktivite-bozuklugu_16_9_1528178948_16_9_1535096168.jpg",620,348,false]},"rttpg_author":{"display_name":"V\u00fcsal Rafiqo\u011flu","author_link":"https:\/\/arantv.az\/?author=2"},"rttpg_comment":0,"rttpg_category":"<a href=\"https:\/\/arantv.az\/?cat=1\" rel=\"category\">C\u0259miyy\u0259t<\/a>","rttpg_excerpt":"\u00c7oxu\u015faql\u0131 ail\u0259l\u0259r\u0259 veril\u0259n m\u00fcavin\u0259t sistemin\u0259 yenid\u0259n bax\u0131ls\u0131n v\u0259 m\u00fcmk\u00fcn oldu\u011fu t\u0259qdird\u0259 bir az daha da art\u0131r\u0131ls\u0131n. ARANTV.AZ\u00a0x\u0259b\u0259r verir ki, bunu Milli M\u0259clisin Ail\u0259, qad\u0131n v\u0259 u\u015faq m\u0259s\u0259l\u0259l\u0259ri komit\u0259sinin s\u0259dri Aqiy\u0259 Nax\u00e7\u0131vanl\u0131 parlamentin bu g\u00fcn ke\u00e7iril\u0259n iclas\u0131nda b\u00fcdc\u0259 m\u00fczakir\u0259l\u0259ri zaman\u0131 deyib. Deputat g\u00fcz\u0259\u015ftli ipoteka kreditl\u0259rinin verilm\u0259si \u015f\u0259rtl\u0259rinin \u00e7oxu\u015faql\u0131 ail\u0259l\u0259r\u0259 v\u0259 m\u00fc\u0259llim ail\u0259l\u0259rin\u0259 \u015famil olunmas\u0131n\u0131 da t\u0259klif&hellip;","_links":{"self":[{"href":"https:\/\/arantv.az\/index.php?rest_route=\/wp\/v2\/posts\/95301"}],"collection":[{"href":"https:\/\/arantv.az\/index.php?rest_route=\/wp\/v2\/posts"}],"about":[{"href":"https:\/\/arantv.az\/index.php?rest_route=\/wp\/v2\/types\/post"}],"author":[{"embeddable":true,"href":"https:\/\/arantv.az\/index.php?rest_route=\/wp\/v2\/users\/2"}],"replies":[{"embeddable":true,"href":"https:\/\/arantv.az\/index.php?rest_route=%2Fwp%2Fv2%2Fcomments&post=95301"}],"version-history":[{"count":0,"href":"https:\/\/arantv.az\/index.php?rest_route=\/wp\/v2\/posts\/95301\/revisions"}],"wp:featuredmedia":[{"embeddable":true,"href":"https:\/\/arantv.az\/index.php?rest_route=\/wp\/v2\/media\/95302"}],"wp:attachment":[{"href":"https:\/\/arantv.az\/index.php?rest_route=%2Fwp%2Fv2%2Fmedia&parent=95301"}],"wp:term":[{"taxonomy":"category","embeddable":true,"href":"https:\/\/arantv.az\/index.php?rest_route=%2Fwp%2Fv2%2Fcategories&post=95301"},{"taxonomy":"post_tag","embeddable":true,"href":"https:\/\/arantv.az\/index.php?rest_route=%2Fwp%2Fv2%2Ftags&post=95301"}],"curies":[{"name":"wp","href":"https:\/\/api.w.org\/{rel}","templated":true}]}}