{"id":95305,"date":"2019-11-12T13:29:13","date_gmt":"2019-11-12T10:29:13","guid":{"rendered":"http:\/\/arantv.az\/?p=95305"},"modified":"2019-11-12T13:29:13","modified_gmt":"2019-11-12T10:29:13","slug":"bakida-ickili-oldugu-ucun-mazdasi-alinan-kisi-yoxa-cixdi","status":"publish","type":"post","link":"https:\/\/arantv.az\/?p=95305","title":{"rendered":"Bak\u0131da i\u00e7kili oldu\u011fu \u00fc\u00e7\u00fcn \u201cMazda\u201ds\u0131 al\u0131nan ki\u015fi yoxa \u00e7\u0131xd\u0131"},"content":{"rendered":"<p><strong>Qarada\u011f rayonu polis \u0259m\u0259kda\u015flar\u0131 oktyabr\u0131n 10-da avtomobili il\u0259 birlikd\u0259 yoxa \u00e7\u0131xan 38 ya\u015fl\u0131 L\u00f6kbatan sakini Ramin S\u0259f\u0259rovu axtar\u0131r.<\/strong><\/p>\n<p><strong>ARANTV.AZ<\/strong> x\u0259b\u0259r verir ki, bu bar\u0259d\u0259 oxu.az-a Qarada\u011f Rayon Polis \u0130dar\u0259sind\u0259n m\u0259lumat daxil olub.<\/p>\n<p>M\u0259lumata g\u00f6r\u0259, noyabr\u0131n 9-u Ba\u015f D\u00f6vl\u0259t Yol Polisi \u0130dar\u0259sinin \u0259m\u0259kda\u015flar\u0131 Ekologiya postunda, R.S\u0259f\u0259rovun s\u0259rxo\u015f v\u0259ziyy\u0259td\u0259 idar\u0259 etdiyi &#8220;Mazda CX-9&#8221;\u00a0 90-NZ-881 d\u00f6vl\u0259t n\u00f6mr\u0259 ni\u015fanl\u0131 avtomobili saxlay\u0131blar.<\/p>\n<p>Bununla \u0259laq\u0259dar olaraq, polisl\u0259r avtomobili c\u0259rim\u0259 meydan\u00e7as\u0131na yerl\u0259\u015fdiribl\u0259r. S\u00fcr\u00fcc\u00fcn\u00fc is\u0259 qan\u0131nda alkoqolu m\u00fc\u0259yy\u0259n etm\u0259k \u00fc\u00e7\u00fcn tibbi m\u00fcayin\u0259y\u0259 g\u00f6nd\u0259ribl\u0259r. Tibbi m\u00fcayin\u0259d\u0259n sonra R.S\u0259f\u0259rov yenid\u0259n yoxa \u00e7\u0131x\u0131b.<\/p>\n<p>Polis \u0130dar\u0259sind\u0259n veril\u0259n m\u0259lumata g\u00f6r\u0259, h\u0259l\u0259lik onun yerini m\u00fc\u0259yy\u0259n etm\u0259k m\u00fcmk\u00fcn olmay\u0131b. \u0130lkin m\u0259lumata g\u00f6r\u0259, R.S\u0259f\u0259rov t\u00fcfeyli, \u0259yya\u015f h\u0259yat\u0131 ke\u00e7irib, tap\u0131lan avtomobil is\u0259 atas\u0131na m\u0259xsus olub. Polis onun sa\u011f oldu\u011funa \u0259mindir.<\/p>\n","protected":false},"excerpt":{"rendered":"<p>Qarada\u011f rayonu polis \u0259m\u0259kda\u015flar\u0131 oktyabr\u0131n 10-da avtomobili il\u0259 birlikd\u0259 yoxa \u00e7\u0131xan 38 ya\u015fl\u0131 L\u00f6kbatan sakini Ramin S\u0259f\u0259rovu axtar\u0131r. ARANTV.AZ x\u0259b\u0259r verir ki, bu bar\u0259d\u0259 oxu.az-a Qarada\u011f Rayon Polis \u0130dar\u0259sind\u0259n m\u0259lumat daxil olub. M\u0259lumata g\u00f6r\u0259, noyabr\u0131n 9-u Ba\u015f D\u00f6vl\u0259t Yol Polisi \u0130dar\u0259sinin \u0259m\u0259kda\u015flar\u0131 Ekologiya postunda, R.S\u0259f\u0259rovun s\u0259rxo\u015f v\u0259ziyy\u0259td\u0259 idar\u0259 etdiyi &#8220;Mazda CX-9&#8221;\u00a0 90-NZ-881 d\u00f6vl\u0259t n\u00f6mr\u0259 ni\u015fanl\u0131 avtomobili saxlay\u0131blar. Bununla \u0259laq\u0259dar olaraq, polisl\u0259r avtomobili c\u0259rim\u0259 meydan\u00e7as\u0131na yerl\u0259\u015fdiribl\u0259r. S\u00fcr\u00fcc\u00fcn\u00fc is\u0259 qan\u0131nda alkoqolu m\u00fc\u0259yy\u0259n etm\u0259k \u00fc\u00e7\u00fcn tibbi m\u00fcayin\u0259y\u0259 g\u00f6nd\u0259ribl\u0259r. Tibbi m\u00fcayin\u0259d\u0259n sonra R.S\u0259f\u0259rov yenid\u0259n yoxa \u00e7\u0131x\u0131b. Polis \u0130dar\u0259sind\u0259n veril\u0259n m\u0259lumata g\u00f6r\u0259, h\u0259l\u0259lik onun yerini&hellip;<\/p>\n","protected":false},"author":2,"featured_media":95306,"comment_status":"closed","ping_status":"closed","sticky":false,"template":"","format":"standard","meta":{"om_disable_all_campaigns":false,"_monsterinsights_skip_tracking":false,"_monsterinsights_sitenote_active":false,"_monsterinsights_sitenote_note":"","_monsterinsights_sitenote_category":0},"categories":[1],"tags":[],"aioseo_notices":[],"gutentor_comment":0,"rttpg_featured_image_url":{"full":["https:\/\/arantv.az\/wp-content\/uploads\/2019\/11\/surucu_234785656.jpg",800,600,false],"landscape":["https:\/\/arantv.az\/wp-content\/uploads\/2019\/11\/surucu_234785656.jpg",800,600,false],"portraits":["https:\/\/arantv.az\/wp-content\/uploads\/2019\/11\/surucu_234785656.jpg",800,600,false],"thumbnail":["https:\/\/arantv.az\/wp-content\/uploads\/2019\/11\/surucu_234785656-150x150.jpg",150,150,true],"medium":["https:\/\/arantv.az\/wp-content\/uploads\/2019\/11\/surucu_234785656-300x225.jpg",300,225,true],"large":["https:\/\/arantv.az\/wp-content\/uploads\/2019\/11\/surucu_234785656.jpg",640,480,false],"1536x1536":["https:\/\/arantv.az\/wp-content\/uploads\/2019\/11\/surucu_234785656.jpg",800,600,false],"2048x2048":["https:\/\/arantv.az\/wp-content\/uploads\/2019\/11\/surucu_234785656.jpg",800,600,false],"post-thumbnail":["https:\/\/arantv.az\/wp-content\/uploads\/2019\/11\/surucu_234785656-240x172.jpg",240,172,true],"advps-thumb-one":["https:\/\/arantv.az\/wp-content\/uploads\/2019\/11\/surucu_234785656.jpg",800,600,false]},"rttpg_author":{"display_name":"V\u00fcsal Rafiqo\u011flu","author_link":"https:\/\/arantv.az\/?author=2"},"rttpg_comment":0,"rttpg_category":"<a href=\"https:\/\/arantv.az\/?cat=1\" rel=\"category\">C\u0259miyy\u0259t<\/a>","rttpg_excerpt":"Qarada\u011f rayonu polis \u0259m\u0259kda\u015flar\u0131 oktyabr\u0131n 10-da avtomobili il\u0259 birlikd\u0259 yoxa \u00e7\u0131xan 38 ya\u015fl\u0131 L\u00f6kbatan sakini Ramin S\u0259f\u0259rovu axtar\u0131r. ARANTV.AZ x\u0259b\u0259r verir ki, bu bar\u0259d\u0259 oxu.az-a Qarada\u011f Rayon Polis \u0130dar\u0259sind\u0259n m\u0259lumat daxil olub. M\u0259lumata g\u00f6r\u0259, noyabr\u0131n 9-u Ba\u015f D\u00f6vl\u0259t Yol Polisi \u0130dar\u0259sinin \u0259m\u0259kda\u015flar\u0131 Ekologiya postunda, R.S\u0259f\u0259rovun s\u0259rxo\u015f v\u0259ziyy\u0259td\u0259 idar\u0259 etdiyi &#8220;Mazda CX-9&#8221;\u00a0 90-NZ-881 d\u00f6vl\u0259t n\u00f6mr\u0259 ni\u015fanl\u0131&hellip;","_links":{"self":[{"href":"https:\/\/arantv.az\/index.php?rest_route=\/wp\/v2\/posts\/95305"}],"collection":[{"href":"https:\/\/arantv.az\/index.php?rest_route=\/wp\/v2\/posts"}],"about":[{"href":"https:\/\/arantv.az\/index.php?rest_route=\/wp\/v2\/types\/post"}],"author":[{"embeddable":true,"href":"https:\/\/arantv.az\/index.php?rest_route=\/wp\/v2\/users\/2"}],"replies":[{"embeddable":true,"href":"https:\/\/arantv.az\/index.php?rest_route=%2Fwp%2Fv2%2Fcomments&post=95305"}],"version-history":[{"count":0,"href":"https:\/\/arantv.az\/index.php?rest_route=\/wp\/v2\/posts\/95305\/revisions"}],"wp:featuredmedia":[{"embeddable":true,"href":"https:\/\/arantv.az\/index.php?rest_route=\/wp\/v2\/media\/95306"}],"wp:attachment":[{"href":"https:\/\/arantv.az\/index.php?rest_route=%2Fwp%2Fv2%2Fmedia&parent=95305"}],"wp:term":[{"taxonomy":"category","embeddable":true,"href":"https:\/\/arantv.az\/index.php?rest_route=%2Fwp%2Fv2%2Fcategories&post=95305"},{"taxonomy":"post_tag","embeddable":true,"href":"https:\/\/arantv.az\/index.php?rest_route=%2Fwp%2Fv2%2Ftags&post=95305"}],"curies":[{"name":"wp","href":"https:\/\/api.w.org\/{rel}","templated":true}]}}