{"id":95309,"date":"2019-11-12T13:31:17","date_gmt":"2019-11-12T10:31:17","guid":{"rendered":"http:\/\/arantv.az\/?p=95309"},"modified":"2019-11-12T13:31:17","modified_gmt":"2019-11-12T10:31:17","slug":"yasamalin-yeni-icra-bascisi-kimdir","status":"publish","type":"post","link":"https:\/\/arantv.az\/?p=95309","title":{"rendered":"Yasamal\u0131n yeni icra ba\u015f\u00e7\u0131s\u0131 kimdir?"},"content":{"rendered":"<p>X\u0259b\u0259r verdiyimiz kimi, Prezident \u0130lham \u018fliyev Yasamal rayonuna yeni icra ba\u015f\u00e7\u0131s\u0131 t\u0259yin edib.<\/p>\n<p><strong>ARANTV.AZ<\/strong> qafqazinfo-ya istinad\u0259n\u00a0x\u0259b\u0259r verir ki, yeni t\u0259yinat alan H\u0259s\u0259nov El\u015fad Eldar o\u011flu bu v\u0259zif\u0259y\u0259 q\u0259d\u0259r Milli M\u0259clisin V \u00e7a\u011f\u0131r\u0131\u015f deputat\u0131 kimi \u00e7al\u0131\u015f\u0131b.<\/p>\n<p>1976-c\u0131 il t\u0259v\u0259ll\u00fcdl\u00fc icra ba\u015f\u00e7\u0131s\u0131 G\u0259ncl\u0259r-idman, Elm v\u0259 t\u0259hsil komit\u0259sinin olub.<\/p>\n<p>Bak\u0131 D\u00f6vl\u0259t Universitetinin h\u00fcquq fak\u00fclt\u0259sini bitirdikd\u0259n sonra BDU-nun cinay\u0259t prosesi kafedras\u0131nda aspiranturaya q\u0259bul olub. Aspirantura pill\u0259sind\u0259n sonra is\u0259 namiz\u0259dlik dissertasiyas\u0131n\u0131 m\u00fcdafi\u0259 ed\u0259r\u0259k, h\u00fcquq elml\u0259ri namiz\u0259di ad\u0131 al\u0131b.<\/p>\n<div>\n<div id=\"AdviadNativeVideo0\" class=\"AdviadNativeVideo\"><\/div>\n<\/div>\n<p>Ail\u0259lidir, 2 \u00f6vlad\u0131 var. \u0130ngilis, rus dill\u0259rini bilir. Partiya m\u0259nsubiyy\u0259ti yoxdur.<\/p>\n","protected":false},"excerpt":{"rendered":"<p>X\u0259b\u0259r verdiyimiz kimi, Prezident \u0130lham \u018fliyev Yasamal rayonuna yeni icra ba\u015f\u00e7\u0131s\u0131 t\u0259yin edib. ARANTV.AZ qafqazinfo-ya istinad\u0259n\u00a0x\u0259b\u0259r verir ki, yeni t\u0259yinat alan H\u0259s\u0259nov El\u015fad Eldar o\u011flu bu v\u0259zif\u0259y\u0259 q\u0259d\u0259r Milli M\u0259clisin V \u00e7a\u011f\u0131r\u0131\u015f deputat\u0131 kimi \u00e7al\u0131\u015f\u0131b. 1976-c\u0131 il t\u0259v\u0259ll\u00fcdl\u00fc icra ba\u015f\u00e7\u0131s\u0131 G\u0259ncl\u0259r-idman, Elm v\u0259 t\u0259hsil komit\u0259sinin olub. Bak\u0131 D\u00f6vl\u0259t Universitetinin h\u00fcquq fak\u00fclt\u0259sini bitirdikd\u0259n sonra BDU-nun cinay\u0259t prosesi kafedras\u0131nda aspiranturaya q\u0259bul olub. Aspirantura pill\u0259sind\u0259n sonra is\u0259 namiz\u0259dlik dissertasiyas\u0131n\u0131 m\u00fcdafi\u0259 ed\u0259r\u0259k, h\u00fcquq elml\u0259ri namiz\u0259di ad\u0131 al\u0131b. Ail\u0259lidir, 2 \u00f6vlad\u0131 var. \u0130ngilis, rus dill\u0259rini bilir. Partiya m\u0259nsubiyy\u0259ti yoxdur.<\/p>\n","protected":false},"author":2,"featured_media":95310,"comment_status":"closed","ping_status":"closed","sticky":false,"template":"","format":"standard","meta":{"om_disable_all_campaigns":false,"_monsterinsights_skip_tracking":false,"_monsterinsights_sitenote_active":false,"_monsterinsights_sitenote_note":"","_monsterinsights_sitenote_category":0},"categories":[1],"tags":[],"aioseo_notices":[],"gutentor_comment":0,"rttpg_featured_image_url":{"full":["https:\/\/arantv.az\/wp-content\/uploads\/2019\/11\/801683.jpg",800,600,false],"landscape":["https:\/\/arantv.az\/wp-content\/uploads\/2019\/11\/801683.jpg",800,600,false],"portraits":["https:\/\/arantv.az\/wp-content\/uploads\/2019\/11\/801683.jpg",800,600,false],"thumbnail":["https:\/\/arantv.az\/wp-content\/uploads\/2019\/11\/801683-150x150.jpg",150,150,true],"medium":["https:\/\/arantv.az\/wp-content\/uploads\/2019\/11\/801683-300x225.jpg",300,225,true],"large":["https:\/\/arantv.az\/wp-content\/uploads\/2019\/11\/801683.jpg",640,480,false],"1536x1536":["https:\/\/arantv.az\/wp-content\/uploads\/2019\/11\/801683.jpg",800,600,false],"2048x2048":["https:\/\/arantv.az\/wp-content\/uploads\/2019\/11\/801683.jpg",800,600,false],"post-thumbnail":["https:\/\/arantv.az\/wp-content\/uploads\/2019\/11\/801683-240x172.jpg",240,172,true],"advps-thumb-one":["https:\/\/arantv.az\/wp-content\/uploads\/2019\/11\/801683.jpg",800,600,false]},"rttpg_author":{"display_name":"V\u00fcsal Rafiqo\u011flu","author_link":"https:\/\/arantv.az\/?author=2"},"rttpg_comment":0,"rttpg_category":"<a href=\"https:\/\/arantv.az\/?cat=1\" rel=\"category\">C\u0259miyy\u0259t<\/a>","rttpg_excerpt":"X\u0259b\u0259r verdiyimiz kimi, Prezident \u0130lham \u018fliyev Yasamal rayonuna yeni icra ba\u015f\u00e7\u0131s\u0131 t\u0259yin edib. ARANTV.AZ qafqazinfo-ya istinad\u0259n\u00a0x\u0259b\u0259r verir ki, yeni t\u0259yinat alan H\u0259s\u0259nov El\u015fad Eldar o\u011flu bu v\u0259zif\u0259y\u0259 q\u0259d\u0259r Milli M\u0259clisin V \u00e7a\u011f\u0131r\u0131\u015f deputat\u0131 kimi \u00e7al\u0131\u015f\u0131b. 1976-c\u0131 il t\u0259v\u0259ll\u00fcdl\u00fc icra ba\u015f\u00e7\u0131s\u0131 G\u0259ncl\u0259r-idman, Elm v\u0259 t\u0259hsil komit\u0259sinin olub. Bak\u0131 D\u00f6vl\u0259t Universitetinin h\u00fcquq fak\u00fclt\u0259sini bitirdikd\u0259n sonra BDU-nun cinay\u0259t&hellip;","_links":{"self":[{"href":"https:\/\/arantv.az\/index.php?rest_route=\/wp\/v2\/posts\/95309"}],"collection":[{"href":"https:\/\/arantv.az\/index.php?rest_route=\/wp\/v2\/posts"}],"about":[{"href":"https:\/\/arantv.az\/index.php?rest_route=\/wp\/v2\/types\/post"}],"author":[{"embeddable":true,"href":"https:\/\/arantv.az\/index.php?rest_route=\/wp\/v2\/users\/2"}],"replies":[{"embeddable":true,"href":"https:\/\/arantv.az\/index.php?rest_route=%2Fwp%2Fv2%2Fcomments&post=95309"}],"version-history":[{"count":0,"href":"https:\/\/arantv.az\/index.php?rest_route=\/wp\/v2\/posts\/95309\/revisions"}],"wp:featuredmedia":[{"embeddable":true,"href":"https:\/\/arantv.az\/index.php?rest_route=\/wp\/v2\/media\/95310"}],"wp:attachment":[{"href":"https:\/\/arantv.az\/index.php?rest_route=%2Fwp%2Fv2%2Fmedia&parent=95309"}],"wp:term":[{"taxonomy":"category","embeddable":true,"href":"https:\/\/arantv.az\/index.php?rest_route=%2Fwp%2Fv2%2Fcategories&post=95309"},{"taxonomy":"post_tag","embeddable":true,"href":"https:\/\/arantv.az\/index.php?rest_route=%2Fwp%2Fv2%2Ftags&post=95309"}],"curies":[{"name":"wp","href":"https:\/\/api.w.org\/{rel}","templated":true}]}}