{"id":95325,"date":"2019-11-12T13:41:53","date_gmt":"2019-11-12T10:41:53","guid":{"rendered":"http:\/\/arantv.az\/?p=95325"},"modified":"2019-11-12T13:41:53","modified_gmt":"2019-11-12T10:41:53","slug":"besqat-paralimpiya-cempionu-bakida","status":"publish","type":"post","link":"https:\/\/arantv.az\/?p=95325","title":{"rendered":"Be\u015fqat Paralimpiya \u00e7empionu Bak\u0131da"},"content":{"rendered":"<p>Belarus Paralimpiya Komit\u0259sinin prezidenti Oleq \u015eepel Bak\u0131da s\u0259f\u0259rd\u0259dir.<\/p>\n<p><b>ARANTV.AZ\u00a0<\/b> x\u0259b\u0259r verir ki, Belarusun idman r\u0259smisi Heyd\u0259r \u018fliyev Fondu v\u0259 Milli Paralimpiya Komit\u0259sinin birg\u0259 ke\u00e7irdiyi \u201cYenilm\u0259zl\u0259r\u201d adl\u0131 qala t\u0259qdimatda i\u015ftirak etm\u0259k \u00fc\u00e7\u00fcn Bak\u0131ya g\u0259lib.<\/p>\n<div id=\"AdviadNativeVideo0\" class=\"AdviadNativeVideo\"><\/div>\n<p>Qeyd ed\u0259k ki, Oleq \u015eepel atletika \u00fczr\u0259 be\u015fqat Paralimpiya \u00e7empionudur.<\/p>\n<p>Xat\u0131rladaq ki, sabah Bak\u0131da Heyd\u0259r \u018fliyev Fondu v\u0259 Milli Paralimpiya Komit\u0259sinin birg\u0259 t\u0259\u015fkilat\u00e7\u0131l\u0131\u011f\u0131 \u201cYenilm\u0259zl\u0259r\u201d adl\u0131 beyn\u0259lxalq qala t\u0259qdimat ke\u00e7iril\u0259c\u0259k.<\/p>\n<p>T\u0259dbirin ba\u015fl\u0131ca m\u0259qs\u0259di paralimpiya d\u0259y\u0259rl\u0259rini t\u0259bli\u011f etm\u0259kl\u0259 yana\u015f\u0131, \u00f6lk\u0259d\u0259 f\u0259aliyy\u0259t g\u00f6st\u0259r\u0259n \u00f6z\u0259l \u015firk\u0259tl\u0259rin Korporativ Sosial M\u0259suliyy\u0259t sah\u0259sind\u0259 stimulla\u015fd\u0131r\u0131lmas\u0131d\u0131r.Oxu.Az<\/p>\n","protected":false},"excerpt":{"rendered":"<p>Belarus Paralimpiya Komit\u0259sinin prezidenti Oleq \u015eepel Bak\u0131da s\u0259f\u0259rd\u0259dir. ARANTV.AZ\u00a0 x\u0259b\u0259r verir ki, Belarusun idman r\u0259smisi Heyd\u0259r \u018fliyev Fondu v\u0259 Milli Paralimpiya Komit\u0259sinin birg\u0259 ke\u00e7irdiyi \u201cYenilm\u0259zl\u0259r\u201d adl\u0131 qala t\u0259qdimatda i\u015ftirak etm\u0259k \u00fc\u00e7\u00fcn Bak\u0131ya g\u0259lib. Qeyd ed\u0259k ki, Oleq \u015eepel atletika \u00fczr\u0259 be\u015fqat Paralimpiya \u00e7empionudur. Xat\u0131rladaq ki, sabah Bak\u0131da Heyd\u0259r \u018fliyev Fondu v\u0259 Milli Paralimpiya Komit\u0259sinin birg\u0259 t\u0259\u015fkilat\u00e7\u0131l\u0131\u011f\u0131 \u201cYenilm\u0259zl\u0259r\u201d adl\u0131 beyn\u0259lxalq qala t\u0259qdimat ke\u00e7iril\u0259c\u0259k. T\u0259dbirin ba\u015fl\u0131ca m\u0259qs\u0259di paralimpiya d\u0259y\u0259rl\u0259rini t\u0259bli\u011f etm\u0259kl\u0259 yana\u015f\u0131, \u00f6lk\u0259d\u0259 f\u0259aliyy\u0259t g\u00f6st\u0259r\u0259n \u00f6z\u0259l \u015firk\u0259tl\u0259rin Korporativ Sosial M\u0259suliyy\u0259t sah\u0259sind\u0259 stimulla\u015fd\u0131r\u0131lmas\u0131d\u0131r.Oxu.Az<\/p>\n","protected":false},"author":2,"featured_media":95326,"comment_status":"closed","ping_status":"closed","sticky":false,"template":"","format":"standard","meta":{"om_disable_all_campaigns":false,"_monsterinsights_skip_tracking":false,"_monsterinsights_sitenote_active":false,"_monsterinsights_sitenote_note":"","_monsterinsights_sitenote_category":0},"categories":[6],"tags":[],"aioseo_notices":[],"gutentor_comment":0,"rttpg_featured_image_url":{"full":["https:\/\/arantv.az\/wp-content\/uploads\/2019\/11\/20180131074124.jpg",620,414,false],"landscape":["https:\/\/arantv.az\/wp-content\/uploads\/2019\/11\/20180131074124.jpg",620,414,false],"portraits":["https:\/\/arantv.az\/wp-content\/uploads\/2019\/11\/20180131074124.jpg",620,414,false],"thumbnail":["https:\/\/arantv.az\/wp-content\/uploads\/2019\/11\/20180131074124-150x150.jpg",150,150,true],"medium":["https:\/\/arantv.az\/wp-content\/uploads\/2019\/11\/20180131074124-300x200.jpg",300,200,true],"large":["https:\/\/arantv.az\/wp-content\/uploads\/2019\/11\/20180131074124.jpg",620,414,false],"1536x1536":["https:\/\/arantv.az\/wp-content\/uploads\/2019\/11\/20180131074124.jpg",620,414,false],"2048x2048":["https:\/\/arantv.az\/wp-content\/uploads\/2019\/11\/20180131074124.jpg",620,414,false],"post-thumbnail":["https:\/\/arantv.az\/wp-content\/uploads\/2019\/11\/20180131074124-240x172.jpg",240,172,true],"advps-thumb-one":["https:\/\/arantv.az\/wp-content\/uploads\/2019\/11\/20180131074124.jpg",620,414,false]},"rttpg_author":{"display_name":"V\u00fcsal Rafiqo\u011flu","author_link":"https:\/\/arantv.az\/?author=2"},"rttpg_comment":0,"rttpg_category":"<a href=\"https:\/\/arantv.az\/?cat=6\" rel=\"category\">\u0130dman<\/a>","rttpg_excerpt":"Belarus Paralimpiya Komit\u0259sinin prezidenti Oleq \u015eepel Bak\u0131da s\u0259f\u0259rd\u0259dir. ARANTV.AZ\u00a0 x\u0259b\u0259r verir ki, Belarusun idman r\u0259smisi Heyd\u0259r \u018fliyev Fondu v\u0259 Milli Paralimpiya Komit\u0259sinin birg\u0259 ke\u00e7irdiyi \u201cYenilm\u0259zl\u0259r\u201d adl\u0131 qala t\u0259qdimatda i\u015ftirak etm\u0259k \u00fc\u00e7\u00fcn Bak\u0131ya g\u0259lib. Qeyd ed\u0259k ki, Oleq \u015eepel atletika \u00fczr\u0259 be\u015fqat Paralimpiya \u00e7empionudur. Xat\u0131rladaq ki, sabah Bak\u0131da Heyd\u0259r \u018fliyev Fondu v\u0259 Milli Paralimpiya Komit\u0259sinin birg\u0259&hellip;","_links":{"self":[{"href":"https:\/\/arantv.az\/index.php?rest_route=\/wp\/v2\/posts\/95325"}],"collection":[{"href":"https:\/\/arantv.az\/index.php?rest_route=\/wp\/v2\/posts"}],"about":[{"href":"https:\/\/arantv.az\/index.php?rest_route=\/wp\/v2\/types\/post"}],"author":[{"embeddable":true,"href":"https:\/\/arantv.az\/index.php?rest_route=\/wp\/v2\/users\/2"}],"replies":[{"embeddable":true,"href":"https:\/\/arantv.az\/index.php?rest_route=%2Fwp%2Fv2%2Fcomments&post=95325"}],"version-history":[{"count":0,"href":"https:\/\/arantv.az\/index.php?rest_route=\/wp\/v2\/posts\/95325\/revisions"}],"wp:featuredmedia":[{"embeddable":true,"href":"https:\/\/arantv.az\/index.php?rest_route=\/wp\/v2\/media\/95326"}],"wp:attachment":[{"href":"https:\/\/arantv.az\/index.php?rest_route=%2Fwp%2Fv2%2Fmedia&parent=95325"}],"wp:term":[{"taxonomy":"category","embeddable":true,"href":"https:\/\/arantv.az\/index.php?rest_route=%2Fwp%2Fv2%2Fcategories&post=95325"},{"taxonomy":"post_tag","embeddable":true,"href":"https:\/\/arantv.az\/index.php?rest_route=%2Fwp%2Fv2%2Ftags&post=95325"}],"curies":[{"name":"wp","href":"https:\/\/api.w.org\/{rel}","templated":true}]}}