{"id":95343,"date":"2019-11-12T14:04:03","date_gmt":"2019-11-12T11:04:03","guid":{"rendered":"http:\/\/arantv.az\/?p=95343"},"modified":"2019-11-12T14:04:03","modified_gmt":"2019-11-12T11:04:03","slug":"noyabrin-14-15-d%c9%99-dunya-dini-liderl%c9%99rinin-ii-baki-sammiti-keciril%c9%99c%c9%99k","status":"publish","type":"post","link":"https:\/\/arantv.az\/?p=95343","title":{"rendered":"Noyabr\u0131n 14-15-d\u0259 d\u00fcnya dini liderl\u0259rinin II Bak\u0131 Sammiti ke\u00e7iril\u0259c\u0259k"},"content":{"rendered":"<p><strong>Az\u0259rbaycan Respublikas\u0131n\u0131n paytaxt\u0131 Bak\u0131 \u015f\u0259h\u0259rind\u0259 14-15 noyabr 2019-cu il tarixl\u0259rind\u0259 m\u00fcxt\u0259lif dini konfessiya v\u0259 t\u0259riq\u0259t liderl\u0259rinin, m\u00fcxt\u0259lif \u00f6lk\u0259l\u0259rin siyasi, ictimai, elm v\u0259 din xadiml\u0259rinin v\u0259 beyn\u0259lxalq t\u0259\u015fkilatlar\u0131n n\u00fcmay\u0259nd\u0259l\u0259rinin i\u015ftirak\u0131 il\u0259 D\u00fcnya dini liderl\u0259rinin II Bak\u0131 Sammiti ke\u00e7iril\u0259c\u0259k.<\/strong><\/p>\n<p><strong>ARANTV.AZ\u00a0\u00a0<\/strong><a href=\"https:\/\/az.trend.az\/\" target=\"_blank\" rel=\"noopener\">Trend<\/a>-\u0259 istinad\u0259n x\u0259b\u0259r verir ki, Az\u0259rbaycan Respublikas\u0131 Prezidenti c\u0259nab \u0130lham \u018fliyevin &#8220;D\u00fcnya dini liderl\u0259rinin II Bak\u0131 Sammiti&#8221;nin v\u0259 Qafqaz M\u00fcs\u0259lmanlar\u0131 \u0130dar\u0259sinin s\u0259dri \u015eeyx\u00fclislam A.Pa\u015fazad\u0259nin anadan olmas\u0131n\u0131n 70, \u015eeyx\u00fclislaml\u0131q f\u0259aliyy\u0259tinin 40 illik yubiley t\u0259dbirl\u0259rinin ke\u00e7irilm\u0259si bar\u0259d\u0259 q\u0259rarlar\u0131ndan ir\u0259li g\u0259l\u0259n Sammitd\u0259 d\u00fcnyan\u0131n 5 qit\u0259sind\u0259n 70-d\u0259n art\u0131q d\u00f6vl\u0259tin, 25 \u0259n\u0259n\u0259vi din v\u0259 dini t\u0259riq\u0259tin lider v\u0259 t\u0259msil\u00e7il\u0259ri, h\u0259m\u00e7inin 10-d\u0259k n\u00fcfuzlu beyn\u0259lxalq t\u0259\u015fkilat\u0131n 500-\u0259 yax\u0131n y\u00fcks\u0259k s\u0259viyy\u0259li n\u00fcmay\u0259nd\u0259si, o c\u00fcml\u0259d\u0259n, Rusiya Federasiyas\u0131 subyektl\u0259rinin ba\u015f\u00e7\u0131lar\u0131 v\u0259 dini r\u0259hb\u0259rl\u0259ri i\u015ftirak ed\u0259c\u0259k.<\/p>\n<p>Az\u0259rbaycan d\u00f6vl\u0259tinin qlobal m\u00fcst\u0259vid\u0259 dinl\u0259raras\u0131 dialoqun inki\u015faf\u0131na, qar\u015f\u0131l\u0131ql\u0131 anla\u015fma v\u0259 insani h\u0259mr\u0259ylik kimi b\u0259\u015f\u0259ri d\u0259y\u0259rl\u0259rin t\u0259\u015fviqi v\u0259 t\u0259kam\u00fcl\u00fcn\u0259 \u00f6z t\u00f6hf\u0259sini verm\u0259k m\u0259ram\u0131 il\u0259 evsahibliyi etdiyi D\u00fcnya dini liderl\u0259rinin sayca ikinci Bak\u0131 Sammiti Az\u0259rbaycan D\u00f6vl\u0259t ba\u015f\u00e7\u0131s\u0131n\u0131n t\u0259\u015f\u0259bb\u00fcs\u00fc il\u0259 ba\u015flanan v\u0259 h\u0259yata ke\u00e7iril\u0259n &#8220;Bak\u0131 prosesi&#8221;, Multikulturalizm v\u0259 \u0130slam h\u0259mr\u0259yliyi illl\u0259ri \u00e7\u0259r\u00e7iv\u0259sind\u0259 t\u0259\u015fkil olunmu\u015f beyn\u0259lxalq t\u0259dbirl\u0259rin, o c\u00fcml\u0259d\u0259n &#8220;D\u00fcnya dini liderl\u0259rinin I Bak\u0131 Sammiti&#8221;nin, habel\u0259, &#8220;Bak\u0131 Beyn\u0259lxalq dinl\u0259raras\u0131 v\u0259 sivilizasiyalararas\u0131 \u0259m\u0259kda\u015fl\u0131q M\u0259rk\u0259zi&#8221;nin m\u00fcxt\u0259lif m\u0259d\u0259niyy\u0259tl\u0259r v\u0259 dinl\u0259r aras\u0131nda \u0259laq\u0259l\u0259rinin geni\u015fl\u0259nm\u0259sin\u0259, qar\u015f\u0131l\u0131ql\u0131 etimad m\u00fchitinin yarad\u0131lmas\u0131 i\u015fin\u0259 t\u00f6hf\u0259l\u0259rinin m\u0259ntiqi davam v\u0259 inki\u015faf\u0131d\u0131r.<\/p>\n<p>Sammitd\u0259 &#8220;Multikulturalizm, tolerantl\u0131q v\u0259 dinl\u0259raras\u0131 h\u0259mr\u0259yliyin t\u0259\u015fviqind\u0259 Az\u0259rbaycan d\u00f6vl\u0259tinin n\u00fcmun\u0259vi rolu&#8221;, &#8220;\u015eeyx\u00fclislam A.Pa\u015fazad\u0259nin dini r\u0259hb\u0259r v\u0259 ictimai xadim kimi sivilizasiyalararas\u0131 v\u0259 dinl\u0259raras\u0131 \u0259m\u0259kda\u015fl\u0131\u011f\u0131n inki\u015faf\u0131na t\u00f6hf\u0259si&#8221;, &#8220;Dini liderl\u0259r terrorizm, t\u0259cav\u00fczkarl\u0131q, ksenofobiya, islamofobiya, antisemitizm v\u0259 xristianofibiya \u0259leyhin\u0259&#8221;, &#8220;Qad\u0131n v\u0259 u\u015faq haqlar\u0131n\u0131n qorunmas\u0131, g\u0259ncl\u0259rin maarifl\u0259ndirilm\u0259sind\u0259 dini liderl\u0259rin, d\u00f6vl\u0259t, elm v\u0259 ictimai xadiml\u0259rin birg\u0259 f\u0259aliyy\u0259tinin \u0259h\u0259miyy\u0259ti&#8221; m\u00f6vzular\u0131 \u0259traf\u0131nda m\u00fczakir\u0259l\u0259r apar\u0131lacaq.<\/p>\n<p>Sammitin yekunlar\u0131na dair Bak\u0131 B\u0259yannam\u0259sinin q\u0259bulu n\u0259z\u0259rd\u0259 tutulur.<\/p>\n","protected":false},"excerpt":{"rendered":"<p>Az\u0259rbaycan Respublikas\u0131n\u0131n paytaxt\u0131 Bak\u0131 \u015f\u0259h\u0259rind\u0259 14-15 noyabr 2019-cu il tarixl\u0259rind\u0259 m\u00fcxt\u0259lif dini konfessiya v\u0259 t\u0259riq\u0259t liderl\u0259rinin, m\u00fcxt\u0259lif \u00f6lk\u0259l\u0259rin siyasi, ictimai, elm v\u0259 din xadiml\u0259rinin v\u0259 beyn\u0259lxalq t\u0259\u015fkilatlar\u0131n n\u00fcmay\u0259nd\u0259l\u0259rinin i\u015ftirak\u0131 il\u0259 D\u00fcnya dini liderl\u0259rinin II Bak\u0131 Sammiti ke\u00e7iril\u0259c\u0259k. ARANTV.AZ\u00a0\u00a0Trend-\u0259 istinad\u0259n x\u0259b\u0259r verir ki, Az\u0259rbaycan Respublikas\u0131 Prezidenti c\u0259nab \u0130lham \u018fliyevin &#8220;D\u00fcnya dini liderl\u0259rinin II Bak\u0131 Sammiti&#8221;nin v\u0259 Qafqaz M\u00fcs\u0259lmanlar\u0131 \u0130dar\u0259sinin s\u0259dri \u015eeyx\u00fclislam A.Pa\u015fazad\u0259nin anadan olmas\u0131n\u0131n 70, \u015eeyx\u00fclislaml\u0131q f\u0259aliyy\u0259tinin 40 illik yubiley t\u0259dbirl\u0259rinin ke\u00e7irilm\u0259si bar\u0259d\u0259 q\u0259rarlar\u0131ndan ir\u0259li g\u0259l\u0259n Sammitd\u0259 d\u00fcnyan\u0131n 5 qit\u0259sind\u0259n 70-d\u0259n art\u0131q d\u00f6vl\u0259tin, 25 \u0259n\u0259n\u0259vi din v\u0259 dini t\u0259riq\u0259tin lider v\u0259&hellip;<\/p>\n","protected":false},"author":2,"featured_media":95344,"comment_status":"closed","ping_status":"closed","sticky":false,"template":"","format":"standard","meta":{"om_disable_all_campaigns":false,"_monsterinsights_skip_tracking":false,"_monsterinsights_sitenote_active":false,"_monsterinsights_sitenote_note":"","_monsterinsights_sitenote_category":0},"categories":[4],"tags":[],"aioseo_notices":[],"gutentor_comment":0,"rttpg_featured_image_url":{"full":["https:\/\/arantv.az\/wp-content\/uploads\/2019\/11\/801691.jpg",800,600,false],"landscape":["https:\/\/arantv.az\/wp-content\/uploads\/2019\/11\/801691.jpg",800,600,false],"portraits":["https:\/\/arantv.az\/wp-content\/uploads\/2019\/11\/801691.jpg",800,600,false],"thumbnail":["https:\/\/arantv.az\/wp-content\/uploads\/2019\/11\/801691-150x150.jpg",150,150,true],"medium":["https:\/\/arantv.az\/wp-content\/uploads\/2019\/11\/801691-300x225.jpg",300,225,true],"large":["https:\/\/arantv.az\/wp-content\/uploads\/2019\/11\/801691.jpg",640,480,false],"1536x1536":["https:\/\/arantv.az\/wp-content\/uploads\/2019\/11\/801691.jpg",800,600,false],"2048x2048":["https:\/\/arantv.az\/wp-content\/uploads\/2019\/11\/801691.jpg",800,600,false],"post-thumbnail":["https:\/\/arantv.az\/wp-content\/uploads\/2019\/11\/801691-240x172.jpg",240,172,true],"advps-thumb-one":["https:\/\/arantv.az\/wp-content\/uploads\/2019\/11\/801691.jpg",800,600,false]},"rttpg_author":{"display_name":"V\u00fcsal Rafiqo\u011flu","author_link":"https:\/\/arantv.az\/?author=2"},"rttpg_comment":0,"rttpg_category":"<a href=\"https:\/\/arantv.az\/?cat=4\" rel=\"category\">Siyas\u0259t<\/a>","rttpg_excerpt":"Az\u0259rbaycan Respublikas\u0131n\u0131n paytaxt\u0131 Bak\u0131 \u015f\u0259h\u0259rind\u0259 14-15 noyabr 2019-cu il tarixl\u0259rind\u0259 m\u00fcxt\u0259lif dini konfessiya v\u0259 t\u0259riq\u0259t liderl\u0259rinin, m\u00fcxt\u0259lif \u00f6lk\u0259l\u0259rin siyasi, ictimai, elm v\u0259 din xadiml\u0259rinin v\u0259 beyn\u0259lxalq t\u0259\u015fkilatlar\u0131n n\u00fcmay\u0259nd\u0259l\u0259rinin i\u015ftirak\u0131 il\u0259 D\u00fcnya dini liderl\u0259rinin II Bak\u0131 Sammiti ke\u00e7iril\u0259c\u0259k. ARANTV.AZ\u00a0\u00a0Trend-\u0259 istinad\u0259n x\u0259b\u0259r verir ki, Az\u0259rbaycan Respublikas\u0131 Prezidenti c\u0259nab \u0130lham \u018fliyevin &#8220;D\u00fcnya dini liderl\u0259rinin II Bak\u0131 Sammiti&#8221;nin v\u0259&hellip;","_links":{"self":[{"href":"https:\/\/arantv.az\/index.php?rest_route=\/wp\/v2\/posts\/95343"}],"collection":[{"href":"https:\/\/arantv.az\/index.php?rest_route=\/wp\/v2\/posts"}],"about":[{"href":"https:\/\/arantv.az\/index.php?rest_route=\/wp\/v2\/types\/post"}],"author":[{"embeddable":true,"href":"https:\/\/arantv.az\/index.php?rest_route=\/wp\/v2\/users\/2"}],"replies":[{"embeddable":true,"href":"https:\/\/arantv.az\/index.php?rest_route=%2Fwp%2Fv2%2Fcomments&post=95343"}],"version-history":[{"count":0,"href":"https:\/\/arantv.az\/index.php?rest_route=\/wp\/v2\/posts\/95343\/revisions"}],"wp:featuredmedia":[{"embeddable":true,"href":"https:\/\/arantv.az\/index.php?rest_route=\/wp\/v2\/media\/95344"}],"wp:attachment":[{"href":"https:\/\/arantv.az\/index.php?rest_route=%2Fwp%2Fv2%2Fmedia&parent=95343"}],"wp:term":[{"taxonomy":"category","embeddable":true,"href":"https:\/\/arantv.az\/index.php?rest_route=%2Fwp%2Fv2%2Fcategories&post=95343"},{"taxonomy":"post_tag","embeddable":true,"href":"https:\/\/arantv.az\/index.php?rest_route=%2Fwp%2Fv2%2Ftags&post=95343"}],"curies":[{"name":"wp","href":"https:\/\/api.w.org\/{rel}","templated":true}]}}