{"id":95347,"date":"2019-11-12T14:05:24","date_gmt":"2019-11-12T11:05:24","guid":{"rendered":"http:\/\/arantv.az\/?p=95347"},"modified":"2019-11-12T14:05:24","modified_gmt":"2019-11-12T11:05:24","slug":"yeni-icra-bascisi-agd%c9%99r%c9%99d%c9%99-gull%c9%99-yarasi-alib","status":"publish","type":"post","link":"https:\/\/arantv.az\/?p=95347","title":{"rendered":"Yeni icra ba\u015f\u00e7\u0131s\u0131 A\u011fd\u0259r\u0259d\u0259 g\u00fcll\u0259 yaras\u0131 al\u0131b&#8230;"},"content":{"rendered":"<p><strong>X\u0259b\u0259r verdiyimiz kimi, Prezident \u0130lham \u018fliyev X\u0259tai rayonuna yeni icra ba\u015f\u00e7\u0131s\u0131 t\u0259yin edib.\u00a0<\/strong><\/p>\n<p><strong>ARANTV.AZ<\/strong>\u00a0 qafqazinfo-ya istinad\u0259n\u00a0x\u0259b\u0259r verir ki, bu v\u0259zif\u0259y\u0259 t\u0259yinat alan Quliyev Rafiq \u00c7\u0259p\u0259rxan o\u011flu bundan \u0259vv\u0259l X\u0259tai Rayon \u0130cra Hakimiyy\u0259ti Ba\u015f\u00e7\u0131s\u0131n\u0131n 1-ci m\u00fcavini v\u0259zif\u0259sind\u0259 \u00e7al\u0131\u015f\u0131b.<\/p>\n<p>O, 1974-c\u00fc ild\u0259 Erm\u0259nistan Respublikas\u0131, Sisiyan rayonu, \u018fr\u0259vs\u0259 k\u0259ndind\u0259 anadan olub. 1992-1993-c\u00fc ill\u0259rd\u0259 Milli Orduda xidm\u0259t edib. A\u011fd\u0259r\u0259 u\u011frunda ged\u0259n d\u00f6y\u00fc\u015fl\u0259rd\u0259 g\u00fcll\u0259 yaras\u0131 al\u0131b, m\u00fcharib\u0259 veteran\u0131d\u0131r.<\/p>\n<p>Az\u0259rbaycan D\u00f6vl\u0259t Neft Akademiyas\u0131nda m\u00fch\u0259ndis iqtisadiyyat\u0131 ixtisas\u0131 \u00fczr\u0259 t\u0259hsil al\u0131b, D\u00f6vl\u0259t \u0130dar\u0259\u00e7ilik Akademiyas\u0131n\u0131n &#8220;D\u00f6vl\u0259t v\u0259 B\u0259l\u0259diyy\u0259 \u0130dar\u0259etm\u0259&#8221; ixtisas\u0131 \u00fczr\u0259 kursu f\u0259rql\u0259nm\u0259 diplomu il\u0259 bitirib.<\/p>\n<p>M\u00fcxt\u0259lif ill\u0259rd\u0259 X\u0259tai Rayon \u0130cra Hakimiyy\u0259tind\u0259 \u00dcmumi \u015f\u00f6b\u0259d\u0259 m\u00fcf\u0259tti\u015f, m\u00fcf\u0259tti\u015f-inspektor, h\u0259min \u015f\u00f6b\u0259nin m\u00fcdiri v\u0259zif\u0259l\u0259rind\u0259 \u00e7al\u0131\u015f\u0131b. 2012-2013-c\u00fc ill\u0259rd\u0259 ba\u015f\u00e7\u0131n\u0131n m\u00fcavini, 2013-c\u00fc il dekabr\u0131ndan is\u0259 ba\u015f\u00e7\u0131n\u0131n 1-ci m\u00fcavini kimi i\u015fl\u0259yib.<\/p>\n<p>Yeni Az\u0259rbaycan Partiyas\u0131n\u0131n \u00fczv\u00fcd\u00fcr. Ail\u0259lidir, 2 \u00f6vlad\u0131 var.<\/p>\n<p>Xat\u0131rladaq ki, X\u0259tai rayonunun ke\u00e7mi\u015f icra ba\u015f\u00e7\u0131s\u0131 Razim M\u0259mm\u0259dov 2018-ci ilin dekabr\u0131n 13-d\u0259 prezident \u0130lham \u018fliyevin s\u0259r\u0259ncam\u0131 \u0259sas\u0131nda v\u0259zif\u0259sind\u0259n azad edilmi\u015fdi. 11 ay idi ki, icra ba\u015f\u00e7\u0131s\u0131 v\u0259zif\u0259sini m\u00fcv\u0259qq\u0259ti olaraq el\u0259 Rafiq Quluyev icra edirdi.<\/p>\n","protected":false},"excerpt":{"rendered":"<p>X\u0259b\u0259r verdiyimiz kimi, Prezident \u0130lham \u018fliyev X\u0259tai rayonuna yeni icra ba\u015f\u00e7\u0131s\u0131 t\u0259yin edib.\u00a0 ARANTV.AZ\u00a0 qafqazinfo-ya istinad\u0259n\u00a0x\u0259b\u0259r verir ki, bu v\u0259zif\u0259y\u0259 t\u0259yinat alan Quliyev Rafiq \u00c7\u0259p\u0259rxan o\u011flu bundan \u0259vv\u0259l X\u0259tai Rayon \u0130cra Hakimiyy\u0259ti Ba\u015f\u00e7\u0131s\u0131n\u0131n 1-ci m\u00fcavini v\u0259zif\u0259sind\u0259 \u00e7al\u0131\u015f\u0131b. O, 1974-c\u00fc ild\u0259 Erm\u0259nistan Respublikas\u0131, Sisiyan rayonu, \u018fr\u0259vs\u0259 k\u0259ndind\u0259 anadan olub. 1992-1993-c\u00fc ill\u0259rd\u0259 Milli Orduda xidm\u0259t edib. A\u011fd\u0259r\u0259 u\u011frunda ged\u0259n d\u00f6y\u00fc\u015fl\u0259rd\u0259 g\u00fcll\u0259 yaras\u0131 al\u0131b, m\u00fcharib\u0259 veteran\u0131d\u0131r. Az\u0259rbaycan D\u00f6vl\u0259t Neft Akademiyas\u0131nda m\u00fch\u0259ndis iqtisadiyyat\u0131 ixtisas\u0131 \u00fczr\u0259 t\u0259hsil al\u0131b, D\u00f6vl\u0259t \u0130dar\u0259\u00e7ilik Akademiyas\u0131n\u0131n &#8220;D\u00f6vl\u0259t v\u0259 B\u0259l\u0259diyy\u0259 \u0130dar\u0259etm\u0259&#8221; ixtisas\u0131 \u00fczr\u0259 kursu f\u0259rql\u0259nm\u0259 diplomu il\u0259 bitirib. M\u00fcxt\u0259lif ill\u0259rd\u0259 X\u0259tai&hellip;<\/p>\n","protected":false},"author":2,"featured_media":95348,"comment_status":"closed","ping_status":"closed","sticky":false,"template":"","format":"standard","meta":{"om_disable_all_campaigns":false,"_monsterinsights_skip_tracking":false,"_monsterinsights_sitenote_active":false,"_monsterinsights_sitenote_note":"","_monsterinsights_sitenote_category":0},"categories":[1],"tags":[],"aioseo_notices":[],"gutentor_comment":0,"rttpg_featured_image_url":{"full":["https:\/\/arantv.az\/wp-content\/uploads\/2019\/11\/801700.jpg",800,600,false],"landscape":["https:\/\/arantv.az\/wp-content\/uploads\/2019\/11\/801700.jpg",800,600,false],"portraits":["https:\/\/arantv.az\/wp-content\/uploads\/2019\/11\/801700.jpg",800,600,false],"thumbnail":["https:\/\/arantv.az\/wp-content\/uploads\/2019\/11\/801700-150x150.jpg",150,150,true],"medium":["https:\/\/arantv.az\/wp-content\/uploads\/2019\/11\/801700-300x225.jpg",300,225,true],"large":["https:\/\/arantv.az\/wp-content\/uploads\/2019\/11\/801700.jpg",640,480,false],"1536x1536":["https:\/\/arantv.az\/wp-content\/uploads\/2019\/11\/801700.jpg",800,600,false],"2048x2048":["https:\/\/arantv.az\/wp-content\/uploads\/2019\/11\/801700.jpg",800,600,false],"post-thumbnail":["https:\/\/arantv.az\/wp-content\/uploads\/2019\/11\/801700-240x172.jpg",240,172,true],"advps-thumb-one":["https:\/\/arantv.az\/wp-content\/uploads\/2019\/11\/801700.jpg",800,600,false]},"rttpg_author":{"display_name":"V\u00fcsal Rafiqo\u011flu","author_link":"https:\/\/arantv.az\/?author=2"},"rttpg_comment":0,"rttpg_category":"<a href=\"https:\/\/arantv.az\/?cat=1\" rel=\"category\">C\u0259miyy\u0259t<\/a>","rttpg_excerpt":"X\u0259b\u0259r verdiyimiz kimi, Prezident \u0130lham \u018fliyev X\u0259tai rayonuna yeni icra ba\u015f\u00e7\u0131s\u0131 t\u0259yin edib.\u00a0 ARANTV.AZ\u00a0 qafqazinfo-ya istinad\u0259n\u00a0x\u0259b\u0259r verir ki, bu v\u0259zif\u0259y\u0259 t\u0259yinat alan Quliyev Rafiq \u00c7\u0259p\u0259rxan o\u011flu bundan \u0259vv\u0259l X\u0259tai Rayon \u0130cra Hakimiyy\u0259ti Ba\u015f\u00e7\u0131s\u0131n\u0131n 1-ci m\u00fcavini v\u0259zif\u0259sind\u0259 \u00e7al\u0131\u015f\u0131b. O, 1974-c\u00fc ild\u0259 Erm\u0259nistan Respublikas\u0131, Sisiyan rayonu, \u018fr\u0259vs\u0259 k\u0259ndind\u0259 anadan olub. 1992-1993-c\u00fc ill\u0259rd\u0259 Milli Orduda xidm\u0259t edib. A\u011fd\u0259r\u0259&hellip;","_links":{"self":[{"href":"https:\/\/arantv.az\/index.php?rest_route=\/wp\/v2\/posts\/95347"}],"collection":[{"href":"https:\/\/arantv.az\/index.php?rest_route=\/wp\/v2\/posts"}],"about":[{"href":"https:\/\/arantv.az\/index.php?rest_route=\/wp\/v2\/types\/post"}],"author":[{"embeddable":true,"href":"https:\/\/arantv.az\/index.php?rest_route=\/wp\/v2\/users\/2"}],"replies":[{"embeddable":true,"href":"https:\/\/arantv.az\/index.php?rest_route=%2Fwp%2Fv2%2Fcomments&post=95347"}],"version-history":[{"count":0,"href":"https:\/\/arantv.az\/index.php?rest_route=\/wp\/v2\/posts\/95347\/revisions"}],"wp:featuredmedia":[{"embeddable":true,"href":"https:\/\/arantv.az\/index.php?rest_route=\/wp\/v2\/media\/95348"}],"wp:attachment":[{"href":"https:\/\/arantv.az\/index.php?rest_route=%2Fwp%2Fv2%2Fmedia&parent=95347"}],"wp:term":[{"taxonomy":"category","embeddable":true,"href":"https:\/\/arantv.az\/index.php?rest_route=%2Fwp%2Fv2%2Fcategories&post=95347"},{"taxonomy":"post_tag","embeddable":true,"href":"https:\/\/arantv.az\/index.php?rest_route=%2Fwp%2Fv2%2Ftags&post=95347"}],"curies":[{"name":"wp","href":"https:\/\/api.w.org\/{rel}","templated":true}]}}