{"id":95371,"date":"2019-11-12T14:23:45","date_gmt":"2019-11-12T11:23:45","guid":{"rendered":"http:\/\/arantv.az\/?p=95371"},"modified":"2019-11-12T14:23:45","modified_gmt":"2019-11-12T11:23:45","slug":"mill%c9%99t-v%c9%99kili-xarici-olk%c9%99l%c9%99rd%c9%99-az%c9%99rbaycana-m%c9%99xsus-%c9%99lyazmalari-olk%c9%99y%c9%99-g%c9%99tirm%c9%99liyik","status":"publish","type":"post","link":"https:\/\/arantv.az\/?p=95371","title":{"rendered":"Mill\u0259t v\u0259kili: &#8220;Xarici \u00f6lk\u0259l\u0259rd\u0259 Az\u0259rbaycana m\u0259xsus \u0259lyazmalar\u0131 \u00f6lk\u0259y\u0259 g\u0259tirm\u0259liyik&#8221;"},"content":{"rendered":"<blockquote><p><em><strong>\u00dcr\u0259k a\u011fr\u0131s\u0131 il\u0259 qeyd etm\u0259liyik ki, \u0259srl\u0259r boyu xalq\u0131m\u0131z\u0131n milli m\u00fcst\u0259qilliyi olmad\u0131\u011f\u0131na g\u00f6r\u0259, m\u0259n\u0259vi s\u0259rv\u0259tl\u0259r, \u0259lyazmalar talan\u0131b, dig\u0259r \u00f6lk\u0259l\u0259r\u0259 apar\u0131l\u0131b. Misal olaraq, F\u00fczulinin &#8220;\u018fr\u0259b divan\u0131&#8221; uzun onillikl\u0259r \u0259rzind\u0259 m\u00fct\u0259x\u0259ssisl\u0259r t\u0259r\u0259find\u0259n axtar\u0131lsa da, son n\u0259tic\u0259d\u0259 Sankt-Peterburqda yerl\u0259\u015f\u0259n kitabxanadan tap\u0131ld\u0131.<\/strong><\/em><\/p><\/blockquote>\n<p><strong>ARANTV.AZ\u00a0<\/strong>\u00a0<a href=\"https:\/\/az.trend.az\/\" target=\"_blank\" rel=\"noopener\">Trend<\/a>-\u0259 istinad\u0259n x\u0259b\u0259r verir ki, bunu Milli M\u0259clisin deputat\u0131 G\u00f6vh\u0259r Bax\u015f\u0259liyeva parlamentin bu g\u00fcn ke\u00e7iril\u0259n plenar iclas\u0131nda deyib.<\/p>\n<p>O bildirib ki, i\u015f\u011fal\u00e7\u0131lar\u0131n istilas\u0131 n\u0259tic\u0259sind\u0259 \u0259lyazmalar k\u00fctl\u0259vi \u015f\u0259kild\u0259 ba\u015fqa \u00f6lk\u0259l\u0259r\u0259 apar\u0131l\u0131b: &#8220;Xarici \u00f6lk\u0259l\u0259rd\u0259 Az\u0259rbaycana m\u0259xsus \u0259lyazmalar var. D\u00fc\u015f\u00fcn\u00fcr\u0259m ki, bu i\u015fl\u0259 m\u0259qs\u0259dy\u00f6nl\u00fc \u015f\u0259kild\u0259 m\u0259\u015f\u011ful olmal\u0131, d\u00fcnya kitabxanalar\u0131nda m\u00f6vcud olan \u0259lyazmalar\u0131 \u00f6lk\u0259miz\u0259 g\u0259tirm\u0259liyik&#8221;.<\/p>\n","protected":false},"excerpt":{"rendered":"<p>\u00dcr\u0259k a\u011fr\u0131s\u0131 il\u0259 qeyd etm\u0259liyik ki, \u0259srl\u0259r boyu xalq\u0131m\u0131z\u0131n milli m\u00fcst\u0259qilliyi olmad\u0131\u011f\u0131na g\u00f6r\u0259, m\u0259n\u0259vi s\u0259rv\u0259tl\u0259r, \u0259lyazmalar talan\u0131b, dig\u0259r \u00f6lk\u0259l\u0259r\u0259 apar\u0131l\u0131b. Misal olaraq, F\u00fczulinin &#8220;\u018fr\u0259b divan\u0131&#8221; uzun onillikl\u0259r \u0259rzind\u0259 m\u00fct\u0259x\u0259ssisl\u0259r t\u0259r\u0259find\u0259n axtar\u0131lsa da, son n\u0259tic\u0259d\u0259 Sankt-Peterburqda yerl\u0259\u015f\u0259n kitabxanadan tap\u0131ld\u0131. ARANTV.AZ\u00a0\u00a0Trend-\u0259 istinad\u0259n x\u0259b\u0259r verir ki, bunu Milli M\u0259clisin deputat\u0131 G\u00f6vh\u0259r Bax\u015f\u0259liyeva parlamentin bu g\u00fcn ke\u00e7iril\u0259n plenar iclas\u0131nda deyib. O bildirib ki, i\u015f\u011fal\u00e7\u0131lar\u0131n istilas\u0131 n\u0259tic\u0259sind\u0259 \u0259lyazmalar k\u00fctl\u0259vi \u015f\u0259kild\u0259 ba\u015fqa \u00f6lk\u0259l\u0259r\u0259 apar\u0131l\u0131b: &#8220;Xarici \u00f6lk\u0259l\u0259rd\u0259 Az\u0259rbaycana m\u0259xsus \u0259lyazmalar var. D\u00fc\u015f\u00fcn\u00fcr\u0259m ki, bu i\u015fl\u0259 m\u0259qs\u0259dy\u00f6nl\u00fc \u015f\u0259kild\u0259 m\u0259\u015f\u011ful olmal\u0131, d\u00fcnya kitabxanalar\u0131nda m\u00f6vcud olan \u0259lyazmalar\u0131 \u00f6lk\u0259miz\u0259 g\u0259tirm\u0259liyik&#8221;.<\/p>\n","protected":false},"author":2,"featured_media":95372,"comment_status":"closed","ping_status":"closed","sticky":false,"template":"","format":"standard","meta":{"om_disable_all_campaigns":false,"_monsterinsights_skip_tracking":false,"_monsterinsights_sitenote_active":false,"_monsterinsights_sitenote_note":"","_monsterinsights_sitenote_category":0},"categories":[1],"tags":[],"aioseo_notices":[],"gutentor_comment":0,"rttpg_featured_image_url":{"full":["https:\/\/arantv.az\/wp-content\/uploads\/2019\/11\/801697.jpg",800,600,false],"landscape":["https:\/\/arantv.az\/wp-content\/uploads\/2019\/11\/801697.jpg",800,600,false],"portraits":["https:\/\/arantv.az\/wp-content\/uploads\/2019\/11\/801697.jpg",800,600,false],"thumbnail":["https:\/\/arantv.az\/wp-content\/uploads\/2019\/11\/801697-150x150.jpg",150,150,true],"medium":["https:\/\/arantv.az\/wp-content\/uploads\/2019\/11\/801697-300x225.jpg",300,225,true],"large":["https:\/\/arantv.az\/wp-content\/uploads\/2019\/11\/801697.jpg",640,480,false],"1536x1536":["https:\/\/arantv.az\/wp-content\/uploads\/2019\/11\/801697.jpg",800,600,false],"2048x2048":["https:\/\/arantv.az\/wp-content\/uploads\/2019\/11\/801697.jpg",800,600,false],"post-thumbnail":["https:\/\/arantv.az\/wp-content\/uploads\/2019\/11\/801697-240x172.jpg",240,172,true],"advps-thumb-one":["https:\/\/arantv.az\/wp-content\/uploads\/2019\/11\/801697.jpg",800,600,false]},"rttpg_author":{"display_name":"V\u00fcsal Rafiqo\u011flu","author_link":"https:\/\/arantv.az\/?author=2"},"rttpg_comment":0,"rttpg_category":"<a href=\"https:\/\/arantv.az\/?cat=1\" rel=\"category\">C\u0259miyy\u0259t<\/a>","rttpg_excerpt":"\u00dcr\u0259k a\u011fr\u0131s\u0131 il\u0259 qeyd etm\u0259liyik ki, \u0259srl\u0259r boyu xalq\u0131m\u0131z\u0131n milli m\u00fcst\u0259qilliyi olmad\u0131\u011f\u0131na g\u00f6r\u0259, m\u0259n\u0259vi s\u0259rv\u0259tl\u0259r, \u0259lyazmalar talan\u0131b, dig\u0259r \u00f6lk\u0259l\u0259r\u0259 apar\u0131l\u0131b. Misal olaraq, F\u00fczulinin &#8220;\u018fr\u0259b divan\u0131&#8221; uzun onillikl\u0259r \u0259rzind\u0259 m\u00fct\u0259x\u0259ssisl\u0259r t\u0259r\u0259find\u0259n axtar\u0131lsa da, son n\u0259tic\u0259d\u0259 Sankt-Peterburqda yerl\u0259\u015f\u0259n kitabxanadan tap\u0131ld\u0131. ARANTV.AZ\u00a0\u00a0Trend-\u0259 istinad\u0259n x\u0259b\u0259r verir ki, bunu Milli M\u0259clisin deputat\u0131 G\u00f6vh\u0259r Bax\u015f\u0259liyeva parlamentin bu g\u00fcn ke\u00e7iril\u0259n plenar iclas\u0131nda&hellip;","_links":{"self":[{"href":"https:\/\/arantv.az\/index.php?rest_route=\/wp\/v2\/posts\/95371"}],"collection":[{"href":"https:\/\/arantv.az\/index.php?rest_route=\/wp\/v2\/posts"}],"about":[{"href":"https:\/\/arantv.az\/index.php?rest_route=\/wp\/v2\/types\/post"}],"author":[{"embeddable":true,"href":"https:\/\/arantv.az\/index.php?rest_route=\/wp\/v2\/users\/2"}],"replies":[{"embeddable":true,"href":"https:\/\/arantv.az\/index.php?rest_route=%2Fwp%2Fv2%2Fcomments&post=95371"}],"version-history":[{"count":0,"href":"https:\/\/arantv.az\/index.php?rest_route=\/wp\/v2\/posts\/95371\/revisions"}],"wp:featuredmedia":[{"embeddable":true,"href":"https:\/\/arantv.az\/index.php?rest_route=\/wp\/v2\/media\/95372"}],"wp:attachment":[{"href":"https:\/\/arantv.az\/index.php?rest_route=%2Fwp%2Fv2%2Fmedia&parent=95371"}],"wp:term":[{"taxonomy":"category","embeddable":true,"href":"https:\/\/arantv.az\/index.php?rest_route=%2Fwp%2Fv2%2Fcategories&post=95371"},{"taxonomy":"post_tag","embeddable":true,"href":"https:\/\/arantv.az\/index.php?rest_route=%2Fwp%2Fv2%2Ftags&post=95371"}],"curies":[{"name":"wp","href":"https:\/\/api.w.org\/{rel}","templated":true}]}}