{"id":95375,"date":"2019-11-12T14:24:47","date_gmt":"2019-11-12T11:24:47","guid":{"rendered":"http:\/\/arantv.az\/?p=95375"},"modified":"2019-11-12T14:24:47","modified_gmt":"2019-11-12T11:24:47","slug":"turkiy%c9%99-prezidentinin-musaviri-erm%c9%99nistan-isgal-olunmus-az%c9%99rbaycan-torpaqlarini-qeyd-s%c9%99rtsiz-qaytarmalidir","status":"publish","type":"post","link":"https:\/\/arantv.az\/?p=95375","title":{"rendered":"T\u00fcrkiy\u0259 Prezidentinin m\u00fc\u015faviri: &#8220;Erm\u0259nistan i\u015f\u011fal olunmu\u015f Az\u0259rbaycan torpaqlar\u0131n\u0131 qeyd-\u015f\u0259rtsiz qaytarmal\u0131d\u0131r&#8221;"},"content":{"rendered":"<blockquote><p><em><strong>Erm\u0259nistan i\u015f\u011fal olunmu\u015f Az\u0259rbaycan torpaqlar\u0131n\u0131 qeyd-\u015f\u0259rtsiz qaytarmal\u0131d\u0131r.<\/strong><\/em><\/p><\/blockquote>\n<p><strong>ARANTV.AZ<\/strong>\u00a0\u00a0<a href=\"https:\/\/az.trend.az\/\" target=\"_blank\" rel=\"noopener\">Trend<\/a>-\u0259 istinad\u0259n x\u0259b\u0259r verir ki, bunu T\u00fcrkiy\u0259 Prezidentinin m\u00fc\u015faviri Yal\u00e7\u0131n Top\u00e7u deyib.<\/p>\n<p>O bildirib ki, d\u00fcnya ictimaiyy\u0259ti Az\u0259rbaycan\u0131 d\u0259st\u0259kl\u0259m\u0259lidir, \u00e7\u00fcnki m\u0259hz Az\u0259rbaycan\u0131n \u0259razil\u0259ri i\u015f\u011fal alt\u0131ndad\u0131r:<\/p>\n<p>&#8220;T\u00fcrkiy\u0259 \u0259vv\u0259ll\u0259r oldu\u011fu kimi Az\u0259rbaycan\u0131 b\u00fct\u00fcn sah\u0259l\u0259rd\u0259, o c\u00fcml\u0259d\u0259n Da\u011fl\u0131q Qaraba\u011f m\u00fcnaqi\u015f\u0259sinin nizamlanmas\u0131 m\u0259s\u0259l\u0259sind\u0259 d\u0259st\u0259kl\u0259y\u0259c\u0259k&#8221;.<\/p>\n<p>1988-ci ild\u0259 Erm\u0259nistan Az\u0259rbaycana qar\u015f\u0131 \u0259razi iddialar\u0131na ba\u015flad\u0131. Bir m\u00fcdd\u0259t sonra is\u0259 Erm\u0259nistan t\u0259r\u0259find\u0259n Az\u0259rbaycan \u0259razil\u0259rin\u0259 h\u0259rbi t\u0259cav\u00fcz ba\u015fland\u0131. Da\u011fl\u0131q Qaraba\u011f v\u0259 \u0259traf 7 rayon &#8211; Az\u0259rbaycan \u0259razisinin 20 faizi &#8211; Erm\u0259nistan silahl\u0131 q\u00fcvv\u0259l\u0259ri t\u0259r\u0259find\u0259n i\u015f\u011fal olundu. Bu i\u015f\u011fal fakt\u0131 h\u0259l\u0259 d\u0259 davam edir.<\/p>\n<p>1994-c\u00fc ilin may\u0131nda t\u0259r\u0259fl\u0259r at\u0259\u015fk\u0259s rejimin\u0259 nail olublar. O d\u00f6vrd\u0259n bu g\u00fcn\u0259 kimi AT\u018fT-in Minsk qrupunun himay\u0259sind\u0259 &#8211; Rusiya, Fransa v\u0259 AB\u015e-\u0131n h\u0259ms\u0259drliyi il\u0259 n\u0259tic\u0259siz s\u00fclh dan\u0131\u015f\u0131qlar\u0131 davam edir. \u0130\u015f\u011fal olunmu\u015f Da\u011fl\u0131q Qaraba\u011f v\u0259 \u0259traf rayonlar\u0131n azad edilm\u0259si haqq\u0131nda BMT T\u0259hl\u00fck\u0259sizlik \u015euras\u0131n\u0131n q\u0259bul etdiyi d\u00f6rd q\u0259tnam\u0259 is\u0259 Erm\u0259nistan t\u0259r\u0259find\u0259n bu g\u00fcn\u0259d\u0259k icra olunmay\u0131b.<\/p>\n","protected":false},"excerpt":{"rendered":"<p>Erm\u0259nistan i\u015f\u011fal olunmu\u015f Az\u0259rbaycan torpaqlar\u0131n\u0131 qeyd-\u015f\u0259rtsiz qaytarmal\u0131d\u0131r. ARANTV.AZ\u00a0\u00a0Trend-\u0259 istinad\u0259n x\u0259b\u0259r verir ki, bunu T\u00fcrkiy\u0259 Prezidentinin m\u00fc\u015faviri Yal\u00e7\u0131n Top\u00e7u deyib. O bildirib ki, d\u00fcnya ictimaiyy\u0259ti Az\u0259rbaycan\u0131 d\u0259st\u0259kl\u0259m\u0259lidir, \u00e7\u00fcnki m\u0259hz Az\u0259rbaycan\u0131n \u0259razil\u0259ri i\u015f\u011fal alt\u0131ndad\u0131r: &#8220;T\u00fcrkiy\u0259 \u0259vv\u0259ll\u0259r oldu\u011fu kimi Az\u0259rbaycan\u0131 b\u00fct\u00fcn sah\u0259l\u0259rd\u0259, o c\u00fcml\u0259d\u0259n Da\u011fl\u0131q Qaraba\u011f m\u00fcnaqi\u015f\u0259sinin nizamlanmas\u0131 m\u0259s\u0259l\u0259sind\u0259 d\u0259st\u0259kl\u0259y\u0259c\u0259k&#8221;. 1988-ci ild\u0259 Erm\u0259nistan Az\u0259rbaycana qar\u015f\u0131 \u0259razi iddialar\u0131na ba\u015flad\u0131. Bir m\u00fcdd\u0259t sonra is\u0259 Erm\u0259nistan t\u0259r\u0259find\u0259n Az\u0259rbaycan \u0259razil\u0259rin\u0259 h\u0259rbi t\u0259cav\u00fcz ba\u015fland\u0131. Da\u011fl\u0131q Qaraba\u011f v\u0259 \u0259traf 7 rayon &#8211; Az\u0259rbaycan \u0259razisinin 20 faizi &#8211; Erm\u0259nistan silahl\u0131 q\u00fcvv\u0259l\u0259ri t\u0259r\u0259find\u0259n i\u015f\u011fal olundu. Bu i\u015f\u011fal fakt\u0131 h\u0259l\u0259 d\u0259 davam&hellip;<\/p>\n","protected":false},"author":2,"featured_media":95376,"comment_status":"closed","ping_status":"closed","sticky":false,"template":"","format":"standard","meta":{"om_disable_all_campaigns":false,"_monsterinsights_skip_tracking":false,"_monsterinsights_sitenote_active":false,"_monsterinsights_sitenote_note":"","_monsterinsights_sitenote_category":0},"categories":[4],"tags":[],"aioseo_notices":[],"gutentor_comment":0,"rttpg_featured_image_url":{"full":["https:\/\/arantv.az\/wp-content\/uploads\/2019\/11\/801701.jpg",800,600,false],"landscape":["https:\/\/arantv.az\/wp-content\/uploads\/2019\/11\/801701.jpg",800,600,false],"portraits":["https:\/\/arantv.az\/wp-content\/uploads\/2019\/11\/801701.jpg",800,600,false],"thumbnail":["https:\/\/arantv.az\/wp-content\/uploads\/2019\/11\/801701-150x150.jpg",150,150,true],"medium":["https:\/\/arantv.az\/wp-content\/uploads\/2019\/11\/801701-300x225.jpg",300,225,true],"large":["https:\/\/arantv.az\/wp-content\/uploads\/2019\/11\/801701.jpg",640,480,false],"1536x1536":["https:\/\/arantv.az\/wp-content\/uploads\/2019\/11\/801701.jpg",800,600,false],"2048x2048":["https:\/\/arantv.az\/wp-content\/uploads\/2019\/11\/801701.jpg",800,600,false],"post-thumbnail":["https:\/\/arantv.az\/wp-content\/uploads\/2019\/11\/801701-240x172.jpg",240,172,true],"advps-thumb-one":["https:\/\/arantv.az\/wp-content\/uploads\/2019\/11\/801701.jpg",800,600,false]},"rttpg_author":{"display_name":"V\u00fcsal Rafiqo\u011flu","author_link":"https:\/\/arantv.az\/?author=2"},"rttpg_comment":0,"rttpg_category":"<a href=\"https:\/\/arantv.az\/?cat=4\" rel=\"category\">Siyas\u0259t<\/a>","rttpg_excerpt":"Erm\u0259nistan i\u015f\u011fal olunmu\u015f Az\u0259rbaycan torpaqlar\u0131n\u0131 qeyd-\u015f\u0259rtsiz qaytarmal\u0131d\u0131r. ARANTV.AZ\u00a0\u00a0Trend-\u0259 istinad\u0259n x\u0259b\u0259r verir ki, bunu T\u00fcrkiy\u0259 Prezidentinin m\u00fc\u015faviri Yal\u00e7\u0131n Top\u00e7u deyib. O bildirib ki, d\u00fcnya ictimaiyy\u0259ti Az\u0259rbaycan\u0131 d\u0259st\u0259kl\u0259m\u0259lidir, \u00e7\u00fcnki m\u0259hz Az\u0259rbaycan\u0131n \u0259razil\u0259ri i\u015f\u011fal alt\u0131ndad\u0131r: &#8220;T\u00fcrkiy\u0259 \u0259vv\u0259ll\u0259r oldu\u011fu kimi Az\u0259rbaycan\u0131 b\u00fct\u00fcn sah\u0259l\u0259rd\u0259, o c\u00fcml\u0259d\u0259n Da\u011fl\u0131q Qaraba\u011f m\u00fcnaqi\u015f\u0259sinin nizamlanmas\u0131 m\u0259s\u0259l\u0259sind\u0259 d\u0259st\u0259kl\u0259y\u0259c\u0259k&#8221;. 1988-ci ild\u0259 Erm\u0259nistan Az\u0259rbaycana qar\u015f\u0131 \u0259razi iddialar\u0131na ba\u015flad\u0131.&hellip;","_links":{"self":[{"href":"https:\/\/arantv.az\/index.php?rest_route=\/wp\/v2\/posts\/95375"}],"collection":[{"href":"https:\/\/arantv.az\/index.php?rest_route=\/wp\/v2\/posts"}],"about":[{"href":"https:\/\/arantv.az\/index.php?rest_route=\/wp\/v2\/types\/post"}],"author":[{"embeddable":true,"href":"https:\/\/arantv.az\/index.php?rest_route=\/wp\/v2\/users\/2"}],"replies":[{"embeddable":true,"href":"https:\/\/arantv.az\/index.php?rest_route=%2Fwp%2Fv2%2Fcomments&post=95375"}],"version-history":[{"count":0,"href":"https:\/\/arantv.az\/index.php?rest_route=\/wp\/v2\/posts\/95375\/revisions"}],"wp:featuredmedia":[{"embeddable":true,"href":"https:\/\/arantv.az\/index.php?rest_route=\/wp\/v2\/media\/95376"}],"wp:attachment":[{"href":"https:\/\/arantv.az\/index.php?rest_route=%2Fwp%2Fv2%2Fmedia&parent=95375"}],"wp:term":[{"taxonomy":"category","embeddable":true,"href":"https:\/\/arantv.az\/index.php?rest_route=%2Fwp%2Fv2%2Fcategories&post=95375"},{"taxonomy":"post_tag","embeddable":true,"href":"https:\/\/arantv.az\/index.php?rest_route=%2Fwp%2Fv2%2Ftags&post=95375"}],"curies":[{"name":"wp","href":"https:\/\/api.w.org\/{rel}","templated":true}]}}